{"id":11935,"date":"2025-08-10T11:06:40","date_gmt":"2025-08-10T11:06:40","guid":{"rendered":"https:\/\/www.affinite.fr\/index.php\/2025\/08\/10\/tarte-aux-abricots-sans-gluten-ni-lactose-legere-en-sucre\/"},"modified":"2025-08-10T11:06:40","modified_gmt":"2025-08-10T11:06:40","slug":"tarte-aux-abricots-sans-gluten-ni-lactose-legere-en-sucre","status":"publish","type":"post","link":"https:\/\/www.affinite.fr\/index.php\/2025\/08\/10\/tarte-aux-abricots-sans-gluten-ni-lactose-legere-en-sucre\/","title":{"rendered":"Tarte aux abricots sans gluten ni lactose l\u00e9g\u00e8re en sucre"},"content":{"rendered":"<p> [ad_1]<br \/>\n<\/p>\n<div>\n\t\t\t\t\t<!-- FeedbackWP Plugin - Results Widget --><\/p>\n<p itemprop=\"description\">Quand les beaux jours arrivent, les march\u00e9s se parent de couleurs et de parfums sucr\u00e9s. L\u2019un des fruits les plus attendus de la saison estivale, c\u2019est bien l\u2019abricot. Juteux, l\u00e9g\u00e8rement acidul\u00e9, il se pr\u00eate \u00e0 merveille \u00e0 toutes sortes de pr\u00e9parations, aussi bien sal\u00e9es que sucr\u00e9es. Mais c\u2019est en p\u00e2tisserie qu\u2019il exprime toute sa g\u00e9n\u00e9rosit\u00e9. <strong>Et quoi de plus gourmand qu\u2019une belle tarte aux abricots maison ?<\/strong> Si vous pensiez devoir faire une croix sur ce plaisir simple \u00e0 cause d\u2019intol\u00e9rances ou de choix alimentaires sans gluten ni lactose, bonne nouvelle : cette version est faite pour vous.<\/p>\n<p>Cette tarte aux abricots revisite les bases de la p\u00e2tisserie traditionnelle avec des ingr\u00e9dients plus digestes, plus naturels, mais tout aussi savoureux. La p\u00e2te est r\u00e9alis\u00e9e avec un m\u00e9lange de farine de riz et de poudre d\u2019amande, sans trace de bl\u00e9 ni de beurre. <strong>Elle reste croustillante \u00e0 souhait apr\u00e8s cuisson, et ne s\u2019effrite pas.<\/strong> L\u2019appareil est compos\u00e9 d\u2019\u0153ufs et de cr\u00e8me v\u00e9g\u00e9tale, pour un flan l\u00e9ger et fondant, qui enrobe les abricots et leur permet de bien caram\u00e9liser.<\/p>\n<p>C\u00f4t\u00e9 pr\u00e9paration, rien de compliqu\u00e9 : pas besoin d\u2019avoir un robot p\u00e2tissier ni d\u2019\u00eatre expert en p\u00e2te sabl\u00e9e. Quelques \u00e9tapes simples suffisent, et la cuisson au four r\u00e9v\u00e8le les ar\u00f4mes subtils des fruits, <strong>sans ajout de sucre excessif<\/strong>. Le r\u00e9sultat ? Une tarte aux abricots visuellement app\u00e9tissante, d\u00e9licieusement parfum\u00e9e, et digeste m\u00eame pour les estomacs sensibles.<\/p>\n<p>Elle se d\u00e9guste ti\u00e8de, \u00e0 temp\u00e9rature ambiante, ou m\u00eame froide le lendemain si vous parvenez \u00e0 en garder une part ! <strong>C\u2019est le dessert id\u00e9al pour un pique-nique, un go\u00fbter d\u2019\u00e9t\u00e9, ou en fin de repas accompagn\u00e9 d\u2019un <a href=\"https:\/\/cuisine-saine.fr\/recette-sans-gluten\/the-glace\/\">th\u00e9 glac\u00e9<\/a>.<\/strong> En plus, elle peut se d\u00e9cliner selon la saison avec d\u2019autres fruits \u00e0 chair tendre comme les prunes, les p\u00eaches ou les figues. Mais en attendant, place \u00e0 la star de l\u2019\u00e9t\u00e9 : l\u2019abricot, sublim\u00e9 dans une tarte aux abricots sans gluten ni lactose qui fera l\u2019unanimit\u00e9 autour de la table.&#13;\n<\/p>\n<h2>Tarte aux abricots sans gluten ni lactose<\/h2>\n<ul class=\"typerect\" itemprop=\"recipeCuisine\">&#13;<\/p>\n<li class=\"ssgluten\">&#13;\n    <link itemprop=\"suitableForDiet\" href=\"https:\/\/schema.org\/GlutenFreeDiet\"\/>&#13;<br \/>\n    <span>Recette sans gluten<\/span>&#13;\n  <\/li>\n<p>&#13;<\/p>\n<li class=\"sslait\">&#13;\n    <link itemprop=\"suitableForDiet\" href=\"https:\/\/schema.org\/LowLactoseDiet\"\/>&#13;<br \/>\n    <span>Recette sans lactose<\/span>&#13;\n  <\/li>\n<p>&#13;<\/p>\n<li class=\"vege\">&#13;\n    <link itemprop=\"suitableForDiet\" href=\"https:\/\/schema.org\/VegetarianDiet\"\/>&#13;<br \/>\n    <span>Recette v\u00e9g\u00e9tarienne<\/span>&#13;\n  <\/li>\n<p>&#13;\n<\/ul>\n<div id=\"attachment_118048\" style=\"width: 1034px\" class=\"wp-caption alignnone\"><img loading=\"lazy\" decoding=\"async\" aria-describedby=\"caption-attachment-118048\" alt=\"Tarte aux abricots sans gluten ni lactose\" width=\"1024\" height=\"1024\" itemprop=\"image\" src=\"https:\/\/cuisine-saine.fr\/wp-content\/uploads\/2025\/08\/tarte-abricot-sans-gluten.jpg\"\/><noscript><img loading=\"lazy\" decoding=\"async\" aria-describedby=\"caption-attachment-118048\" src=\"https:\/\/cuisine-saine.fr\/wp-content\/uploads\/2025\/08\/tarte-abricot-sans-gluten.jpg\" alt=\"Tarte aux abricots sans gluten ni lactose\" width=\"1024\" height=\"1024\" itemprop=\"image\"\/><\/noscript><\/p>\n<p id=\"caption-attachment-118048\" class=\"wp-caption-text\">Tarte aux abricots sans gluten ni lactose<\/p>\n<\/div>\n<div class=\"intro\">\n<p itemprop=\"recipeCategory\">Dessert<\/p>\n<p class=\"temps\">&#13;<br \/>\n  <strong class=\"yield\" itemprop=\"recipeYield\">Pour 6 \u00e0 8 parts<\/strong><br \/>&#13;<br \/>\n  <strong>Temps de pr\u00e9paration<\/strong> : <time datetime=\"PT15M\" itemprop=\"prepTime\">15 min<\/time><br \/>&#13;<br \/>\n  <strong>Temps de cuisson<\/strong> : <time datetime=\"PT35M\" itemprop=\"cookTime\">35 min<\/time><br \/>&#13;\n<\/p>\n<\/div>\n<div class=\"ingredient\">\n<h3 class=\"listetitre\">Ingr\u00e9dients<\/h3>\n<ul class=\"listeingredient\">&#13;<\/p>\n<li class=\"ingredient\" itemprop=\"recipeIngredient\">200 g de farine de riz complet<\/li>\n<p>&#13;<\/p>\n<li class=\"ingredient\" itemprop=\"recipeIngredient\">50 g de poudre d\u2019amande<\/li>\n<p>&#13;<\/p>\n<li class=\"ingredient\" itemprop=\"recipeIngredient\">2 c. \u00e0 soupe de sucre de canne blond<\/li>\n<p>&#13;<\/p>\n<li class=\"ingredient\" itemprop=\"recipeIngredient\">30 g de graines de lin moulues<\/li>\n<p>&#13;<\/p>\n<li class=\"ingredient\" itemprop=\"recipeIngredient\">80 g d\u2019huile de coco fondue<\/li>\n<p>&#13;<\/p>\n<li class=\"ingredient\" itemprop=\"recipeIngredient\">50 ml d\u2019eau ti\u00e8de<\/li>\n<p>&#13;<\/p>\n<li class=\"ingredient\" itemprop=\"recipeIngredient\">6 \u00e0 8 abricots bien m\u00fbrs<\/li>\n<p>&#13;<\/p>\n<li class=\"ingredient\" itemprop=\"recipeIngredient\">2 \u0153ufs<\/li>\n<p>&#13;<\/p>\n<li class=\"ingredient\" itemprop=\"recipeIngredient\">100 ml de <a href=\"https:\/\/cuisine-saine.fr\/recette-sans-lait\/amande-cuisine-creme-amande-maison\/\">cr\u00e8me v\u00e9g\u00e9tale (amande<\/a> ou coco)<\/li>\n<p>&#13;<\/p>\n<li class=\"ingredient\" itemprop=\"recipeIngredient\">3 c. \u00e0 soupe de sirop d\u2019\u00e9rable<\/li>\n<p>&#13;\n<\/ul>\n<\/div>\n<ol class=\"recette\" itemprop=\"recipeInstructions\">&#13;<\/p>\n<li itemprop=\"step\">M\u00e9langez la farine, la poudre d\u2019amande, le sucre et les graines de lin moulues. Ajoutez l\u2019huile de coco et l\u2019eau, puis formez une boule de p\u00e2te.<\/li>\n<p>&#13;<\/p>\n<li itemprop=\"step\">\u00c9talez la p\u00e2te dans un moule \u00e0 tarte huil\u00e9 ou entre deux feuilles de papier cuisson.<\/li>\n<p>&#13;<\/p>\n<li itemprop=\"step\">Lavez, d\u00e9noyautez et coupez les abricots en deux. Disposez-les harmonieusement sur le fond de tarte.<\/li>\n<p>&#13;<\/p>\n<li itemprop=\"step\">Dans un bol, fouettez les \u0153ufs avec la cr\u00e8me v\u00e9g\u00e9tale et le sirop d\u2019\u00e9rable. Versez cet appareil sur les abricots.<\/li>\n<p>&#13;<\/p>\n<li itemprop=\"step\">Enfournez \u00e0 180\u202f\u00b0C (th. 6) pendant 35 minutes. Laissez ti\u00e9dir avant de d\u00e9mouler.<\/li>\n<p>&#13;\n<\/ol>\n<h3 class=\"conseil\">Le conseil de Karen<\/h3>\n<div class=\"conkar\">\n<p>Choisissez des abricots l\u00e9g\u00e8rement fermes pour qu\u2019ils tiennent bien \u00e0 la cuisson. Si vos abricots sont tr\u00e8s acides, saupoudrez-les d\u2019un peu de sucre complet avant cuisson.<\/p>\n<\/div>\n<h3 class=\"astuces\">Astuces de la recette<\/h3>\n<div class=\"conkar\">\n<p>Vous pouvez remplacer la cr\u00e8me v\u00e9g\u00e9tale par du yaourt v\u00e9g\u00e9tal bien \u00e9pais pour une texture plus rustique. Cette tarte se conserve 3 jours au frais et peut se d\u00e9guster froide ou \u00e0 temp\u00e9rature ambiante.<\/p>\n<\/div>\n<div itemscope=\"\" itemtype=\"https:\/\/schema.org\/FAQPage\">\n<h2>FAQ \u2013 Tarte aux abricots sans gluten ni lactose<\/h2>\n<div itemscope=\"\" itemprop=\"mainEntity\" itemtype=\"https:\/\/schema.org\/Question\">\n<h3 itemprop=\"name\">Puis-je remplacer les abricots par un autre fruit ?<\/h3>\n<div itemscope=\"\" itemprop=\"acceptedAnswer\" itemtype=\"https:\/\/schema.org\/Answer\">\n<p itemprop=\"text\">Oui, cette tarte peut \u00eatre r\u00e9alis\u00e9e avec des p\u00eaches, des prunes ou m\u00eame des pommes si vous souhaitez une version automnale. Adaptez simplement le temps de cuisson en fonction du fruit choisi.<\/p>\n<\/p><\/div>\n<\/p><\/div>\n<div itemscope=\"\" itemprop=\"mainEntity\" itemtype=\"https:\/\/schema.org\/Question\">\n<h3 itemprop=\"name\">La recette contient-elle du lactose cach\u00e9 ?<\/h3>\n<div itemscope=\"\" itemprop=\"acceptedAnswer\" itemtype=\"https:\/\/schema.org\/Answer\">\n<p itemprop=\"text\">Non, la recette ne contient aucun ingr\u00e9dient laitier : ni beurre, ni cr\u00e8me d\u2019origine animale. La cr\u00e8me v\u00e9g\u00e9tale utilis\u00e9e peut \u00eatre \u00e0 base d\u2019amande, de riz ou de coco, selon votre pr\u00e9f\u00e9rence.<\/p>\n<\/p><\/div>\n<\/p><\/div>\n<div itemscope=\"\" itemprop=\"mainEntity\" itemtype=\"https:\/\/schema.org\/Question\">\n<h3 itemprop=\"name\">Puis-je pr\u00e9parer cette tarte \u00e0 l\u2019avance ?<\/h3>\n<div itemscope=\"\" itemprop=\"acceptedAnswer\" itemtype=\"https:\/\/schema.org\/Answer\">\n<p itemprop=\"text\">Oui, elle se conserve tr\u00e8s bien au r\u00e9frig\u00e9rateur pendant 3 jours dans une bo\u00eete herm\u00e9tique. Pensez \u00e0 la sortir 30 minutes avant d\u00e9gustation pour qu\u2019elle retrouve toute sa saveur.<\/p>\n<\/p><\/div>\n<\/p><\/div>\n<\/div>\n<table class=\"table-nutrition\" itemscope=\"\" itemtype=\"https:\/\/schema.org\/NutritionInformation\">&#13;<\/p>\n<h2>Valeurs nutritionnelles moyennes (pour 1 part de tarte aux abricots sans gluten ni lactose)<\/h2>\n<p>&#13;<\/p>\n<tr>&#13;<\/p>\n<th>\u00c9nergie<\/th>\n<p>&#13;<\/p>\n<td itemprop=\"calories\">180 kcal<\/td>\n<p>&#13;<br \/>\n  <\/tr>\n<p>&#13;<\/p>\n<tr>&#13;<\/p>\n<th>Mati\u00e8res grasses<\/th>\n<p>&#13;<\/p>\n<td itemprop=\"fatContent\">10 g<\/td>\n<p>&#13;<br \/>\n  <\/tr>\n<p>&#13;<\/p>\n<tr>&#13;<\/p>\n<th>Dont acides gras satur\u00e9s<\/th>\n<p>&#13;<\/p>\n<td itemprop=\"saturatedFatContent\">4 g<\/td>\n<p>&#13;<br \/>\n  <\/tr>\n<p>&#13;<\/p>\n<tr>&#13;<\/p>\n<th>Glucides<\/th>\n<p>&#13;<\/p>\n<td itemprop=\"carbohydrateContent\">18 g<\/td>\n<p>&#13;<br \/>\n  <\/tr>\n<p>&#13;<\/p>\n<tr>&#13;<\/p>\n<th>Dont sucres<\/th>\n<p>&#13;<\/p>\n<td itemprop=\"sugarContent\">7 g<\/td>\n<p>&#13;<br \/>\n  <\/tr>\n<p>&#13;<\/p>\n<tr>&#13;<\/p>\n<th>Fibres<\/th>\n<p>&#13;<\/p>\n<td>2 g<\/td>\n<p>&#13;<br \/>\n  <\/tr>\n<p>&#13;<\/p>\n<tr>&#13;<\/p>\n<th>Prot\u00e9ines<\/th>\n<p>&#13;<\/p>\n<td itemprop=\"proteinContent\">3 g<\/td>\n<p>&#13;<br \/>\n  <\/tr>\n<p>&#13;<\/p>\n<tr>&#13;<\/p>\n<th>Sel<\/th>\n<p>&#13;<\/p>\n<td itemprop=\"sodiumContent\">0,05 g<\/td>\n<p>&#13;<br \/>\n  <\/tr>\n<p>&#13;<br \/>\n<\/table>\n<p><!-- FeedbackWP Plugin --><span class=\"et_bloom_bottom_trigger\"\/>\t\t\t\t\t<\/div>\n<p>[ad_2]<br \/>\n<br \/><a href=\"https:\/\/cuisine-saine.fr\/recette-sans-gluten-ni-lait\/tarte-aux-abricots\/\">Source link <\/a><\/p>\n","protected":false},"excerpt":{"rendered":"<p>[ad_1] Quand les beaux jours arrivent, les march\u00e9s se parent de couleurs et de parfums sucr\u00e9s. L\u2019un des fruits les &hellip; <a href=\"https:\/\/www.affinite.fr\/index.php\/2025\/08\/10\/tarte-aux-abricots-sans-gluten-ni-lactose-legere-en-sucre\/\" class=\"more-link\">Plus <span class=\"screen-reader-text\">Tarte aux abricots sans gluten ni lactose l\u00e9g\u00e8re en sucre<\/span> <span class=\"meta-nav\">&rarr;<\/span><\/a><\/p>\n","protected":false},"author":1,"featured_media":11936,"comment_status":"","ping_status":"open","sticky":false,"template":"","format":"standard","meta":{"_sitemap_exclude":false,"_sitemap_priority":"","_sitemap_frequency":"","footnotes":""},"categories":[1],"tags":[],"class_list":["post-11935","post","type-post","status-publish","format-standard","has-post-thumbnail","hentry","category-tous"],"_links":{"self":[{"href":"https:\/\/www.affinite.fr\/index.php\/wp-json\/wp\/v2\/posts\/11935"}],"collection":[{"href":"https:\/\/www.affinite.fr\/index.php\/wp-json\/wp\/v2\/posts"}],"about":[{"href":"https:\/\/www.affinite.fr\/index.php\/wp-json\/wp\/v2\/types\/post"}],"author":[{"embeddable":true,"href":"https:\/\/www.affinite.fr\/index.php\/wp-json\/wp\/v2\/users\/1"}],"replies":[{"embeddable":true,"href":"https:\/\/www.affinite.fr\/index.php\/wp-json\/wp\/v2\/comments?post=11935"}],"version-history":[{"count":0,"href":"https:\/\/www.affinite.fr\/index.php\/wp-json\/wp\/v2\/posts\/11935\/revisions"}],"wp:featuredmedia":[{"embeddable":true,"href":"https:\/\/www.affinite.fr\/index.php\/wp-json\/wp\/v2\/media\/11936"}],"wp:attachment":[{"href":"https:\/\/www.affinite.fr\/index.php\/wp-json\/wp\/v2\/media?parent=11935"}],"wp:term":[{"taxonomy":"category","embeddable":true,"href":"https:\/\/www.affinite.fr\/index.php\/wp-json\/wp\/v2\/categories?post=11935"},{"taxonomy":"post_tag","embeddable":true,"href":"https:\/\/www.affinite.fr\/index.php\/wp-json\/wp\/v2\/tags?post=11935"}],"curies":[{"name":"wp","href":"https:\/\/api.w.org\/{rel}","templated":true}]}}