{"id":11806,"date":"2025-07-03T18:04:12","date_gmt":"2025-07-03T18:04:12","guid":{"rendered":"https:\/\/www.affinite.fr\/index.php\/2025\/07\/03\/thomas-dutronc-pret-a-quitter-paris-ces-travaux-permanents-la-pollution\/"},"modified":"2025-07-03T18:04:12","modified_gmt":"2025-07-03T18:04:12","slug":"thomas-dutronc-pret-a-quitter-paris-ces-travaux-permanents-la-pollution","status":"publish","type":"post","link":"https:\/\/www.affinite.fr\/index.php\/2025\/07\/03\/thomas-dutronc-pret-a-quitter-paris-ces-travaux-permanents-la-pollution\/","title":{"rendered":"Thomas Dutronc, pr\u00eat \u00e0 quitter Paris\u00a0? \u00ab\u00a0Ces travaux permanents, la pollution&#8230;\u00a0\u00bb"},"content":{"rendered":"<p> [ad_1]<br \/>\n<br \/><img decoding=\"async\" src=\"https:\/\/img-3.journaldesfemmes.fr\/utTpEUDUwtkhFeyZJzvkqbaP5Hk=\/1280x\/smart\/3f27c1e2fd4e4d09bb31515699a6f5f1\/ccmcms-jdf\/40037701.jpg\" \/><\/p>\n<p>\n                Il a longtemps \u00e9t\u00e9 consid\u00e9r\u00e9 comme le Titi parisien par excellence. Pourtant, \u00e0 52\u00a0ans, Thomas Dutronc n&rsquo;est plus l&rsquo;aficionado de la capitale qu&rsquo;on a pu conna\u00eetre. Fini le temps de l&rsquo;amour transit, place aux reproches. Et ils sont nombreux\u2026            <\/p>\n<div>\n<p>C&rsquo;est dans un documentaire sign\u00e9 Mireille Dumas que <a href=\"https:\/\/www.journaldesfemmes.fr\/people\/thomas-dutronc\/\" title=\"Thomas Dutronc\">Thomas Dutronc<\/a> a accept\u00e9 de se livrer au sujet de l&rsquo;amour de sa vie\u00a0: Paris. Mais \u00e0 en croire l&rsquo;artiste de 52\u00a0ans, cet amour-l\u00e0 a aussi une date de p\u00e9remption\u2026<\/p>\n<h2>Thomas Dutronc<em> \u00ab\u00a0comprend tous les gens qui se sont mis au vert\u00a0\u00bb<\/em>\u00a0: sa romance avec Paris termin\u00e9e\u00a0?<\/h2>\n<p>Dans le documentaire <em>Paris en chansons<\/em>, sur France 3, Mireille Dumas a interrog\u00e9 des grands noms de la chanson\u00a0et du cin\u00e9ma fran\u00e7ais sur leur amour pour la capitale fran\u00e7aise. Et si tous ont \u00e9t\u00e9 dithyrambiques \u00e0 son sujet, il semblerait que la ville lumi\u00e8re peine \u00e0 convaincre tout le monde.\u00a0<\/p>\n<p>\u00c0 commencer par le plus Parisien des chanteurs et musiciens fran\u00e7ais, Thomas Dutronc. <em>\u00ab\u00a0C&rsquo;est une des plus belles villes du monde, c&rsquo;est s\u00fbr\u00a0\u00bb<\/em>, a-t-il commenc\u00e9 son intervention. Mais son point de vue sur la question a quelque peu chang\u00e9. <em>\u00ab\u00a0Maintenant, \u00e9videmment, avec l&rsquo;\u00e2ge, je comprends tous les gens qui se sont mis au vert. Mon p\u00e8re a plus rien \u00e0 Paris, c&rsquo;est dr\u00f4le. J&rsquo;aurai du mal encore l\u00e0 quand m\u00eame. J&rsquo;aurai du mal \u00e0 ne pas avoir un pied-\u00e0-terre \u00e0 Paris, m\u00eame si je d\u00e9cidais d&rsquo;aller ailleurs\u00a0\u00bb<\/em>, a effectivement annonc\u00e9 l&rsquo;interpr\u00e8te de <em>J&rsquo;aime plus Paris<\/em>, titre qui n&rsquo;a jamais \u00e9t\u00e9 aussi vrai que depuis sa sortie il y a 18\u00a0ans.\u00a0<\/p>\n<h2>Thomas Dutronc<em> \u00ab\u00a0aime moins\u00a0\u00bb<\/em> Paris\u00a0: <em>\u00ab\u00a0Il y a quand m\u00eame quelque chose qui a chang\u00e9\u00a0\u00bb<\/em><\/h2>\n<p>Et \u00e0 Thomas Dutronc, qui vit une partie de l&rsquo;ann\u00e9e en Corse pr\u00e8s de son p\u00e8re,\u00a0d&rsquo;ajouter\u00a0: <em>\u00ab\u00a0L\u00e0 vraiment, je l&rsquo;aime moins. Aujourd&rsquo;hui, j&rsquo;aspire \u00e0 avoir plus d&rsquo;espace de vie. \u00c7a plus cette esp\u00e8ce d&rsquo;obsession du v\u00e9lo,\u00a0des travaux permanents, avec une pollution\u2026\u00a0\u00bb <\/em>Des critiques surprenantes puisque les mobilit\u00e9s douces comme le v\u00e9lo sont pr\u00e9vues pour \u00e9viter la voiture et r\u00e9duire ainsi&#8230; la pollution.\u00a0\u00ab\u00a0<em>Il y a quand m\u00eame quelque chose qui a chang\u00e9<\/em>\u00ab\u00a0, a finalement conclu le fils de <a href=\"https:\/\/www.journaldesfemmes.fr\/people\/personnalites\/2867437-jacques-dutronc-chansons-infidelites-couple-fils-corse-sante\/\" title=\"Jacques Dutronc\">Jacques Dutronc<\/a> et de Fran\u00e7oise Hardy qui semble regretter une \u00e9poque r\u00e9volue.<\/p>\n<p>Et ce n&rsquo;est pas la premi\u00e8re fois que celui qui a r\u00e9cemment d\u00e9voil\u00e9 un nouvel album,<em> Il n&rsquo;est jamais trop<\/em>, r\u00e2le contre les \u00e9volutions dans la capitale.\u00a0D\u00e9j\u00e0, en f\u00e9vrier 2024, il avait d\u00e9clar\u00e9 sur Instagram\u00a0: <em>\u00ab\u00a0Gare du Nord&#8230; Je passe 15-30\u00a0minutes \u00e0 l&rsquo;arr\u00eat gr\u00e2ce aux travaux d&rsquo;Anne Hidalgo, \u00e7a m&rsquo;arrive tous les jours depuis des mois et des ann\u00e9es, un peu partout dans Paris, l\u00e0 c&rsquo;est la goutte d&rsquo;eau\u00a0! J&rsquo;ai ma guitare et deux gros sacs, le v\u00e9lo ce n&rsquo;est pas pour moi. Pourquoi moi et les automobilistes qui ne peuvent faire autrement sommes punis \u00e0 ce point\u00a0?\u00a0\u00bb<\/em><\/p>\n<\/p><\/div>\n<p>[ad_2]<br \/>\n<br \/><a href=\"https:\/\/www.journaldesfemmes.fr\/people\/actus\/3233656-thomas-dutronc-pret-a-quitter-paris-ces-travaux-permanents-la-pollution\/\">Source link <\/a><\/p>\n","protected":false},"excerpt":{"rendered":"<p>[ad_1] Il a longtemps \u00e9t\u00e9 consid\u00e9r\u00e9 comme le Titi parisien par excellence. Pourtant, \u00e0 52\u00a0ans, Thomas Dutronc n&rsquo;est plus l&rsquo;aficionado &hellip; <a href=\"https:\/\/www.affinite.fr\/index.php\/2025\/07\/03\/thomas-dutronc-pret-a-quitter-paris-ces-travaux-permanents-la-pollution\/\" class=\"more-link\">Plus <span class=\"screen-reader-text\">Thomas Dutronc, pr\u00eat \u00e0 quitter Paris\u00a0? \u00ab\u00a0Ces travaux permanents, la pollution&#8230;\u00a0\u00bb<\/span> <span class=\"meta-nav\">&rarr;<\/span><\/a><\/p>\n","protected":false},"author":1,"featured_media":11807,"comment_status":"","ping_status":"open","sticky":false,"template":"","format":"standard","meta":{"_sitemap_exclude":false,"_sitemap_priority":"","_sitemap_frequency":"","footnotes":""},"categories":[1],"tags":[],"class_list":["post-11806","post","type-post","status-publish","format-standard","has-post-thumbnail","hentry","category-tous"],"_links":{"self":[{"href":"https:\/\/www.affinite.fr\/index.php\/wp-json\/wp\/v2\/posts\/11806"}],"collection":[{"href":"https:\/\/www.affinite.fr\/index.php\/wp-json\/wp\/v2\/posts"}],"about":[{"href":"https:\/\/www.affinite.fr\/index.php\/wp-json\/wp\/v2\/types\/post"}],"author":[{"embeddable":true,"href":"https:\/\/www.affinite.fr\/index.php\/wp-json\/wp\/v2\/users\/1"}],"replies":[{"embeddable":true,"href":"https:\/\/www.affinite.fr\/index.php\/wp-json\/wp\/v2\/comments?post=11806"}],"version-history":[{"count":0,"href":"https:\/\/www.affinite.fr\/index.php\/wp-json\/wp\/v2\/posts\/11806\/revisions"}],"wp:featuredmedia":[{"embeddable":true,"href":"https:\/\/www.affinite.fr\/index.php\/wp-json\/wp\/v2\/media\/11807"}],"wp:attachment":[{"href":"https:\/\/www.affinite.fr\/index.php\/wp-json\/wp\/v2\/media?parent=11806"}],"wp:term":[{"taxonomy":"category","embeddable":true,"href":"https:\/\/www.affinite.fr\/index.php\/wp-json\/wp\/v2\/categories?post=11806"},{"taxonomy":"post_tag","embeddable":true,"href":"https:\/\/www.affinite.fr\/index.php\/wp-json\/wp\/v2\/tags?post=11806"}],"curies":[{"name":"wp","href":"https:\/\/api.w.org\/{rel}","templated":true}]}}