{"id":11720,"date":"2025-06-12T17:02:49","date_gmt":"2025-06-12T17:02:49","guid":{"rendered":"https:\/\/www.affinite.fr\/index.php\/2025\/06\/12\/qui-sont-ils-qui-sont-les-femmes-de-sa-vie\/"},"modified":"2025-06-12T17:02:49","modified_gmt":"2025-06-12T17:02:49","slug":"qui-sont-ils-qui-sont-les-femmes-de-sa-vie","status":"publish","type":"post","link":"https:\/\/www.affinite.fr\/index.php\/2025\/06\/12\/qui-sont-ils-qui-sont-les-femmes-de-sa-vie\/","title":{"rendered":"Qui sont-ils\u00a0? Qui sont les femmes de sa vie\u00a0?"},"content":{"rendered":"<p> [ad_1]<br \/>\n<br \/><img decoding=\"async\" src=\"https:\/\/img-3.journaldesfemmes.fr\/mkXBPr8UCaLGqyNySLfdVyOPD_w=\/1280x\/smart\/64052de0f4524c65b4e2215f2116b6d9\/ccmcms-jdf\/40034773.jpg\" \/><\/p>\n<p>\n                C&rsquo;est \u00e0 l&rsquo;occasion du tournage d&rsquo;une nouvelle \u00e9mission de Michel Drucker que le chanteur Laurent Voulzy a fait une tr\u00e8s rare apparition avec ses fils. Voici ce qu&rsquo;il faut savoir sur eux.            <\/p>\n<div>\n<p>C&rsquo;est \u00e0 l&rsquo;occasion du tout nouveau programme de France 3, <em>Famille je vous aime<\/em>, que <a href=\"https:\/\/www.journaldesfemmes.fr\/people\/personnalites\/2871513-laurent-voulzy-age-vie-privee-ou-il-vit-souchon\/\" title=\"Laurent Voulzy\">Laurent Voulzy<\/a> a pr\u00e9sent\u00e9 ses quatre fils\u00a0: Julien, Nicolas, Cliff et Quentin. Et c&rsquo;est la premi\u00e8re fois que la photo de famille est vraiment compl\u00e8te\u00a0!\u00a0<\/p>\n<h2>Laurent Voulzy p\u00e8re de quatre enfants\u00a0: qui sont-ils\u00a0?<\/h2>\n<p>Ensemble, les Voulzy ont repris un classique de leur p\u00e8re, <em>Le soleil donne<\/em>, avant une interview avec Michel Drucker, pr\u00e9sentateur de cette \u00e9mission, rapporte <a href=\"https:\/\/www.parismatch.com\/People\/en-images-laurent-voulzy-et-ses-quatre-fils-reunis-sur-scene-pour-la-premiere-fois-252629\" target=\"_blank\" rel=\"noopener\"><em>Paris Match<\/em><\/a>.\u00a0N\u00e9s de trois relations diff\u00e9rentes, les gar\u00e7ons Voulzy \u00e9voluent aujourd&rsquo;hui tous dans le milieu de la musique. Les chiens ne font pas des chats\u00a0! Julien et Nicolas, tous deux n\u00e9s de l&rsquo;union de Laurent Voulzy avec sa premi\u00e8re femme Betty, ont tous les deux form\u00e9 des groupes. D&rsquo;ailleurs, en 1994, Julien a m\u00eame cr\u00e9e le duo Les Cherche Midi avec le fils d&rsquo;Alain Souchon, Pierre.\u00a0<\/p>\n<p>Cliff, le troisi\u00e8me enfant de Laurent Voulzy, est n\u00e9\u00a0d&rsquo;une idylle que le chanteur a toujours pr\u00e9f\u00e9r\u00e9 garder secr\u00e8te. Toujours tr\u00e8s discret aujourd&rsquo;hui, le jeune homme a fait une exception de taille en s&rsquo;affichant sur le plateau de <em>Famille je vous aime<\/em>. Enfin, Quentin, est n\u00e9 en 2002. Il est le fruit de l&rsquo;histoire d&rsquo;amour entre l&rsquo;acolyte d&rsquo;Alain Souchon et la journaliste Mirella Lepetit.\u00a0<\/p>\n<h2>Qui sont les femmes de la vie de Laurent Voulzy\u00a0?\u00a0<\/h2>\n<p>Au d\u00e9but des ann\u00e9es 1970, Laurent Voulzy a fait la rencontre de Betty, alors employ\u00e9e \u00e0 la mairie de Nogent-sur-Marne o\u00f9 il vivait encore. Entre eux, c&rsquo;est le coup de foudre et ils se marient dans la foul\u00e9e. Tr\u00e8s vite, ils ont deux gar\u00e7ons, mais finissent par divorcer en 1980.<\/p>\n<p><em>\u00ab\u00a0Comme ses relations avec Betty n&rsquo;\u00e9taient pas au beau fixe, il d\u00e9couchait tr\u00e8s souvent, comme un gamin qui fait une fugue. (\u2026) Il avait l&rsquo;habitude de passer la nuit chez des amis, un coup chez Souchon, un coup chez moi. Il d\u00e9barquait avec sa guitare et aussi son sac \u00e0 dos, il s&rsquo;\u00e9tendait par terre en travers du salon. Et, toute la nuit,\u00a0comme sa relation houleuse avec Betty lui donnait le cafard, il jouait de la guitare\u00a0!\u00a0\u00bb<\/em>, avait\u00a0confi\u00e9 son amie et ex-productrice Maria De Rossi en 2017 dans le livre\u00a0<em>Laurent Voulzy \u2013 Authentique<\/em>. Malheureusement, la premi\u00e8re \u00e9pouse de l&rsquo;interpr\u00e8te de <em>Rockollection<\/em> est morte\u00a0en 2015, des suites d&rsquo;un cancer.<\/p>\n<p>Apr\u00e8s une belle histoire d&rsquo;amour de dix ans avec la com\u00e9dienne <a href=\"https:\/\/www.journaldesfemmes.fr\/people\/personnalites\/2715703-veronique-jannot-age-vie-privee-fille-voulzy\/\" title=\"V\u00e9ronique Jannot\">V\u00e9ronique Jannot<\/a>, Laurent Voulzy s&rsquo;est remari\u00e9e en 2010\u00a0\u00e0 Saint-Pierre-Quiberon, dans le Morbihan, avec la journaliste Mirella Lepetit. Ensemble, ils ont eu un fils, Quentin, en 2002. Mais, selon nos confr\u00e8res de <em>Lib\u00e9ration<\/em>, le couple se serait finalement s\u00e9par\u00e9 apr\u00e8s s&rsquo;\u00eatre install\u00e9 outre-Manche en 2005.<\/p>\n<\/p><\/div>\n<p>[ad_2]<br \/>\n<br \/><a href=\"https:\/\/www.journaldesfemmes.fr\/people\/actus\/3231174-laurent-voulzy-apparait-avec-ses-4-fils-qui-sont-ils-qui-sont-les-femmes-de-sa-vie\/\">Source link <\/a><\/p>\n","protected":false},"excerpt":{"rendered":"<p>[ad_1] C&rsquo;est \u00e0 l&rsquo;occasion du tournage d&rsquo;une nouvelle \u00e9mission de Michel Drucker que le chanteur Laurent Voulzy a fait une &hellip; <a href=\"https:\/\/www.affinite.fr\/index.php\/2025\/06\/12\/qui-sont-ils-qui-sont-les-femmes-de-sa-vie\/\" class=\"more-link\">Plus <span class=\"screen-reader-text\">Qui sont-ils\u00a0? Qui sont les femmes de sa vie\u00a0?<\/span> <span class=\"meta-nav\">&rarr;<\/span><\/a><\/p>\n","protected":false},"author":1,"featured_media":11721,"comment_status":"","ping_status":"open","sticky":false,"template":"","format":"standard","meta":{"_sitemap_exclude":false,"_sitemap_priority":"","_sitemap_frequency":"","footnotes":""},"categories":[1],"tags":[],"class_list":["post-11720","post","type-post","status-publish","format-standard","has-post-thumbnail","hentry","category-tous"],"_links":{"self":[{"href":"https:\/\/www.affinite.fr\/index.php\/wp-json\/wp\/v2\/posts\/11720"}],"collection":[{"href":"https:\/\/www.affinite.fr\/index.php\/wp-json\/wp\/v2\/posts"}],"about":[{"href":"https:\/\/www.affinite.fr\/index.php\/wp-json\/wp\/v2\/types\/post"}],"author":[{"embeddable":true,"href":"https:\/\/www.affinite.fr\/index.php\/wp-json\/wp\/v2\/users\/1"}],"replies":[{"embeddable":true,"href":"https:\/\/www.affinite.fr\/index.php\/wp-json\/wp\/v2\/comments?post=11720"}],"version-history":[{"count":0,"href":"https:\/\/www.affinite.fr\/index.php\/wp-json\/wp\/v2\/posts\/11720\/revisions"}],"wp:featuredmedia":[{"embeddable":true,"href":"https:\/\/www.affinite.fr\/index.php\/wp-json\/wp\/v2\/media\/11721"}],"wp:attachment":[{"href":"https:\/\/www.affinite.fr\/index.php\/wp-json\/wp\/v2\/media?parent=11720"}],"wp:term":[{"taxonomy":"category","embeddable":true,"href":"https:\/\/www.affinite.fr\/index.php\/wp-json\/wp\/v2\/categories?post=11720"},{"taxonomy":"post_tag","embeddable":true,"href":"https:\/\/www.affinite.fr\/index.php\/wp-json\/wp\/v2\/tags?post=11720"}],"curies":[{"name":"wp","href":"https:\/\/api.w.org\/{rel}","templated":true}]}}