{"id":11632,"date":"2025-05-23T14:06:13","date_gmt":"2025-05-23T14:06:13","guid":{"rendered":"http:\/\/www.affinite.fr\/index.php\/2025\/05\/23\/mon-mix-patisserie-maison-melange-de-farines-sans-gluten\/"},"modified":"2025-05-23T14:06:13","modified_gmt":"2025-05-23T14:06:13","slug":"mon-mix-patisserie-maison-melange-de-farines-sans-gluten","status":"publish","type":"post","link":"https:\/\/www.affinite.fr\/index.php\/2025\/05\/23\/mon-mix-patisserie-maison-melange-de-farines-sans-gluten\/","title":{"rendered":"Mon mix p\u00e2tisserie maison \/ m\u00e9lange de farines sans gluten"},"content":{"rendered":"<p> [ad_1]<br \/>\n<\/p>\n<div>\n\t\t\t\t\t<!-- FeedbackWP Plugin - Results Widget --><\/p>\n<p>Envie de r\u00e9ussir vos p\u00e2tisseries sans gluten sans sacrifier le go\u00fbt ni la texture ? Pr\u00e9parer son propre mix de farines maison, c\u2019est l\u2019assurance de ma\u00eetriser les ingr\u00e9dients, d\u2019\u00e9viter les additifs et d\u2019adapter la recette \u00e0 ses besoins nutritionnels. Que vous soyez intol\u00e9rant au gluten ou simplement curieux d\u2019explorer une autre mani\u00e8re de cuisiner, ce m\u00e9lange polyvalent deviendra rapidement un indispensable de vos placards. Facile \u00e0 r\u00e9aliser et \u00e0 personnaliser, il vous fera oublier la farine de bl\u00e9 !<\/p>\n<p class=\"visuel\"><img loading=\"lazy\" decoding=\"async\" src=\"https:\/\/cuisine-saine.fr\/wp-content\/uploads\/2014\/02\/mix-patisserie.jpg\" alt=\"mix-patisserie\" width=\"650\" height=\"844\" itemprop=\"image\"\/><\/p>\n<p itemprop=\"description\">Pour vous simplifier la vie vous pouvez pr\u00e9parer d\u2019avance votre <strong>mix p\u00e2tisserie<\/strong> sans gluten qui servira en remplacement de la farine de bl\u00e9 dans vos recettes habituelles. Je vous donne le mien, forc\u00e9ment vous trouverez tous ces ingr\u00e9dients en magasin bio. <\/p>\n<p>Si vous ne souhaitez pas utiliser de farine de ma\u00efs, faites un m\u00e9lange farine de sarrasin et farine de ch\u00e2taigne. <\/p>\n<p><a href=\"https:\/\/apprendre.cuisine-saine.fr\/?utm_source=cuisine-saine.fr&amp;utm_medium=article&amp;utm_campaign=17-acs&amp;utm_content=desserts-bio\" rel=\"noopener\" target=\"_blank\"><img loading=\"lazy\" decoding=\"async\" src=\"https:\/\/cuisine-saine.fr\/wp-content\/uploads\/2016\/01\/patisserie-sans-gluten-sans-lactose.jpg\" alt=\"formation en ligne, la p\u00e2tisserie sans gluten ni lactose\" width=\"730\" height=\"175\"\/><\/a><\/p>\n<p>On trouve de nouveau de la <strong>gomme de guar<\/strong> dans les boutiques. Elle permet de mieux faire lever les p\u00e2tes sans gluten. Elle est extraite d\u2019une l\u00e9gumineuse. <\/p>\n<p>J\u2019utilise de l\u2019arrow-root pour ajouter du liant. La farine de coco donne un petit c\u00f4t\u00e9 \u00e9lastique je trouve, alors je l\u2019ai ajout\u00e9 \u00e0 mon <strong>mix p\u00e2tisserie<\/strong>. <\/p>\n<h2 class=\"type\">Mon mix p\u00e2tisserie maison<\/h2>\n<ul class=\"typerect\" itemprop=\"recipeCuisine\">\n<li class=\"ssgluten\" itemprop=\"suitableForDiet\"><span>Recette sans gluten<\/span><\/li>\n<li class=\"sslait\" itemprop=\"suitableForDiet\"><span>Recette sans lactose<\/span><\/li>\n<li class=\"rbio\" itemprop=\"suitableForDiet\"><span>Recette bio<\/span><\/li>\n<\/ul>\n<p class=\"visuel\"><img loading=\"lazy\" decoding=\"async\" src=\"https:\/\/cuisine-saine.fr\/wp-content\/uploads\/2014\/02\/mix-patisserie21.jpg\" alt=\"mix patisserie\" width=\"650\" height=\"914\"\/><\/p>\n<div class=\"intro\">\n<p class=\"temps\"><strong class=\"yield\" itemprop=\"recipeYield\">Pour environ 600 g de mix p\u00e2tisserie<\/strong><br \/><strong>Temps de pr\u00e9paration<\/strong> : <span class=\"preptime\">5 min <span class=\"value-title\" title=\"PT5M\"\/><\/span><\/p>\n<\/div>\n<div class=\"ingredient\">\n<h3 class=\"listetitre\">Ingr\u00e9dients<\/h3>\n<ul class=\"listeingredient\">\n<li class=\"ingredient\" itemprop=\"recipeIngredient\"><strong class=\"amount\">300 g<\/strong> <span>de farine de riz<\/span><\/li>\n<li class=\"ingredient\" itemprop=\"recipeIngredient\"><strong class=\"amount\">150 g<\/strong> <span>de farine de ma\u00efs<\/span><\/li>\n<li class=\"ingredient\" itemprop=\"recipeIngredient\"><strong class=\"amount\">100 g<\/strong> <span>de f\u00e9cule de pomme de terre<\/span><\/li>\n<li class=\"ingredient\" itemprop=\"recipeIngredient\"><strong class=\"amount\">20 g<\/strong> <span>d\u2019arrow-root<\/span><\/li>\n<li class=\"ingredient\" itemprop=\"recipeIngredient\"><strong class=\"amount\">20 g<\/strong> <span>de farine de coco<\/span><\/li>\n<li class=\"ingredient\" itemprop=\"recipeIngredient\"><strong class=\"amount\">10 g<\/strong> <span>de gomme de guar<\/span><\/li>\n<\/ul>\n<\/div>\n<ol class=\"recette\" itemprop=\"recipeInstructions\">\n<li>Versez tous les ingr\u00e9dients dans un saladier, m\u00e9langez \u00e0 l\u2019aide d\u2019une maryse.<\/li>\n<li>Transvasez dans un bocal ferm\u00e9 herm\u00e9tiquement et secouez avant d\u2019entreposer dans un endroit frais et sec.<\/li>\n<\/ol>\n<h2 style=\"clear:both\">Informations nutritionnelles (pour 100g)<\/h2>\n<table>\n<tr>\n<th>\u00c9nergie<\/th>\n<td>350 kcal<\/td>\n<\/tr>\n<tr>\n<th>Glucides<\/th>\n<td>75 g<\/td>\n<\/tr>\n<tr>\n<th>Prot\u00e9ines<\/th>\n<td>6 g<\/td>\n<\/tr>\n<tr>\n<th>Lipides<\/th>\n<td>2 g<\/td>\n<\/tr>\n<tr>\n<th>Fibres<\/th>\n<td>3 g<\/td>\n<\/tr>\n<\/table>\n<h2>Variantes du mix<\/h2>\n<ul>\n<li><strong>Sans ma\u00efs<\/strong> : Remplacez la farine de ma\u00efs par de la farine de sarrasin ou de ch\u00e2taigne.<\/li>\n<li><strong>Index glyc\u00e9mique bas<\/strong> : Utilisez de la farine de pois chiches ou de lupin.<\/li>\n<li><strong>Sans gomme de guar<\/strong> : Utilisez du psyllium blond comme alternative.<\/li>\n<\/ul>\n<h2>Exemples d\u2019utilisation<\/h2>\n<p>Ce mix est id\u00e9al pour :<\/p>\n<ul>\n<li>Des g\u00e2teaux moelleux sans gluten<\/li>\n<li>Des muffins aux fruits secs<\/li>\n<li>Des cr\u00eapes l\u00e9g\u00e8res et savoureuses<\/li>\n<\/ul>\n<h2>Astuce de conservation<\/h2>\n<p>Ce mix p\u00e2tisserie maison se conserve tr\u00e8s bien dans un bocal herm\u00e9tique, \u00e0 l\u2019abri de la lumi\u00e8re et de l\u2019humidit\u00e9. Rangez-le dans un placard sec, \u00e0 temp\u00e9rature ambiante. Vous pouvez \u00e9galement le conserver au r\u00e9frig\u00e9rateur si vous utilisez des farines sensibles comme celle de riz complet ou de ch\u00e2taigne. Dans de bonnes conditions, le m\u00e9lange reste utilisable pendant 2 \u00e0 3 mois.<\/p>\n<h3 class=\"conseil\">Le conseil de Karen<\/h3>\n<p><!-- FeedbackWP Plugin --><span class=\"et_bloom_bottom_trigger\"\/>\t\t\t\t\t<\/div>\n<p>[ad_2]<br \/>\n<br \/><a href=\"https:\/\/cuisine-saine.fr\/recette-sans-gluten\/mon-mix-patisserie-maison-melange-de-farines-sans-gluten\/\">Source link <\/a><\/p>\n","protected":false},"excerpt":{"rendered":"<p>[ad_1] Envie de r\u00e9ussir vos p\u00e2tisseries sans gluten sans sacrifier le go\u00fbt ni la texture ? Pr\u00e9parer son propre mix &hellip; <a href=\"https:\/\/www.affinite.fr\/index.php\/2025\/05\/23\/mon-mix-patisserie-maison-melange-de-farines-sans-gluten\/\" class=\"more-link\">Plus <span class=\"screen-reader-text\">Mon mix p\u00e2tisserie maison \/ m\u00e9lange de farines sans gluten<\/span> <span class=\"meta-nav\">&rarr;<\/span><\/a><\/p>\n","protected":false},"author":1,"featured_media":11633,"comment_status":"","ping_status":"open","sticky":false,"template":"","format":"standard","meta":{"_sitemap_exclude":false,"_sitemap_priority":"","_sitemap_frequency":"","footnotes":""},"categories":[1],"tags":[],"class_list":["post-11632","post","type-post","status-publish","format-standard","has-post-thumbnail","hentry","category-tous"],"_links":{"self":[{"href":"https:\/\/www.affinite.fr\/index.php\/wp-json\/wp\/v2\/posts\/11632"}],"collection":[{"href":"https:\/\/www.affinite.fr\/index.php\/wp-json\/wp\/v2\/posts"}],"about":[{"href":"https:\/\/www.affinite.fr\/index.php\/wp-json\/wp\/v2\/types\/post"}],"author":[{"embeddable":true,"href":"https:\/\/www.affinite.fr\/index.php\/wp-json\/wp\/v2\/users\/1"}],"replies":[{"embeddable":true,"href":"https:\/\/www.affinite.fr\/index.php\/wp-json\/wp\/v2\/comments?post=11632"}],"version-history":[{"count":0,"href":"https:\/\/www.affinite.fr\/index.php\/wp-json\/wp\/v2\/posts\/11632\/revisions"}],"wp:featuredmedia":[{"embeddable":true,"href":"https:\/\/www.affinite.fr\/index.php\/wp-json\/wp\/v2\/media\/11633"}],"wp:attachment":[{"href":"https:\/\/www.affinite.fr\/index.php\/wp-json\/wp\/v2\/media?parent=11632"}],"wp:term":[{"taxonomy":"category","embeddable":true,"href":"https:\/\/www.affinite.fr\/index.php\/wp-json\/wp\/v2\/categories?post=11632"},{"taxonomy":"post_tag","embeddable":true,"href":"https:\/\/www.affinite.fr\/index.php\/wp-json\/wp\/v2\/tags?post=11632"}],"curies":[{"name":"wp","href":"https:\/\/api.w.org\/{rel}","templated":true}]}}