{"id":11620,"date":"2025-05-19T16:12:07","date_gmt":"2025-05-19T16:12:07","guid":{"rendered":"http:\/\/www.affinite.fr\/index.php\/2025\/05\/19\/laurent-ruquier-trop-riche-je-gagne-en-une-journee\/"},"modified":"2025-05-19T16:12:07","modified_gmt":"2025-05-19T16:12:07","slug":"laurent-ruquier-trop-riche-je-gagne-en-une-journee","status":"publish","type":"post","link":"https:\/\/www.affinite.fr\/index.php\/2025\/05\/19\/laurent-ruquier-trop-riche-je-gagne-en-une-journee\/","title":{"rendered":"Laurent Ruquier trop riche\u00a0? \u00ab\u00a0Je gagne en une journ\u00e9e\u2026\u00a0\u00bb"},"content":{"rendered":"<p> [ad_1]<br \/>\n<br \/><img decoding=\"async\" src=\"https:\/\/img-3.journaldesfemmes.fr\/EUQAdDx7_1t-GK-Ir7ecjooBG_g=\/1280x\/smart\/00e29071bbb74d899abbe9fa5fb556c6\/ccmcms-jdf\/40031553.jpg\" \/><\/p>\n<p>\n                Laurent Ruquier revient de loin. L&rsquo;animateur de 62\u00a0ans, qui a grandi dans un HLM du Havre, gagne d\u00e9sormais tr\u00e8s bien sa vie. A tel point que son salaire le ferait presque culpabiliser&#8230;            <\/p>\n<div>\n<p><a href=\"https:\/\/www.journaldesfemmes.fr\/people\/personnalites\/2889545-laurent-ruquier-age-vie-privee-maison-salaire\/\" title=\"Laurent Ruquier\">Laurent Ruquier<\/a> ne compte pas abandonner la t\u00e9l\u00e9vision de sit\u00f4t.\u00a0D\u00e8s le 14 juin, l&rsquo;enqu\u00eateur de <em>Mask Singer<\/em> sur TF1 sera \u00e0 la t\u00eate d&rsquo;une nouvelle \u00e9mission, <em>Chez Ruquier<\/em>, qui sera diffus\u00e9e sur la toute nouvelle cha\u00eene de la TNT, T18, que vous pourrez retrouver sur le canal 18 dans quelques jours. A 62 ans, l&rsquo;animateur ne ch\u00f4me pas et admet \u00eatre grassement pay\u00e9 au quotidien\u2026<\/p>\n<h2>Laurent Ruquier, (tr\u00e8s) confortable financi\u00e8rement : \u00ab\u00a0Je gagne&#8230;\u00a0\u00bb<\/h2>\n<p>Elev\u00e9 par un p\u00e8re chaudronnier et une m\u00e8re femme au foyer, Laurent Ruquier a grandi au dernier \u00e9tage d&rsquo;un HLM du Havre.\u00a0Et il n&rsquo;oublie pas d&rsquo;o\u00f9 il vient ! \u00ab\u00a0<em>C&rsquo;est toujours compliqu\u00e9 de se dire que je gagne en une journ\u00e9e ce que parfois mon p\u00e8re pouvait gagner en une ann\u00e9e (&#8230;)\u00a0Dans un coin de ma t\u00eate, je suis toujours le jeune mec du Havre dans une famille ouvri\u00e8re modeste<\/em>\u00ab\u00a0, a-t-il confi\u00e9 dans l&rsquo;\u00e9mission <em>Bonjour <\/em>de TF1.<\/p>\n<p>Mais si le pr\u00e9sentateur des <em>Grosses T\u00eates<\/em>, qui habite entre un duplex \u00e0 Paris et un manoir en Normandie, n&rsquo;a pas les chevilles qui enflent, il ne culpabilise pas pour autant de sa r\u00e9ussite et de son confort financier : \u00ab\u00a0<em>Plus maintenant\u00a0! D&rsquo;abord parce que j&rsquo;en profite bien\u2026<\/em>\u00a0\u00bb Auparavant, il poss\u00e9dait aussi une maison \u00e0 Marseille.<\/p>\n<h2>Laurent Ruquier, d\u00e9pensier : \u00ab\u00a0Je claque mon argent\u00a0\u00bb<\/h2>\n<p>Pas radin pour un sou, l&rsquo;ex-compagnon de <a href=\"https:\/\/www.journaldesfemmes.fr\/people\/personnalites\/2954827-hugo-manos-age-vie-privee-tpmp-infos\/\" title=\"Hugo Manos\">Hugo Manos<\/a>, qui a r\u00e9cemment annonc\u00e9 leur rupture apr\u00e8s 7 ans de romance, profite de sa situation financi\u00e8re pour g\u00e2ter ses proches. \u00ab\u00a0<em>Je peux m&rsquo;offrir ce que je veux, comme je veux, je peux faire plaisir. Je crois avoir la r\u00e9putation d&rsquo;\u00eatre quelqu&rsquo;un de g\u00e9n\u00e9reux, donc j&rsquo;en profite aussi\u00a0! J&rsquo;en profite, mais j&rsquo;en fais profiter aussi<\/em>\u00ab\u00a0, avait-il assur\u00e9 dans <em>Legend<\/em>, l&rsquo;\u00e9mission de Guillaume Pley sur YouTube.<\/p>\n<p>Et de pr\u00e9ciser : \u00ab\u00a0<em>Je claque mon argent, je n&rsquo;ai pas de probl\u00e8me avec \u00e7a\u00a0! Dans les fringues, dans la bouffe, dans les vacances, pour des associations, pour mes amis\u2026 J&rsquo;en fais profiter ma famille, mes parents, je les ai fait voyager avant qu&rsquo;ils s&rsquo;en aillent<\/em>\u00ab\u00a0.\u00a0<\/p>\n<p>Si Laurent Ruquier refuse de d\u00e9voiler le montant de son salaire, <a href=\"https:\/\/www.capital.fr\/economie-politique\/mask-singer-decouvrez-les-salaires-des-enqueteurs-1496682\" target=\"_blank\" rel=\"noopener\"><em>Capital<\/em><\/a><i>\u00a0<\/i>avait tout de m\u00eame assur\u00e9 qu&rsquo;en 2024, l&rsquo;animateur avait touch\u00e9 environ 100 000\u00a0euros pour enqu\u00eater dans <em>Mask Singer<\/em>, un habit qu&rsquo;il a accept\u00e9 d&rsquo;endosser \u00e0 nouveau cette ann\u00e9e. A l&rsquo;\u00e9poque, <em>VSD<\/em> assurait que l&rsquo;animateur gagnait aussi 40 000 euros par mois animer <em>On n&rsquo;est pas couch\u00e9<\/em>. A cela, il faut ajouter ses pi\u00e8ces de th\u00e9\u00e2tre, la production d&rsquo;artistes et l&rsquo;animation des <em>Grosses T\u00eates <\/em>sur RTL. Une fortune qui se chiffre en millions d&rsquo;euros.<\/p>\n<\/p><\/div>\n<p>[ad_2]<br \/>\n<br \/><a href=\"https:\/\/www.journaldesfemmes.fr\/people\/actus\/3228376-laurent-ruquier-trop-riche-je-gagne-en-une-journee\/\">Source link <\/a><\/p>\n","protected":false},"excerpt":{"rendered":"<p>[ad_1] Laurent Ruquier revient de loin. L&rsquo;animateur de 62\u00a0ans, qui a grandi dans un HLM du Havre, gagne d\u00e9sormais tr\u00e8s &hellip; <a href=\"https:\/\/www.affinite.fr\/index.php\/2025\/05\/19\/laurent-ruquier-trop-riche-je-gagne-en-une-journee\/\" class=\"more-link\">Plus <span class=\"screen-reader-text\">Laurent Ruquier trop riche\u00a0? \u00ab\u00a0Je gagne en une journ\u00e9e\u2026\u00a0\u00bb<\/span> <span class=\"meta-nav\">&rarr;<\/span><\/a><\/p>\n","protected":false},"author":1,"featured_media":11621,"comment_status":"","ping_status":"open","sticky":false,"template":"","format":"standard","meta":{"_sitemap_exclude":false,"_sitemap_priority":"","_sitemap_frequency":"","footnotes":""},"categories":[1],"tags":[],"class_list":["post-11620","post","type-post","status-publish","format-standard","has-post-thumbnail","hentry","category-tous"],"_links":{"self":[{"href":"https:\/\/www.affinite.fr\/index.php\/wp-json\/wp\/v2\/posts\/11620"}],"collection":[{"href":"https:\/\/www.affinite.fr\/index.php\/wp-json\/wp\/v2\/posts"}],"about":[{"href":"https:\/\/www.affinite.fr\/index.php\/wp-json\/wp\/v2\/types\/post"}],"author":[{"embeddable":true,"href":"https:\/\/www.affinite.fr\/index.php\/wp-json\/wp\/v2\/users\/1"}],"replies":[{"embeddable":true,"href":"https:\/\/www.affinite.fr\/index.php\/wp-json\/wp\/v2\/comments?post=11620"}],"version-history":[{"count":0,"href":"https:\/\/www.affinite.fr\/index.php\/wp-json\/wp\/v2\/posts\/11620\/revisions"}],"wp:featuredmedia":[{"embeddable":true,"href":"https:\/\/www.affinite.fr\/index.php\/wp-json\/wp\/v2\/media\/11621"}],"wp:attachment":[{"href":"https:\/\/www.affinite.fr\/index.php\/wp-json\/wp\/v2\/media?parent=11620"}],"wp:term":[{"taxonomy":"category","embeddable":true,"href":"https:\/\/www.affinite.fr\/index.php\/wp-json\/wp\/v2\/categories?post=11620"},{"taxonomy":"post_tag","embeddable":true,"href":"https:\/\/www.affinite.fr\/index.php\/wp-json\/wp\/v2\/tags?post=11620"}],"curies":[{"name":"wp","href":"https:\/\/api.w.org\/{rel}","templated":true}]}}