{"id":11614,"date":"2025-05-17T16:09:38","date_gmt":"2025-05-17T16:09:38","guid":{"rendered":"https:\/\/www.affinite.fr\/index.php\/2025\/05\/17\/stephane-bern-oblige-de-travailler-pour-payer-les-factures-je-nai-rien-mis-de-cote\/"},"modified":"2025-05-17T16:09:38","modified_gmt":"2025-05-17T16:09:38","slug":"stephane-bern-oblige-de-travailler-pour-payer-les-factures-je-nai-rien-mis-de-cote","status":"publish","type":"post","link":"https:\/\/www.affinite.fr\/index.php\/2025\/05\/17\/stephane-bern-oblige-de-travailler-pour-payer-les-factures-je-nai-rien-mis-de-cote\/","title":{"rendered":"St\u00e9phane Bern oblig\u00e9 de travailler pour payer les factures\u00a0? \u00ab\u00a0Je n&rsquo;ai rien mis de c\u00f4t\u00e9\u2026\u00a0\u00bb"},"content":{"rendered":"<p> [ad_1]<br \/>\n<br \/><img decoding=\"async\" src=\"https:\/\/img-3.journaldesfemmes.fr\/2MD2Q8FfapPgZNSm722eG9KZUY0=\/1280x\/smart\/653a9cb7eb8a4699a4ee546da7f16a1e\/ccmcms-jdf\/40030382.jpg\" \/><\/p>\n<p>\n                St\u00e9phane Bern est sur tous les fronts. Il pr\u00e9sentera la 69e \u00e9dition de l&rsquo;Eurovision au c\u00f4t\u00e9 de Laurence Boccolini, avant de retrouver les plateaux de tournage. Il faut dire que l&rsquo;animateur a besoin d&rsquo;argent\u2026            <\/p>\n<div>\n<p><a href=\"https:\/\/www.journaldesfemmes.fr\/people\/stephane-bern\/\" title=\"St\u00e9phane Bern\">St\u00e9phane Bern<\/a> a r\u00e9cemment accept\u00e9 de se livrer sur son argent dans les colonnes de <em>T\u00e9l\u00e9-Loisirs<\/em>. Et comme \u00e0 son habitude l&rsquo;expert des t\u00eates couronn\u00e9es\u00a0n&rsquo;a contourn\u00e9 aucune question. Pas m\u00eame celles sur l&rsquo;\u00e9tat de ses finances\u00a0!\u00a0<\/p>\n<h2>St\u00e9phane Bern \u00ab\u00a0pas rentier\u00a0\u00bb\u00a0: ce projet qui le \u00ab\u00a0ruine\u00a0\u00bb<\/h2>\n<p>Alors qu&rsquo;il s&rsquo;appr\u00eate \u00e0 pr\u00e9senter aux c\u00f4t\u00e9s de Laurence Boccolini le 69e concours de l&rsquo;<a href=\"https:\/\/www.journaldesfemmes.fr\/people\/rendez-vous\/2718499-eurovision-2024-candidat-chanson-france-date-infos\/\" title=\"Concours Eurovision de la chanson\">Eurovision<\/a>, o\u00f9 Louane et sa chanson <em>Maman<\/em> seront les dignes repr\u00e9sentantes de la France, St\u00e9phane Bern encha\u00eene les projets \u00e0 la t\u00e9l\u00e9vision. Interrog\u00e9 sur son rythme de travail effr\u00e9n\u00e9 par nos confr\u00e8res de <a href=\"https:\/\/www.programme-tv.net\/news\/tv\/378274-stephane-bern-evoque-ses-difficultes-financieres-je-n-ai-rien-mis-de-cote-et-j-ai-de-vieilles-pierres-qui-me-ruinent\/\" target=\"_blank\" rel=\"noopener\"><em>T\u00e9l\u00e9-Loisirs<\/em><\/a>, il a indiqu\u00e9 ne pas pouvoir se permettre un rel\u00e2chement. Et pour cause\u00a0: l&rsquo;animateur de 61\u00a0ans n&rsquo;est pas assez l&rsquo;aise financi\u00e8rement pour envisager de lever le pied.\u00a0<\/p>\n<p><em>\u00ab\u00a0Malheureusement, je ne suis pas rentier\u00a0!\u00a0Je n&rsquo;ai rien mis de c\u00f4t\u00e9 et j&rsquo;ai de vieilles pierres qui me ruinent, donc je continue \u00e0 p\u00e9daler comme un hamster dans sa roue\u00a0\u00bb<\/em>, a-t-il d&rsquo;abord annonc\u00e9 avec humour. Et \u00e0 lui de pr\u00e9ciser\u00a0: <em>\u00ab\u00a0J&rsquo;ai la chance d&rsquo;\u00eatre passionn\u00e9 par mon m\u00e9tier. Je suis tellement heureux de tout ce que je fais\u00a0! Et j&rsquo;avoue que, si je n&rsquo;y prenais plus de plaisir, j&rsquo;arr\u00eaterais. Il faut se lever \u00e0 6\u00a0heures, se coucher tr\u00e8s tard, les gens ne voient pas forc\u00e9ment tout \u00e7a\u00a0\u00bb<\/em>.\u00a0<\/p>\n<h2>St\u00e9phane Bern a d\u00fb emprunter une grosse somme d&rsquo;argent\u00a0: \u00ab\u00a0Tout mon argent y passe\u00a0\u00bb<\/h2>\n<p>Il faut dire que celui qui porte la fiction de France 3\u00a0<em>Bellefond<\/em> depuis 2022\u00a0s&rsquo;est lanc\u00e9 dans un projet ph\u00e9nom\u00e9nal il y a une dizaine d&rsquo;ann\u00e9es. Devenu propri\u00e9taire du Coll\u00e8ge royal et militaire de Thiron-Gardais\u00a0dans le Perche, une b\u00e2tisse du XVIIe si\u00e8cle, il s&rsquo;est mis en t\u00eate de le r\u00e9nover et le b\u00e2timent continue de lui co\u00fbter beaucoup d&rsquo;argent. St\u00e9phane Bern ne se cache d&rsquo;ailleurs pas d&rsquo;avoir d\u00fb emprunter 4\u00a0millions d&rsquo;euros, \u00e0 rembourser sur 25\u00a0ans, et avoir vendu bon nombre de ses meubles, pour remettre \u00e0 flots cet endroit qui lui tient tant \u00e0 c\u0153ur.\u00a0<\/p>\n<p><em>\u00ab\u00a0Tout mon argent y passe, mes droits d&rsquo;auteur, l&rsquo;argent des \u00e9missions. Ici, c&rsquo;est un peu le tonneau des Dana\u00efdes\u00a0\u00bb<\/em>, avait d\u00e9j\u00e0 expliqu\u00e9 en 2023\u00a0le mari de Yori Bailleres.<\/p>\n<\/p><\/div>\n<p>[ad_2]<br \/>\n<br \/><a href=\"https:\/\/www.journaldesfemmes.fr\/people\/3227478-stephane-bern-oblige-de-travailler-pour-payer-les-factures-je-n-ai-rien-mis-de-cote\/\">Source link <\/a><\/p>\n","protected":false},"excerpt":{"rendered":"<p>[ad_1] St\u00e9phane Bern est sur tous les fronts. Il pr\u00e9sentera la 69e \u00e9dition de l&rsquo;Eurovision au c\u00f4t\u00e9 de Laurence Boccolini, &hellip; <a href=\"https:\/\/www.affinite.fr\/index.php\/2025\/05\/17\/stephane-bern-oblige-de-travailler-pour-payer-les-factures-je-nai-rien-mis-de-cote\/\" class=\"more-link\">Plus <span class=\"screen-reader-text\">St\u00e9phane Bern oblig\u00e9 de travailler pour payer les factures\u00a0? \u00ab\u00a0Je n&rsquo;ai rien mis de c\u00f4t\u00e9\u2026\u00a0\u00bb<\/span> <span class=\"meta-nav\">&rarr;<\/span><\/a><\/p>\n","protected":false},"author":1,"featured_media":11615,"comment_status":"","ping_status":"open","sticky":false,"template":"","format":"standard","meta":{"_sitemap_exclude":false,"_sitemap_priority":"","_sitemap_frequency":"","footnotes":""},"categories":[1],"tags":[],"class_list":["post-11614","post","type-post","status-publish","format-standard","has-post-thumbnail","hentry","category-tous"],"_links":{"self":[{"href":"https:\/\/www.affinite.fr\/index.php\/wp-json\/wp\/v2\/posts\/11614"}],"collection":[{"href":"https:\/\/www.affinite.fr\/index.php\/wp-json\/wp\/v2\/posts"}],"about":[{"href":"https:\/\/www.affinite.fr\/index.php\/wp-json\/wp\/v2\/types\/post"}],"author":[{"embeddable":true,"href":"https:\/\/www.affinite.fr\/index.php\/wp-json\/wp\/v2\/users\/1"}],"replies":[{"embeddable":true,"href":"https:\/\/www.affinite.fr\/index.php\/wp-json\/wp\/v2\/comments?post=11614"}],"version-history":[{"count":0,"href":"https:\/\/www.affinite.fr\/index.php\/wp-json\/wp\/v2\/posts\/11614\/revisions"}],"wp:featuredmedia":[{"embeddable":true,"href":"https:\/\/www.affinite.fr\/index.php\/wp-json\/wp\/v2\/media\/11615"}],"wp:attachment":[{"href":"https:\/\/www.affinite.fr\/index.php\/wp-json\/wp\/v2\/media?parent=11614"}],"wp:term":[{"taxonomy":"category","embeddable":true,"href":"https:\/\/www.affinite.fr\/index.php\/wp-json\/wp\/v2\/categories?post=11614"},{"taxonomy":"post_tag","embeddable":true,"href":"https:\/\/www.affinite.fr\/index.php\/wp-json\/wp\/v2\/tags?post=11614"}],"curies":[{"name":"wp","href":"https:\/\/api.w.org\/{rel}","templated":true}]}}