{"id":11564,"date":"2025-04-29T15:44:25","date_gmt":"2025-04-29T15:44:25","guid":{"rendered":"https:\/\/www.affinite.fr\/index.php\/2025\/04\/29\/la-princesse-laurentien-des-pays-bas-nous-donne-des-envies-de-vacances-avec-son-kimono-chic-et-colore\/"},"modified":"2025-04-29T15:44:25","modified_gmt":"2025-04-29T15:44:25","slug":"la-princesse-laurentien-des-pays-bas-nous-donne-des-envies-de-vacances-avec-son-kimono-chic-et-colore","status":"publish","type":"post","link":"https:\/\/www.affinite.fr\/index.php\/2025\/04\/29\/la-princesse-laurentien-des-pays-bas-nous-donne-des-envies-de-vacances-avec-son-kimono-chic-et-colore\/","title":{"rendered":"La princesse Laurentien des Pays-Bas nous donne des envies de vacances avec son kimono chic et color\u00e9"},"content":{"rendered":"<p> [ad_1]<br \/>\n<\/p>\n<p>\n                Pour c\u00e9l\u00e9brer l&rsquo;anniversaire du roi n\u00e9erlandais, la princesse Laurentien des Pays-Bas a laiss\u00e9 tomber les robes de gala et autres apparats. Couleurs joyeuses, imprim\u00e9 estival et v\u00eatements amples\u00a0: d\u00e9couvrez les d\u00e9tails de sa tenue de f\u00eate.            <\/p>\n<div>\n<p>La princesse Laurentien des Pays-Bas \u00e9tait \u00e0 Doetinchem le 26 avril dernier afin de lancer la f\u00eate du Roi. Alors que le couple royal avait opt\u00e9 pour des tenues sobres, la belle-s\u0153ur du roi n\u00e9erlandais a mis\u00e9 sur la couleur.<\/p>\n<p>Les membres de la famille royale du Pays-Bas \u00e9taient r\u00e9unis pour la f\u00eate nationale, c\u00e9l\u00e9brant le 58\u00e8me anniversaire du roi Willem-Alexander qui a eu lieu le 27 avril 2025. C&rsquo;\u00e9tait l&rsquo;occasion pour le gotha de saluer la foule mais aussi de se montrer dans de superbes tenues. Alors que la reine Maxima et son \u00e9poux portaient des looks sobres aux couleurs sombres afin de rendre hommage au Pape\u00a0Fran\u00e7ois, dont les fun\u00e9railles avaient eu lieu le matin m\u00eame, la princesse Laurentien des Pays-Bas a os\u00e9 la couleur. Un m\u00e9lange de bleu et de jaune parcourait sa tenue gaie et solaire. La pi\u00e8ce phare de son look \u00e9tait assur\u00e9ment son kimono extra-long et imprim\u00e9, qui recouvrait un top blanc tout simple. On note d&rsquo;ailleurs que les teintes de son kimono \u00e9taient accord\u00e9es \u00e0 celles de son bouquet de fleurs.<\/p>\n<div style=\"text-align:center\">\n<figure class=\"image\" style=\"display:inline-block\"><img decoding=\"async\" alt=\"constantijn-et-laurentien-des-pays-bas\" src=\"https:\/\/img-3.journaldesfemmes.fr\/mObUNOFE6UluPQRuRB47-lWfKBc=\/450x\/smart\/cd507f46527e4f488abe668094e05ce2\/ccmcms-jdf\/40028915.jpg\"\/><figcaption data-credit=\"Utrecht Robin\/ABACA\" data-legend=\"Le prince Constantijn et la princesse Laurentien des Pays-Bas le 26 avril 2025 \u00e0 Doetinchem.\">Le prince Constantijn et la princesse Laurentien des Pays-Bas le 26 avril 2025 \u00e0 Doetinchem. <small>\u00a9\u00a0Utrecht Robin\/ABACA<\/small><\/figcaption><\/figure>\n<\/div>\n<p>Pour le reste de son look, l&rsquo;\u00e9pouse du prince Constantijn, fr\u00e8re du roi Willem-Alexander, a mis\u00e9 sur le bleu roi. Ainsi, elle portait un large pantalon fluide, qui faisait \u00e9cho \u00e0 son sac \u00e0 main.<\/p>\n<p>https:\/\/docs.google.com\/spreadsheets\/d\/1whWGF2CNPInmlBYmuUMW2YNAwNaugs9oHm8q6kkdZNs\/edit?gid=1715801279#gid=1715801279<\/p>\n<p>Autre \u00e9l\u00e9ment fort de la tenue choisie par la maman de trois enfants : ses boucles d&rsquo;oreilles XXL aux formes g\u00e9om\u00e9triques, qui ajoutaient une nouvelle touche fun \u00e0 l&rsquo;ensemble. A l&rsquo;\u00e2ge de 58 ans, la princesse Laurentien des Pays-Bas prouve qu&rsquo;elle prend plaisir \u00e0 s&rsquo;habiller de fa\u00e7on joyeuse et \u00e9l\u00e9gante.<\/p>\n<\/p><\/div>\n<p>[ad_2]<br \/>\n<br \/><a href=\"https:\/\/www.journaldesfemmes.fr\/mode\/looks-de-star\/3226272-la-princesse-laurentien-des-pays-bas-nous-donne-des-envies-de-vacances-avec-son-kimono-chic-et-colore\/\">Source link <\/a><\/p>\n","protected":false},"excerpt":{"rendered":"<p>[ad_1] Pour c\u00e9l\u00e9brer l&rsquo;anniversaire du roi n\u00e9erlandais, la princesse Laurentien des Pays-Bas a laiss\u00e9 tomber les robes de gala et &hellip; <a href=\"https:\/\/www.affinite.fr\/index.php\/2025\/04\/29\/la-princesse-laurentien-des-pays-bas-nous-donne-des-envies-de-vacances-avec-son-kimono-chic-et-colore\/\" class=\"more-link\">Plus <span class=\"screen-reader-text\">La princesse Laurentien des Pays-Bas nous donne des envies de vacances avec son kimono chic et color\u00e9<\/span> <span class=\"meta-nav\">&rarr;<\/span><\/a><\/p>\n","protected":false},"author":1,"featured_media":11565,"comment_status":"","ping_status":"open","sticky":false,"template":"","format":"standard","meta":{"_sitemap_exclude":false,"_sitemap_priority":"","_sitemap_frequency":"","footnotes":""},"categories":[1],"tags":[],"class_list":["post-11564","post","type-post","status-publish","format-standard","has-post-thumbnail","hentry","category-tous"],"_links":{"self":[{"href":"https:\/\/www.affinite.fr\/index.php\/wp-json\/wp\/v2\/posts\/11564"}],"collection":[{"href":"https:\/\/www.affinite.fr\/index.php\/wp-json\/wp\/v2\/posts"}],"about":[{"href":"https:\/\/www.affinite.fr\/index.php\/wp-json\/wp\/v2\/types\/post"}],"author":[{"embeddable":true,"href":"https:\/\/www.affinite.fr\/index.php\/wp-json\/wp\/v2\/users\/1"}],"replies":[{"embeddable":true,"href":"https:\/\/www.affinite.fr\/index.php\/wp-json\/wp\/v2\/comments?post=11564"}],"version-history":[{"count":0,"href":"https:\/\/www.affinite.fr\/index.php\/wp-json\/wp\/v2\/posts\/11564\/revisions"}],"wp:featuredmedia":[{"embeddable":true,"href":"https:\/\/www.affinite.fr\/index.php\/wp-json\/wp\/v2\/media\/11565"}],"wp:attachment":[{"href":"https:\/\/www.affinite.fr\/index.php\/wp-json\/wp\/v2\/media?parent=11564"}],"wp:term":[{"taxonomy":"category","embeddable":true,"href":"https:\/\/www.affinite.fr\/index.php\/wp-json\/wp\/v2\/categories?post=11564"},{"taxonomy":"post_tag","embeddable":true,"href":"https:\/\/www.affinite.fr\/index.php\/wp-json\/wp\/v2\/tags?post=11564"}],"curies":[{"name":"wp","href":"https:\/\/api.w.org\/{rel}","templated":true}]}}