{"id":10895,"date":"2024-10-25T11:12:23","date_gmt":"2024-10-25T11:12:23","guid":{"rendered":"http:\/\/www.affinite.fr\/index.php\/2024\/10\/25\/sa-maison-ecolo-avec-reserve-deau-de-pluie-compost\/"},"modified":"2024-10-25T11:12:23","modified_gmt":"2024-10-25T11:12:23","slug":"sa-maison-ecolo-avec-reserve-deau-de-pluie-compost","status":"publish","type":"post","link":"https:\/\/www.affinite.fr\/index.php\/2024\/10\/25\/sa-maison-ecolo-avec-reserve-deau-de-pluie-compost\/","title":{"rendered":"sa maison \u00e9colo avec \u00ab\u00a0r\u00e9serve d&rsquo;eau de pluie, compost&#8230;\u00a0\u00bb"},"content":{"rendered":"<p> [ad_1]<br \/>\n<br \/><img decoding=\"async\" src=\"https:\/\/img-3.journaldesfemmes.fr\/T2MekuBxiv6BGnX-_jLBXdL1ogI=\/1280x\/smart\/a5fb0e90a8c8442a8da7396d2e56f138\/ccmcms-jdf\/40000139.jpg\" \/><\/p>\n<p>\n                Lou Doillon est une femme g\u00e2t\u00e9e, elle qui a la chance de poss\u00e9der une maison en plein Paris et une autre, \u00e0 la campagne. La fille de Jane Birkin y m\u00e8ne deux vies tr\u00e8s diff\u00e9rentes.            <\/p>\n<div>\n<p>A 42 ans, <a href=\"https:\/\/www.journaldesfemmes.fr\/people\/lou-doillon\/\" title=\"Lou Doillon\">Lou Doillon<\/a> m\u00e8ne une existence rythm\u00e9e par sa vie d&rsquo;artiste et celle de maman, elle qui a deux enfants (Marlowe, 22 ans et\u00a0Laszlo, 2 ans). Elle partage son quotidien entre la capitale et la campagne. Et, quand elle est au vert, elle vit de fa\u00e7on ultra \u00e9colo.<\/p>\n<h2>Lou Doillon et sa maison de campagne en mode \u00e9colo<\/h2>\n<p>Interrog\u00e9e par <em>Madame Figaro<\/em> en marge du twin-set qu&rsquo;elle a imagin\u00e9 pour les Galeries Lafayette, Lou Doillon a \u00e9t\u00e9 interrog\u00e9e sur son geste \u00e9colo le plus r\u00e9cent. L&rsquo;occasion pour elle de faire quelques confidences sur la mani\u00e8re dont elle vit. \u00ab\u00a0<em>Je vis en partie \u00e0 la campagne, o\u00f9 j&rsquo;ai un compost, un potager, une r\u00e9serve d&rsquo;eau de pluie et des panneaux\u00a0photovolta\u00efques. J&rsquo;essaie de laisser le moins d&#8217;empreinte possible, car c&rsquo;est la moindre des choses de recycler, de ne plus acheter de bouteilles en plastique&#8230; De faire des efforts ordinaire, en somme<\/em>\u00ab\u00a0, a-t-elle confi\u00e9 au magazine.\u00a0<\/p>\n<p>Si on sait que Lou Doillon aimait\u00a0se rendre r\u00e9guli\u00e8rement \u00e0\u00a0Lannilis, en Bretagne, o\u00f9 sa d\u00e9funte maman <a href=\"https:\/\/www.journaldesfemmes.fr\/people\/actus\/2491642-jane-birkin-photos\/\" title=\"Jane Birkin\">Jane Birkin<\/a> poss\u00e9dait un manoir, elle ne pr\u00e9cise pas o\u00f9 se situe sa propre maison de campagne. Lou Doillon, qui pr\u00e9pare aussi un spectacle musical pour les Bouffes du Nord, assure que son fils a\u00een\u00e9 \u00ab\u00a0<em>est attentif<\/em>\u00a0\u00bb \u00e0 la question \u00e9cologique et que cela la rend \u00ab\u00a0<em>fi\u00e8re<\/em>\u00ab\u00a0.<\/p>\n<h2>Lou Doillon et sa maison en plein Paris<\/h2>\n<p>La soeur de Charlotte Gainsbourg a aussi l&rsquo;immense chance d&rsquo;habiter une maison dans la capitale. Interrog\u00e9e par <a href=\"https:\/\/www.radiofrance.fr\/franceculture\/podcasts\/confinement-votre\/lou-doillon-le-confinement-cet-espoir-1718967\" target=\"_blank\" rel=\"noopener\">France Culture<\/a>, en 2020, elle \u00e9voquait alors sa\u00a0maison \u00ab\u00a0<em>au fond d&rsquo;une petite cour au fond du 11e arrondissement<\/em>\u00a0\u00bb de Paris, l\u00e0 o\u00f9 elle a pass\u00e9 son confinement\u00a0et qu&rsquo;elle pr\u00e9sente comme un rep\u00e8re, une grotte.<\/p>\n<p>\u00ab\u00a0<em>J&rsquo;aime le 11e arrondissement, j&rsquo;y habite depuis une vingtaine d&rsquo;ann\u00e9es pr\u00e8s du march\u00e9 d&rsquo;Aligre, mon pr\u00e9f\u00e9r\u00e9 \u00e0 Paris. J&rsquo;aime partir de chez moi, et couper Paris en deux, suivants les quais, jusqu&rsquo;\u00e0\u00a0la place de la Concorde. Rive gauche ou rive droite, \u00e7a d\u00e9pend de l&rsquo;humeur de la ville. Il y a un dynamisme dans le 11e qui est tr\u00e8s singulier. Une mixit\u00e9 autour du plaisir de la vie, de la bouffe, de la musique, de l&rsquo;artisanat et de la picole<\/em>\u00ab\u00a0, disait-elle \u00e0 <em>Mint<\/em>.<\/p>\n<\/p><\/div>\n<p>[ad_2]<br \/>\n<br \/><a href=\"https:\/\/www.journaldesfemmes.fr\/people\/actus\/3204188-lou-doillon-maison-paris-campagne-adresse\/\">Source link <\/a><\/p>\n","protected":false},"excerpt":{"rendered":"<p>[ad_1] Lou Doillon est une femme g\u00e2t\u00e9e, elle qui a la chance de poss\u00e9der une maison en plein Paris et &hellip; <a href=\"https:\/\/www.affinite.fr\/index.php\/2024\/10\/25\/sa-maison-ecolo-avec-reserve-deau-de-pluie-compost\/\" class=\"more-link\">Plus <span class=\"screen-reader-text\">sa maison \u00e9colo avec \u00ab\u00a0r\u00e9serve d&rsquo;eau de pluie, compost&#8230;\u00a0\u00bb<\/span> <span class=\"meta-nav\">&rarr;<\/span><\/a><\/p>\n","protected":false},"author":1,"featured_media":10896,"comment_status":"","ping_status":"open","sticky":false,"template":"","format":"standard","meta":{"_sitemap_exclude":false,"_sitemap_priority":"","_sitemap_frequency":"","footnotes":""},"categories":[1],"tags":[],"class_list":["post-10895","post","type-post","status-publish","format-standard","has-post-thumbnail","hentry","category-tous"],"_links":{"self":[{"href":"https:\/\/www.affinite.fr\/index.php\/wp-json\/wp\/v2\/posts\/10895"}],"collection":[{"href":"https:\/\/www.affinite.fr\/index.php\/wp-json\/wp\/v2\/posts"}],"about":[{"href":"https:\/\/www.affinite.fr\/index.php\/wp-json\/wp\/v2\/types\/post"}],"author":[{"embeddable":true,"href":"https:\/\/www.affinite.fr\/index.php\/wp-json\/wp\/v2\/users\/1"}],"replies":[{"embeddable":true,"href":"https:\/\/www.affinite.fr\/index.php\/wp-json\/wp\/v2\/comments?post=10895"}],"version-history":[{"count":0,"href":"https:\/\/www.affinite.fr\/index.php\/wp-json\/wp\/v2\/posts\/10895\/revisions"}],"wp:featuredmedia":[{"embeddable":true,"href":"https:\/\/www.affinite.fr\/index.php\/wp-json\/wp\/v2\/media\/10896"}],"wp:attachment":[{"href":"https:\/\/www.affinite.fr\/index.php\/wp-json\/wp\/v2\/media?parent=10895"}],"wp:term":[{"taxonomy":"category","embeddable":true,"href":"https:\/\/www.affinite.fr\/index.php\/wp-json\/wp\/v2\/categories?post=10895"},{"taxonomy":"post_tag","embeddable":true,"href":"https:\/\/www.affinite.fr\/index.php\/wp-json\/wp\/v2\/tags?post=10895"}],"curies":[{"name":"wp","href":"https:\/\/api.w.org\/{rel}","templated":true}]}}