{"id":10830,"date":"2024-09-27T18:13:55","date_gmt":"2024-09-27T18:13:55","guid":{"rendered":"http:\/\/www.affinite.fr\/index.php\/2024\/09\/27\/est-ce-le-bon-moment-pour-rallumer-le-chauffage-le-point-sur-la-meteo\/"},"modified":"2024-09-27T18:13:55","modified_gmt":"2024-09-27T18:13:55","slug":"est-ce-le-bon-moment-pour-rallumer-le-chauffage-le-point-sur-la-meteo","status":"publish","type":"post","link":"https:\/\/www.affinite.fr\/index.php\/2024\/09\/27\/est-ce-le-bon-moment-pour-rallumer-le-chauffage-le-point-sur-la-meteo\/","title":{"rendered":"Est-ce le bon moment pour rallumer le chauffage\u00a0? Le point sur la m\u00e9t\u00e9o"},"content":{"rendered":"<p> [ad_1]<br \/>\n<br \/><img decoding=\"async\" src=\"https:\/\/img-3.journaldesfemmes.fr\/fXNkCkoXfy4_rZNj27j8D1xhWDo=\/1280x\/smart\/84cbdb6601fc4c198db89efcdf00912b\/ccmcms-jdf\/39995101.jpg\" \/><\/p>\n<p>\n                Avec l&rsquo;automne, la baisse des temp\u00e9ratures peut donner envie de rallumer le chauffage. Mais si vous vous demandez s&rsquo;il est trop t\u00f4t pour remettre en route votre chauffage, voici nos conseils et astuces pour vous aider \u00e0 faire le point.            <\/p>\n<div>\n<p>Entre deux saisons et selon les r\u00e9gions, les temp\u00e9ratures peuvent faire le grand \u00e9cart, si bien qu&rsquo;il est difficile de s&rsquo;y retrouver d&rsquo;un point de vue confort thermique. Toutefois, afin d&rsquo;\u00e9viter la surchauffe et les factures \u00e9lev\u00e9es, il est important de d\u00e9terminer\u00a0quel est le bon\u00a0moment pour rallumer le chauffage.\u00a0<\/p>\n<p>\u00c0 la question \u00ab\u00a0Quand faut-il rallumer le chauffage ?\u00a0\u00bb, il n&rsquo;y a pas vraiment de r\u00e9ponse pr\u00e9cise, car cela d\u00e9pend de nombreux crit\u00e8res. La r\u00e9gion d&rsquo;habitation est l&rsquo;un des premiers facteurs \u00e0 prendre en consid\u00e9ration, car selon votre secteur g\u00e9ographique, les nuits peuvent \u00eatre plus fra\u00eeches d\u00e8s la fin du mois d&rsquo;ao\u00fbt et si vous vivez dans un endroit\u00a0pluvieux, l&rsquo;humidit\u00e9 peut contribuer \u00e0 rafra\u00eechir l&rsquo;atmosph\u00e8re. Les caract\u00e9ristiques de votre logement p\u00e8sent aussi dans la balance parce que si l&rsquo;isolation est mauvaise ou que votre appartement est situ\u00e9 au rez-de-chauss\u00e9e, la sensation de froid peut \u00eatre accentu\u00e9e. Et si vous ressentez un certain inconfort \u00e0 diff\u00e9rents moments de la journ\u00e9e, par exemple en vous levant de votre lit, en allant prendre votre douche ou en regardant un film sur votre canap\u00e9, il est peut-\u00eatre temps de rallumer votre chauffage.<\/p>\n<p>Avec un mois de septembre plut\u00f4t mitig\u00e9 et pas mal de jours de pluie, les temp\u00e9ratures ext\u00e9rieures sont d\u00e9j\u00e0 fra\u00eeches dans la plupart de l&rsquo;hexagone. M\u00e9t\u00e9o France pr\u00e9voit un temps perturb\u00e9 et humide pour le d\u00e9but du mois d&rsquo;octobre, laissant s&rsquo;\u00e9loigner l&rsquo;espoir d&rsquo;un \u00e9t\u00e9 indien. \u00c0 l&rsquo;int\u00e9rieur, on note que la temp\u00e9rature de confort d&rsquo;un logement se situe autour de 19\u00b0. Aussi, si vous relevez une temp\u00e9rature inf\u00e9rieure dans vos pi\u00e8ces de vie, c&rsquo;est un bon indicateur pour remettre en route votre chauffage, d&rsquo;autant plus si vous avez des enfants en bas \u00e2ge.<\/p>\n<p>Avant de rallumer votre chauffage, il est important de tenir compte de vos \u00e9quipements, qui n\u00e9cessitent sans doute quelques ajustements apr\u00e8s des mois d&rsquo;inactivit\u00e9. Si vous vous chauffez avec des radiateurs \u00e9lectriques, il suffit de les allumer, mais attention, car si vous\u00a0r\u00e9glez la temp\u00e9rature au maximum d\u00e8s le d\u00e9part, votre facture risque de grimper \u00e0 vue d&rsquo;\u0153il ! Vous avez une chaudi\u00e8re au gaz ou au fioul ? Effectuer un entretien par un professionnel est obligatoire avant la remise en route de votre chauffage pour des questions de confort et de s\u00e9curit\u00e9. Pour cela, pensez \u00e0 anticiper en contactant un chauffagiste rapidement. Les po\u00eales \u00e0 bois ou \u00e0 granul\u00e9s n\u00e9cessitent \u00e9galement\u00a0un entretien obligatoire, ainsi qu&rsquo;un approvisionnement en bois ou en pellets, qu&rsquo;il convient de stocker avant la baisse des temp\u00e9ratures. Enfin, si votre logement est chauff\u00e9 collectivement, il vous faudra patienter jusqu&rsquo;\u00e0 la date fix\u00e9e pour mettre en route vos radiateurs, qui se situe g\u00e9n\u00e9ralement \u00e0 la mi-octobre.<\/p>\n<\/p><\/div>\n<p>[ad_2]<br \/>\n<br \/><a href=\"https:\/\/deco.journaldesfemmes.fr\/bricolage-et-travaux\/3198204-est-ce-le-bon-moment-pour-rallumer-le-chauffage-le-point-sur-la-meteo\/\">Source link <\/a><\/p>\n","protected":false},"excerpt":{"rendered":"<p>[ad_1] Avec l&rsquo;automne, la baisse des temp\u00e9ratures peut donner envie de rallumer le chauffage. Mais si vous vous demandez s&rsquo;il &hellip; <a href=\"https:\/\/www.affinite.fr\/index.php\/2024\/09\/27\/est-ce-le-bon-moment-pour-rallumer-le-chauffage-le-point-sur-la-meteo\/\" class=\"more-link\">Plus <span class=\"screen-reader-text\">Est-ce le bon moment pour rallumer le chauffage\u00a0? Le point sur la m\u00e9t\u00e9o<\/span> <span class=\"meta-nav\">&rarr;<\/span><\/a><\/p>\n","protected":false},"author":1,"featured_media":10831,"comment_status":"","ping_status":"open","sticky":false,"template":"","format":"standard","meta":{"_sitemap_exclude":false,"_sitemap_priority":"","_sitemap_frequency":"","footnotes":""},"categories":[1],"tags":[],"class_list":["post-10830","post","type-post","status-publish","format-standard","has-post-thumbnail","hentry","category-tous"],"_links":{"self":[{"href":"https:\/\/www.affinite.fr\/index.php\/wp-json\/wp\/v2\/posts\/10830"}],"collection":[{"href":"https:\/\/www.affinite.fr\/index.php\/wp-json\/wp\/v2\/posts"}],"about":[{"href":"https:\/\/www.affinite.fr\/index.php\/wp-json\/wp\/v2\/types\/post"}],"author":[{"embeddable":true,"href":"https:\/\/www.affinite.fr\/index.php\/wp-json\/wp\/v2\/users\/1"}],"replies":[{"embeddable":true,"href":"https:\/\/www.affinite.fr\/index.php\/wp-json\/wp\/v2\/comments?post=10830"}],"version-history":[{"count":0,"href":"https:\/\/www.affinite.fr\/index.php\/wp-json\/wp\/v2\/posts\/10830\/revisions"}],"wp:featuredmedia":[{"embeddable":true,"href":"https:\/\/www.affinite.fr\/index.php\/wp-json\/wp\/v2\/media\/10831"}],"wp:attachment":[{"href":"https:\/\/www.affinite.fr\/index.php\/wp-json\/wp\/v2\/media?parent=10830"}],"wp:term":[{"taxonomy":"category","embeddable":true,"href":"https:\/\/www.affinite.fr\/index.php\/wp-json\/wp\/v2\/categories?post=10830"},{"taxonomy":"post_tag","embeddable":true,"href":"https:\/\/www.affinite.fr\/index.php\/wp-json\/wp\/v2\/tags?post=10830"}],"curies":[{"name":"wp","href":"https:\/\/api.w.org\/{rel}","templated":true}]}}