{"id":10759,"date":"2024-09-03T17:26:40","date_gmt":"2024-09-03T17:26:40","guid":{"rendered":"http:\/\/www.affinite.fr\/index.php\/2024\/09\/03\/pour-la-rentree-julia-vignali-rehausse-son-teint-hale-avec-une-robe-tout-en-couleurs-parfaitement-choisie\/"},"modified":"2024-09-03T17:26:40","modified_gmt":"2024-09-03T17:26:40","slug":"pour-la-rentree-julia-vignali-rehausse-son-teint-hale-avec-une-robe-tout-en-couleurs-parfaitement-choisie","status":"publish","type":"post","link":"https:\/\/www.affinite.fr\/index.php\/2024\/09\/03\/pour-la-rentree-julia-vignali-rehausse-son-teint-hale-avec-une-robe-tout-en-couleurs-parfaitement-choisie\/","title":{"rendered":"Pour la rentr\u00e9e, Julia Vignali rehausse son teint h\u00e2l\u00e9 avec une robe tout en couleurs, parfaitement choisie"},"content":{"rendered":"<p> [ad_1]<br \/>\n<\/p>\n<p>\n                Venue assister \u00e0 la Mostra de Venise ce vendredi 30\u00a0ao\u00fbt 2024, Julia Vignali s&rsquo;est affich\u00e9e au c\u00f4t\u00e9 de son mari, Kad Merad, dans une tenue lumineuse \u00e0 souhait\u00a0: une robe haute en couleurs, sublimant son joli h\u00e2le d&rsquo;\u00e9t\u00e9.            <\/p>\n<div>\n<p>L&rsquo;\u00e9t\u00e9 est termin\u00e9 et <strong><a href=\"https:\/\/www.journaldesfemmes.fr\/people\/personnalites\/2714929-julia-vignali\/\" title=\"Julia Vignali\">Julia Vignali<\/a><\/strong> encha\u00eene d\u00e9j\u00e0 les rendez-vous de la rentr\u00e9e. Le dernier en date se d\u00e9roulait en Italie \u00e0 l&rsquo;occasion du festival international du film de Venise, afin de soutenir son mari Kad Merad \u00e0 l&rsquo;affiche du film<em> Finalement<\/em> de Claude Lelouch.\u00a0Pour l&rsquo;\u00e9v\u00e9nement, l&rsquo;animatrice de t\u00e9l\u00e9vision s&rsquo;est gliss\u00e9e dans une robe \u00e0 l&rsquo;imprim\u00e9 estival, rappelant les vacances.\u00a0Zoom.\u00a0C&rsquo;est au bras de son mari Kad Merad que Julia Vignali rayonnait d&rsquo;\u00e9l\u00e9gance \u00e0 la Mostra de Venise.\u00a0Pour fouler le red carpet italien, la Fran\u00e7aise de 49\u00a0ans est apparue dans une robe longue \u00e0 manches longues et d\u00e9collet\u00e9, ceintur\u00e9e \u00e0 la taille.\u00a0Mais le d\u00e9tail qui venait upgrader sa silhouette n&rsquo;\u00e9tait autre que l&rsquo;imprim\u00e9 multicolore de la pi\u00e8ce, reprenant un ensemble de fleurs et formes g\u00e9om\u00e9triques dans une infinit\u00e9 de nuances.\u00a0Une cr\u00e9ation d\u00e9j\u00e0 arbor\u00e9e lors\u00a0du <strong>74\u1d49 Festival de Cannes en 2021<\/strong>, qu&rsquo;elle est venue accessoiriser, cette fois,\u00a0d&rsquo;une pochette en cuir noir et d&rsquo;une paire de boucles d&rsquo;oreilles pendantes argent\u00e9es.\u00a0Sublime !<\/p>\n<div style=\"text-align:center\">\n<figure class=\"image\" style=\"display:inline-block\"><img decoding=\"async\" alt=\"julia-vignali-look\" src=\"https:\/\/img-3.journaldesfemmes.fr\/Zv7GQzYo4MBRgGiD-pbC2AI7PLw=\/300x\/smart\/f53306e00efe41789c6a31a53673dfa8\/ccmcms-jdf\/39991168.jpg\"\/><figcaption data-credit=\"Marechal Aurore\/ABACA\"><small>\u00a9\u00a0Marechal Aurore\/ABACA<\/small><\/figcaption><\/figure>\n<\/div>\n<p>Et en ce qui concerne les robes de cr\u00e9ateur, Julia Vignali\u00a0en conna\u00eet un rayon.\u00a0On se souvient, par exemple, de sa robe boh\u00e8me dans des teintes de vert et de violet, lors du mariage de Claude Lelouch le 17\u00a0juin 2023, qu&rsquo;elle avait d\u00e9cid\u00e9\u00a0de porter avec une paire d&rsquo;escarpins beiges et un sac \u00e0 main en cuir vert, port\u00e9 \u00e0 l&rsquo;\u00e9paule.<\/p>\n<p>\u00a0\u00c0\u00a0l&rsquo;\u00e9cran, non plus, l&rsquo;animatrice ne d\u00e9roge pas \u00e0 la r\u00e8gle.\u00a0En effet, le 9 avril 2024, elle avait marqu\u00e9 les esprits dans <em>Affaire Conclue<\/em> avec une robe patchwork dans les tons violets, cintr\u00e9e \u00e0 la taille.\u00a0Inspirant !<\/p>\n<\/p><\/div>\n<p>[ad_2]<br \/>\n<br \/><a href=\"https:\/\/www.journaldesfemmes.fr\/mode\/looks-de-star\/3197470-pour-la-rentree-julia-vignali-rehausse-son-teint-hale-avec-une-robe-tout-en-couleurs-parfaitement-choisie\/\">Source link <\/a><\/p>\n","protected":false},"excerpt":{"rendered":"<p>[ad_1] Venue assister \u00e0 la Mostra de Venise ce vendredi 30\u00a0ao\u00fbt 2024, Julia Vignali s&rsquo;est affich\u00e9e au c\u00f4t\u00e9 de son &hellip; <a href=\"https:\/\/www.affinite.fr\/index.php\/2024\/09\/03\/pour-la-rentree-julia-vignali-rehausse-son-teint-hale-avec-une-robe-tout-en-couleurs-parfaitement-choisie\/\" class=\"more-link\">Plus <span class=\"screen-reader-text\">Pour la rentr\u00e9e, Julia Vignali rehausse son teint h\u00e2l\u00e9 avec une robe tout en couleurs, parfaitement choisie<\/span> <span class=\"meta-nav\">&rarr;<\/span><\/a><\/p>\n","protected":false},"author":1,"featured_media":10760,"comment_status":"","ping_status":"open","sticky":false,"template":"","format":"standard","meta":{"_sitemap_exclude":false,"_sitemap_priority":"","_sitemap_frequency":"","footnotes":""},"categories":[1],"tags":[],"class_list":["post-10759","post","type-post","status-publish","format-standard","has-post-thumbnail","hentry","category-tous"],"_links":{"self":[{"href":"https:\/\/www.affinite.fr\/index.php\/wp-json\/wp\/v2\/posts\/10759"}],"collection":[{"href":"https:\/\/www.affinite.fr\/index.php\/wp-json\/wp\/v2\/posts"}],"about":[{"href":"https:\/\/www.affinite.fr\/index.php\/wp-json\/wp\/v2\/types\/post"}],"author":[{"embeddable":true,"href":"https:\/\/www.affinite.fr\/index.php\/wp-json\/wp\/v2\/users\/1"}],"replies":[{"embeddable":true,"href":"https:\/\/www.affinite.fr\/index.php\/wp-json\/wp\/v2\/comments?post=10759"}],"version-history":[{"count":0,"href":"https:\/\/www.affinite.fr\/index.php\/wp-json\/wp\/v2\/posts\/10759\/revisions"}],"wp:featuredmedia":[{"embeddable":true,"href":"https:\/\/www.affinite.fr\/index.php\/wp-json\/wp\/v2\/media\/10760"}],"wp:attachment":[{"href":"https:\/\/www.affinite.fr\/index.php\/wp-json\/wp\/v2\/media?parent=10759"}],"wp:term":[{"taxonomy":"category","embeddable":true,"href":"https:\/\/www.affinite.fr\/index.php\/wp-json\/wp\/v2\/categories?post=10759"},{"taxonomy":"post_tag","embeddable":true,"href":"https:\/\/www.affinite.fr\/index.php\/wp-json\/wp\/v2\/tags?post=10759"}],"curies":[{"name":"wp","href":"https:\/\/api.w.org\/{rel}","templated":true}]}}