{"id":1034,"date":"2020-03-23T23:24:03","date_gmt":"2020-03-23T23:24:03","guid":{"rendered":"https:\/\/www.affinite.fr\/index.php\/2020\/03\/23\/en-raison-du-coronavirus-chrome-82-ne-sortira-jamais\/"},"modified":"2020-03-23T23:24:03","modified_gmt":"2020-03-23T23:24:03","slug":"en-raison-du-coronavirus-chrome-82-ne-sortira-jamais","status":"publish","type":"post","link":"https:\/\/www.affinite.fr\/index.php\/2020\/03\/23\/en-raison-du-coronavirus-chrome-82-ne-sortira-jamais\/","title":{"rendered":"En raison du coronavirus, Chrome\u00a082 ne sortira jamais"},"content":{"rendered":"<p> [ad_1]<br \/>\n<br \/><img decoding=\"async\" src=\"https:\/\/img.bfmtv.com\/i\/0\/0\/52c\/87e79246f914b783090bdeacbd5c3.jpg\" \/><\/p>\n<div itemprop=\"articleBody\">\n<p>Les plannings de d\u00e9veloppement de Chrome continuent d\u2019\u00eatre boulevers\u00e9s par les imp\u00e9ratifs de la pand\u00e9mie. La semaine derni\u00e8re, Google avait annonc\u00e9 <a href=\"https:\/\/www.01net.com\/actualites\/google-arrete-temporairement-le-developpement-de-chrome-1877808.html\" target=\"_blank\" rel=\"noopener noreferrer\">un gel dans le d\u00e9veloppement du navigateur<\/a> et un ajournement du lancement de la version\u00a081. Il vient maintenant de d\u00e9cider la suppression pure et simple de la version Chrome\u00a082, afin de pouvoir all\u00e9ger les canaux de d\u00e9veloppement et se focaliser davantage sur la s\u00e9curit\u00e9 et la stabilit\u00e9.<\/p>\n<aside class=\"bg-color-0 padding-inside-all-s bloc border-s\">\n<h4 class=\"box-txt-normal\">\n<p><b>A d\u00e9couvrir aussi en vid\u00e9o<\/b><\/p>\n<\/h4>\n<\/aside>\n<p>\u00c9videmment, tous les d\u00e9veloppements r\u00e9alis\u00e9s pour la version\u00a082 ne sont pas mis \u00e0 la poubelle. Ils seront tout simplement int\u00e9gr\u00e9s dans la version\u00a083, dont la sortie est pr\u00e9vue pour fin avril. Ces changements se r\u00e9percutent \u00e9galement sur les autres navigateurs fond\u00e9s sur Chromium. Microsoft, par exemple, a embray\u00e9 le pas sur celui de Google et annonc\u00e9 un ajournement de la version\u00a081.<\/p>\n<p><strong>Source\u00a0<\/strong>: <a href=\"https:\/\/groups.google.com\/a\/chromium.org\/d\/msg\/chromium-dev\/Vn7uzglqLz0\/JItlSrZxBAAJ\" target=\"_blank\" rel=\"noopener noreferrer\">Google Chrome Forum<\/a><\/p>\n<\/p><\/div>\n<p><script>\n         !function(f,b,e,v,n,t,s){if(f.fbq)return;n=f.fbq=function()\n         {n.callMethod? n.callMethod.apply(n,arguments):n.queue.push(arguments)}\n         ;if(!f._fbq)f._fbq=n;\n             n.push=n;n.loaded=!0;n.version='2.0';n.queue=[];t=b.createElement(e);t.async=!0;\n             t.src=v;s=b.getElementsByTagName(e)[0];s.parentNode.insertBefore(t,s)}(window,\n                 document,'script','https:\/\/connect.facebook.net\/en_US\/fbevents.js');\n         fbq('init', '1065890633454496');\n         fbq('track', 'PageView');\n     <\/script><br \/>\n<br \/>[ad_2]<br \/>\n<br \/><a href=\"https:\/\/www.01net.com\/actualites\/en-raison-du-coronavirus-chrome82-ne-sortira-jamais-1880447.html\">Source link <\/a><\/p>\n","protected":false},"excerpt":{"rendered":"<p>[ad_1] Les plannings de d\u00e9veloppement de Chrome continuent d\u2019\u00eatre boulevers\u00e9s par les imp\u00e9ratifs de la pand\u00e9mie. La semaine derni\u00e8re, Google &hellip; <a href=\"https:\/\/www.affinite.fr\/index.php\/2020\/03\/23\/en-raison-du-coronavirus-chrome-82-ne-sortira-jamais\/\" class=\"more-link\">Plus <span class=\"screen-reader-text\">En raison du coronavirus, Chrome\u00a082 ne sortira jamais<\/span> <span class=\"meta-nav\">&rarr;<\/span><\/a><\/p>\n","protected":false},"author":1,"featured_media":1035,"comment_status":"open","ping_status":"open","sticky":false,"template":"","format":"standard","meta":{"_sitemap_exclude":false,"_sitemap_priority":"","_sitemap_frequency":"","footnotes":""},"categories":[1],"tags":[],"class_list":["post-1034","post","type-post","status-publish","format-standard","has-post-thumbnail","hentry","category-tous"],"_links":{"self":[{"href":"https:\/\/www.affinite.fr\/index.php\/wp-json\/wp\/v2\/posts\/1034"}],"collection":[{"href":"https:\/\/www.affinite.fr\/index.php\/wp-json\/wp\/v2\/posts"}],"about":[{"href":"https:\/\/www.affinite.fr\/index.php\/wp-json\/wp\/v2\/types\/post"}],"author":[{"embeddable":true,"href":"https:\/\/www.affinite.fr\/index.php\/wp-json\/wp\/v2\/users\/1"}],"replies":[{"embeddable":true,"href":"https:\/\/www.affinite.fr\/index.php\/wp-json\/wp\/v2\/comments?post=1034"}],"version-history":[{"count":0,"href":"https:\/\/www.affinite.fr\/index.php\/wp-json\/wp\/v2\/posts\/1034\/revisions"}],"wp:featuredmedia":[{"embeddable":true,"href":"https:\/\/www.affinite.fr\/index.php\/wp-json\/wp\/v2\/media\/1035"}],"wp:attachment":[{"href":"https:\/\/www.affinite.fr\/index.php\/wp-json\/wp\/v2\/media?parent=1034"}],"wp:term":[{"taxonomy":"category","embeddable":true,"href":"https:\/\/www.affinite.fr\/index.php\/wp-json\/wp\/v2\/categories?post=1034"},{"taxonomy":"post_tag","embeddable":true,"href":"https:\/\/www.affinite.fr\/index.php\/wp-json\/wp\/v2\/tags?post=1034"}],"curies":[{"name":"wp","href":"https:\/\/api.w.org\/{rel}","templated":true}]}}