{"id":9980,"date":"2024-01-30T16:28:54","date_gmt":"2024-01-30T16:28:54","guid":{"rendered":"https:\/\/www.affinite.fr\/index.php\/2024\/01\/30\/crepes-sans-gluten-sans-lactose-et-ig-bas\/"},"modified":"2024-01-30T16:28:54","modified_gmt":"2024-01-30T16:28:54","slug":"crepes-sans-gluten-sans-lactose-et-ig-bas","status":"publish","type":"post","link":"http:\/\/www.affinite.fr\/index.php\/2024\/01\/30\/crepes-sans-gluten-sans-lactose-et-ig-bas\/","title":{"rendered":"Cr\u00eapes sans gluten, sans lactose et IG bas"},"content":{"rendered":"<p> [ad_1]<br \/>\n<\/p>\n<div>\n<p itemprop=\"description\">D\u00e9couvrez le go\u00fbt unique de <strong>mes cr\u00eapes sans gluten, sans lactose IG bas<\/strong>, une recette saine et savoureuse qui ravira vos papilles ! R\u00e9alis\u00e9es avec un m\u00e9lange de farines de millet et de lupin, ces cr\u00eapes sont non seulement d\u00e9licieuses mais aussi douces pour votre sant\u00e9.<\/p>\n<p>La <strong>farine de millet<\/strong>, naturellement sans gluten, apporte une <strong>texture l\u00e9g\u00e8re et un go\u00fbt subtilement sucr\u00e9<\/strong>. Elle vient contre balancer la<strong> farine de lupin<\/strong>, <strong>riche en prot\u00e9ines et en fibres<\/strong> au go\u00fbt plus marqu\u00e9, qui offre une couleur dor\u00e9e et un profil nutritionnel exceptionnel. Ensemble, elles cr\u00e9ent une cr\u00eape qui non seulement satisfait les restrictions alimentaires mais enchante \u00e9galement les sens.<\/p>\n<p>Parfaites pour un <strong>petit-d\u00e9jeuner nutritif, un d\u00e9jeuner l\u00e9ger ou m\u00eame un d\u00eener gourmand<\/strong>, et bien s\u00fbr une chandeleur version saine ! Ces cr\u00eapes se marient \u00e0 merveille avec une vari\u00e9t\u00e9 de garnitures \u2013 sucr\u00e9es ou sal\u00e9es. Que ce soit avec des fruits frais, du sirop d\u2019\u00e9rable, des pur\u00e9es d\u2019ol\u00e9agineux, ou m\u00eame des garnitures sal\u00e9es comme des \u00e9pinards et du fromage v\u00e9g\u00e9tal, elles sont incroyablement polyvalentes.<\/p>\n<p>Essayez-les et laissez-vous surprendre par la richesse des saveurs qui change de la version classique !<\/p>\n<h2>Variation pour la recette de cr\u00eapes sans gluten, sans lactose \u00e0 IG bas<\/h2>\n<h3>Les farines sans gluten :<\/h3>\n<p><strong>Farine de l\u00e9gumineuses :<\/strong> vous pouvez substituer la farine de lupin (ig de 15) par d\u2019autres farines de l\u00e9gumineuses comme la farine de lentilles ou de pois chiche, qui ont des indices glyc\u00e9miques plus \u00e9lev\u00e9s (ig de 35), mais qui restent raisonnables. Cette option est utile pour ceux qui n\u2019appr\u00e9cient pas le go\u00fbt du lupin.<\/p>\n<p><strong>Farine de millet :<\/strong> la farine de millet, avec un ig de 70, peut \u00eatre remplac\u00e9e par de la farine de riz complet (ig de 75) ou de manioc (ig de 85). Il est important de maintenir un \u00e9quilibre entre les farines riches en prot\u00e9ines v\u00e9g\u00e9tales (comme les l\u00e9gumineuses) et celles riches en glucides (comme les c\u00e9r\u00e9ales).<\/p>\n<h3>Les graines de chia :<\/h3>\n<p>Vous pouvez remplacer la cuill\u00e8re \u00e0 soupe de graines de chia par des graines de lin ou de la poudre de psyllium. Cependant, il est conseill\u00e9 de garder l\u2019une de ces trois options pour \u00e9viter que la cr\u00eape ne devienne trop friable et pour faciliter son retournement lors de la cuisson.<\/p>\n<h3>Les laits v\u00e9g\u00e9taux :<\/h3>\n<p>Pour maintenir un IG bas, privil\u00e9giez un lait v\u00e9g\u00e9tal d\u2019ol\u00e9agineux fait maison. C\u2019est simple : mixez 100 g de noisettes, de cajou, de noix ou d\u2019amandes avec 1 litre d\u2019eau pendant 2 minutes \u00e0 pleine puissance. Cette m\u00e9thode est rapide, efficace et ne n\u00e9cessite ni sucre ni additifs.<\/p>\n<h2>Recette de cr\u00eapes sans gluten, sans lactose IG bas<\/h2>\n<ul class=\"typerect\" itemprop=\"recipeCuisine\">\n<li class=\"ssgluten\" itemprop=\"suitableForDiet\"><span>Recette sans gluten<\/span><\/li>\n<li class=\"sslait\" itemprop=\"suitableForDiet\"><span>Recette sans lactose<\/span><\/li>\n<\/ul>\n<div id=\"attachment_116812\" style=\"width: 810px\" class=\"wp-caption alignnone\"><img aria-describedby=\"caption-attachment-116812\" decoding=\"async\" fetchpriority=\"high\" class=\"size-full wp-image-116812\" src=\"https:\/\/cuisine-saine.fr\/wp-content\/uploads\/2024\/01\/crepes-sans-gluten-ig-bas.jpg\" alt=\"Cr\u00eapes sans gluten, sans lactose et IG bas\" width=\"800\" height=\"877\" itemprop=\"image\" srcset=\"https:\/\/cuisine-saine.fr\/wp-content\/uploads\/2024\/01\/crepes-sans-gluten-ig-bas.jpg 800w, https:\/\/cuisine-saine.fr\/wp-content\/uploads\/2024\/01\/crepes-sans-gluten-ig-bas-480x526.jpg 480w\" sizes=\"(min-width: 0px) and (max-width: 480px) 480px, (min-width: 481px) 800px, 100vw\"\/><\/p>\n<p id=\"caption-attachment-116812\" class=\"wp-caption-text\">Cr\u00eapes sans gluten, sans lactose et IG bas<\/p>\n<\/div>\n<div class=\"intro\">\n<p itemprop=\"recipeCategory\">Accompagnement<\/p>\n<p class=\"temps\"><strong class=\"yield\" itemprop=\"recipeYield\">Pour 8 cr\u00eapes sans gluten ni lactose<\/strong><br \/><strong>Temps de pr\u00e9paration<\/strong> : <time datetime=\"PT10M\" itemprop=\"prepTime\">10 min<\/time><br \/><strong>Temps de cuisson<\/strong> : <time datetime=\"PT5M\" itemprop=\"cookTime\">5 min<\/time><\/p>\n<\/div>\n<div class=\"ingredient\">\n<h3 class=\"listetitre\">Ingr\u00e9dients<\/h3>\n<ul class=\"listeingredient\">\n<li class=\"ingredient\" itemprop=\"recipeIngredient\">600 ml de lait d\u2019amande<\/li>\n<li class=\"ingredient\" itemprop=\"recipeIngredient\">100 g de farine de lupin<\/li>\n<li class=\"ingredient\" itemprop=\"recipeIngredient\">100 g de farine de millet<\/li>\n<li class=\"ingredient\" itemprop=\"recipeIngredient\">1 cuil. \u00e0 soupe de graines de chia<\/li>\n<li class=\"ingredient\" itemprop=\"recipeIngredient\">3 \u0153ufs<\/li>\n<li class=\"ingredient\" itemprop=\"recipeIngredient\">3 cuil. \u00e0 soupe d\u2019huile d\u2019olive<\/li>\n<\/ul>\n<\/div>\n<ol class=\"recette\" itemprop=\"recipeInstructions\">\n<li itemprop=\"step\">Commencez par r\u00e9duire les graines de chia en poudre \u00e0 l\u2019aide d\u2019un <a href=\"https:\/\/healthy-market.cuisine-saine.fr\/rayons\/blender\/\" rel=\"noopener\" target=\"_blank\">blender<\/a> ou d\u2019un moulin \u00e0 caf\u00e9. M\u00e9langer les graines de chia moulues avec un petit verre de lait d\u2019amande. Laissez reposer pendant environ 10 minutes pour qu\u2019elles forment un gel.<\/li>\n<li itemprop=\"step\">Dans un grand bol, combinez la farine de lupin et la farine de millet.<\/li>\n<li itemprop=\"step\">Faites un puits au centre des farines et ajoutez les \u0153ufs. Commencez \u00e0 m\u00e9langer doucement en incorporant progressivement le lait d\u2019amande et le gel de chia. M\u00e9langez jusqu\u2019\u00e0 obtenir une p\u00e2te lisse et homog\u00e8ne.<\/li>\n<li itemprop=\"step\">Ajoutez l\u2019huile d\u2019olive \u00e0 la p\u00e2te et m\u00e9langez bien. L\u2019huile aidera \u00e0 rendre les cr\u00eapes plus moelleuses et \u00e0 les emp\u00eacher de coller \u00e0 la po\u00eale.<\/li>\n<li itemprop=\"step\">Laissez reposer la p\u00e2te pendant au moins 30 minutes \u00e0 temp\u00e9rature ambiante. Cela permet aux farines de bien s\u2019hydrater et am\u00e9liore la texture des cr\u00eapes.<\/li>\n<li itemprop=\"step\">Chauffez une po\u00eale antiadh\u00e9sive \u00e0 feu moyen. Versez une louche de p\u00e2te et inclinez la po\u00eale pour r\u00e9partir la p\u00e2te uniform\u00e9ment. Faites cuire jusqu\u2019\u00e0 ce que les bords de la cr\u00eape commencent \u00e0 dorer et que le dessus de la cr\u00eape soit sec, puis retournez-la pour cuire l\u2019autre c\u00f4t\u00e9.<\/li>\n<li itemprop=\"step\">Servez les cr\u00eapes chaudes avec les garnitures de votre choix, sucr\u00e9es ou sal\u00e9es.<\/li>\n<\/ol>\n<h3 class=\"conseil\">Le conseil de Karen<\/h3>\n<div class=\"conkar\">\n<p>Cette recette donne des <strong>cr\u00eapes sans gluten nutritives et IG bas<\/strong>, parfaites la chandeleur version saine. Vous pouvez les accompagner de fruits frais, d\u2019un filet de sirop d\u2019\u00e9rable, de pur\u00e9e d\u2019ol\u00e9agineux ou de garnitures sal\u00e9es selon vos go\u00fbts. Bon app\u00e9tit !<\/p>\n<\/div>\n<div class=\"printfriendly pf-button pf-button-content pf-aligncenter\"><a href=\"#\" rel=\"nofollow\" onclick=\"window.print(); return false;\" title=\"Printer Friendly, PDF &amp; Email\"><noscript><img decoding=\"async\" class=\"pf-button-img\" src=\"https:\/\/cdn.printfriendly.com\/buttons\/printfriendly-pdf-button-nobg-md.png\" alt=\"Print Friendly, PDF &amp; Email\" style=\"width: 124px;height: 30px;\"\/><\/noscript><img decoding=\"async\" class=\"lazyload pf-button-img\" src=\"data:image\/svg+xml,%3Csvg%20xmlns=%22http:\/\/www.w3.org\/2000\/svg%22%20viewBox=%220%200%20210%20140%22%3E%3C\/svg%3E\" data-src=\"https:\/\/cdn.printfriendly.com\/buttons\/printfriendly-pdf-button-nobg-md.png\" alt=\"Print Friendly, PDF &amp; Email\" style=\"width: 124px;height: 30px;\"\/><\/a><\/div>\n<\/div>\n<p>[ad_2]<br \/>\n<br \/><a href=\"https:\/\/cuisine-saine.fr\/recette-sans-gluten-ni-lait\/crepes-sans-gluten-sans-lactose-ig-bas\/\">Source link <\/a><\/p>\n","protected":false},"excerpt":{"rendered":"<p>[ad_1] D\u00e9couvrez le go\u00fbt unique de mes cr\u00eapes sans gluten, sans lactose IG bas, une recette saine et savoureuse qui &hellip; <a href=\"http:\/\/www.affinite.fr\/index.php\/2024\/01\/30\/crepes-sans-gluten-sans-lactose-et-ig-bas\/\" class=\"more-link\">Plus <span class=\"screen-reader-text\">Cr\u00eapes sans gluten, sans lactose et IG bas<\/span> <span class=\"meta-nav\">&rarr;<\/span><\/a><\/p>\n","protected":false},"author":1,"featured_media":9981,"comment_status":"","ping_status":"open","sticky":false,"template":"","format":"standard","meta":{"_sitemap_exclude":false,"_sitemap_priority":"","_sitemap_frequency":"","footnotes":""},"categories":[1],"tags":[],"class_list":["post-9980","post","type-post","status-publish","format-standard","has-post-thumbnail","hentry","category-tous"],"_links":{"self":[{"href":"http:\/\/www.affinite.fr\/index.php\/wp-json\/wp\/v2\/posts\/9980"}],"collection":[{"href":"http:\/\/www.affinite.fr\/index.php\/wp-json\/wp\/v2\/posts"}],"about":[{"href":"http:\/\/www.affinite.fr\/index.php\/wp-json\/wp\/v2\/types\/post"}],"author":[{"embeddable":true,"href":"http:\/\/www.affinite.fr\/index.php\/wp-json\/wp\/v2\/users\/1"}],"replies":[{"embeddable":true,"href":"http:\/\/www.affinite.fr\/index.php\/wp-json\/wp\/v2\/comments?post=9980"}],"version-history":[{"count":0,"href":"http:\/\/www.affinite.fr\/index.php\/wp-json\/wp\/v2\/posts\/9980\/revisions"}],"wp:featuredmedia":[{"embeddable":true,"href":"http:\/\/www.affinite.fr\/index.php\/wp-json\/wp\/v2\/media\/9981"}],"wp:attachment":[{"href":"http:\/\/www.affinite.fr\/index.php\/wp-json\/wp\/v2\/media?parent=9980"}],"wp:term":[{"taxonomy":"category","embeddable":true,"href":"http:\/\/www.affinite.fr\/index.php\/wp-json\/wp\/v2\/categories?post=9980"},{"taxonomy":"post_tag","embeddable":true,"href":"http:\/\/www.affinite.fr\/index.php\/wp-json\/wp\/v2\/tags?post=9980"}],"curies":[{"name":"wp","href":"https:\/\/api.w.org\/{rel}","templated":true}]}}