{"id":9942,"date":"2024-01-20T00:41:42","date_gmt":"2024-01-20T00:41:42","guid":{"rendered":"https:\/\/www.affinite.fr\/index.php\/2024\/01\/20\/fausse-couche-compagnon-sa-soeur-alexandra-scenes-de-menages-tout-savoir\/"},"modified":"2024-01-20T00:41:42","modified_gmt":"2024-01-20T00:41:42","slug":"fausse-couche-compagnon-sa-soeur-alexandra-scenes-de-menages-tout-savoir","status":"publish","type":"post","link":"http:\/\/www.affinite.fr\/index.php\/2024\/01\/20\/fausse-couche-compagnon-sa-soeur-alexandra-scenes-de-menages-tout-savoir\/","title":{"rendered":"fausse couche, compagnon, sa soeur Alexandra, Sc\u00e8nes de m\u00e9nages&#8230; tout savoir\u00a0!"},"content":{"rendered":"<p> [ad_1]<br \/>\n<br \/><img decoding=\"async\" src=\"https:\/\/img-3.journaldesfemmes.fr\/01AApzZoPP6t80q0jzhORzeX3Do=\/1280x\/smart\/77af7d7fb161472ab32adada95c61c19\/ccmcms-jdf\/39938773.jpg\" \/><\/p>\n<p>\n                Qui est vraiment la populaire actrice Audrey Lamy\u00a0? O\u00f9 a-t-elle grandi\u00a0? Qui est l&rsquo;homme de sa vie\u00a0? A-t-elle des enfants\u00a0? Penchons-nous sur la carri\u00e8re et la vie priv\u00e9e de la s\u0153ur d&rsquo;Alexandra Lamy, qui f\u00eate ses 43\u00a0ans ce 19\u00a0janvier&#8230;            <\/p>\n<div>\n<aside class=\"ccmsummary marqueur_module ccmcss_cms_summary ccmcss_cms_summary--right\">\n<p>Sommaire<\/p>\n<\/aside>\n<p>Star sur le petit et le grand l&rsquo;\u00e9cran, <strong>Audrey\u00a0Lamy<\/strong> est l&rsquo;une des actrices les plus c\u00e9l\u00e8bres du moment. Alors qu&rsquo;elle f\u00eate ses 43\u00a0ans ce 19 janvier, elle a d\u00e9j\u00e0\u00a0tourn\u00e9 dans de nombreux films et s\u00e9ries. O\u00f9 a-t-elle grandi\u00a0? Qui est l&rsquo;homme de sa vie\u00a0? A-t-elle des enfants\u00a0? Quels sont ses plus grands succ\u00e8s\u00a0?\u00a0On vous dit tout.<\/p>\n<h2>Les derni\u00e8res infos sur Audrey Lamy<\/h2>\n<h2 id=\"audrey-lamy--ses-origines\">Audrey Lamy : ses origines<\/h2>\n<p>C&rsquo;est \u00e0 <strong>Al\u00e8s, dans le Gard, qu&rsquo;Audrey\u00a0Lamy voit le jour, le 19 janvier 1981<\/strong>. <strong>Celle qui se d\u00e9crit comme une \u00ab\u00a0fille du Sud\u00a0\u00bb <\/strong>n&rsquo;a pas go\u00fbt\u00e9 \u00e0 la grisaille parisienne, a contrario de sa soeur Alexandra, n\u00e9e dans le Val-de-Marne dix ans plus t\u00f4t.\u00a0<\/p>\n<p>Mais si le Sud est dans son coeur\u00a0c&rsquo;est bien \u00e0 Paris que vit aujourd&rsquo;hui Audrey Lamy.\u00a0<em>\u00ab\u00a0Je\u00a0me sens tr\u00e8s urbaine et parisienne\u00a0: j&rsquo;aime l&rsquo;agitation de la capitale, j&rsquo;aime le bruit, j&rsquo;aime la libert\u00e9 de tout avoir \u00e0 port\u00e9e de main\u00a0\u00bb<\/em>, confiait-elle \u00e0 <a href=\"https:\/\/www.psychologies.com\/Culture\/Divan-de-Stars\/Interviews\/Audrey-Lamy-J-etais-une-enfant-tres-introvertie\" target=\"_blank\" rel=\"noopener\"><em>Psychologies Magazine<\/em><\/a>.<\/p>\n<p>Dans sa jeunesse, Audrey Lamy est loin d&rsquo;\u00eatre le boute-en-train qu&rsquo;elle incarne aujourd&rsquo;hui sur les \u00e9crans. Au contraire\u00a0: elle se d\u00e9crit comme une enfant introvertie en public.\u00a0On appelle Audrey la \u00ab\u00a0petite\u00a0\u00bb et Alexandra la \u00ab\u00a0grande\u00a0\u00bb. Tout semble les opposer mais pourtant, les s\u0153urs apparaissent plus soud\u00e9es que jamais. C&rsquo;est pourtant sans sa grande s\u0153ur qu&rsquo;elle passera son adolescence.<em><strong> \u00ab\u00a0M\u00eame si elle a quitt\u00e9 la maison quand j&rsquo;avais 10\u00a0ans, elle \u00e9tait \u00e0 mes c\u00f4t\u00e9s\u00a0\u00bb<\/strong><\/em>, confiera-t-elle \u00e0 la presse.<\/p>\n<h2 id=\"audrey-lamy--filmographie-ses-succes-scenes-de-menages-en-tete\">Audrey Lamy : filmographie, ses succ\u00e8s, Sc\u00e8nes de m\u00e9nages en t\u00eate<\/h2>\n<p><strong>Audrey Lamy est admise au conservatoire de Th\u00e9\u00e2tre de Paris en 2003<\/strong>, en d\u00e9pit du scepticisme de ses parents. Un r\u00eave de devenir com\u00e9dienne auquel elle a envie de croire.\u00a0Alexandra Lamy ouvre le bal avant elle et la jeune Gardoise qui a grandi loin de la capitale se dit que tout est possible.<em> \u00ab\u00a0Dans la famille, il n&rsquo;y avait jamais eu aucun artiste avant elle\u00a0\u00bb<\/em>, soulignera Audrey Lamy.<\/p>\n<p>Elle d\u00e9croche son\u00a0premier grand r\u00f4le en 2010\u00a0dans\u00a0<em><strong>Tout ce qui brille<\/strong> <\/em>de <a href=\"https:\/\/www.journaldesfemmes.fr\/people\/geraldine-nakache\/\" title=\"G\u00e9raldine Nakache\">G\u00e9raldine Nakache<\/a> et Herv\u00e9 Mimran. Sa carri\u00e8re est lanc\u00e9e. La m\u00eame ann\u00e9e, elle<strong> int\u00e8gre le casting de la s\u00e9rie comique<em> Sc\u00e8nes de M\u00e9nages<\/em>, sur M6<\/strong>. Elle incarnait l&rsquo;un des couples phares avec l&rsquo;acteur\u00a0Loup-Denis Elion : elle \u00e9tait Marion, lui C\u00e9dric.\u00a0<strong>L&rsquo;aventure durera 9\u00a0ans, jusqu&rsquo;\u00e0 la saison 10\u00a0en 2018.<\/strong>\u00a0Elle tournera cette page,\u00a0le coeur <em>\u00ab\u00a0d\u00e9chir\u00e9\u00a0\u00bb<\/em>.<\/p>\n<div class=\"ccminsert\">\n<p><template data-type=\"embedtag\" data-tagname=\"youtube\"><iframe loading=\"lazy\" allow=\"accelerometer; autoplay; clipboard-write; encrypted-media; gyroscope; picture-in-picture; web-share\" allowfullscreen=\"\" frameborder=\"0\" height=\"315\" src=\"https:\/\/www.youtube.com\/embed\/cyYfFyIscpM\" title=\"YouTube video player\" width=\"560\"><\/iframe><\/template><\/p>\n<\/div>\n<p>En 2017, elle joue dans <em>Coexister<\/em> de Fabrice \u00c9bou\u00e9, une com\u00e9die sur un groupe de musique aux membres atypiques.<\/p>\n<p>En 2021, Louis-Julien Petit lui offre le r\u00f4le principal du film<em> La Brigade<\/em>, l&rsquo;histoire d&rsquo;une restauratrice qui devient\u00a0cantini\u00e8re. En 2023, Audrey Lamy sera de retour sur le grand \u00e9cran. <strong>La com\u00e9dienne a d\u00e9croch\u00e9 un r\u00f4le dans l&rsquo;un des films les plus attendus de l&rsquo;ann\u00e9e\u00a0:<\/strong> <em>Ast\u00e9rix et Obelix\u00a0: L&rsquo;Empire du milieu<\/em>, avec un casting XXL.<\/p>\n<h2 id=\"audreylamy-vie-privee--fausse-couche-bebe-et-compagnon\">Audrey\u00a0Lamy vie priv\u00e9e : fausse couche, b\u00e9b\u00e9 et compagnon<\/h2>\n<p>Depuis 2008, <strong>Audrey Lamy partage sa vie avec l&rsquo;homme d&rsquo;affaires Thomas Sabatier<\/strong>. Originaire du sud, il travaille\u00a0dans le milieu du marketing digital. Le couple se fait tr\u00e8s discret, m\u00eame lorsqu&rsquo;il accueille son premier enfant.<strong>\u00a0<\/strong><\/p>\n<p><strong>En 2016, Audrey Lamy devient maman d&rsquo;un petit L\u00e9o<\/strong>.\u00a0Avec Thomas Sabatier, ils ont unanimes : ils veulent lui faire go\u00fbter \u00e0 la vie ensoleill\u00e9e, loin de Paris. Alors r\u00e9guli\u00e8rement, elle fait ses valises et rentre \u00e0 Al\u00e8s. <em>\u00ab\u00a0<strong>Pouvoir courir dans les pr\u00e9s, construire des cabanes et passer des journ\u00e9es enti\u00e8res dehors.<\/strong> C&rsquo;est pour profiter de cela que l&rsquo;on descend tr\u00e8s souvent en famille dans le Sud. Mon mari est aussi du Sud, on veut que notre fils connaisse cette vie-l\u00e0.\u00a0\u00bb<\/em><\/p>\n<p>La maternit\u00e9, Audrey Lamy a voulu y go\u00fbter une seconde fois.\u00a0<strong>Mais en f\u00e9vrier 2020, c&rsquo;est le drame : l&rsquo;actrice fait une fausse couche.<\/strong>\u00a0Tr\u00e8s affect\u00e9e par cette fausse couche, elle gardera un temps le silence.\u00a0Avant d&rsquo;offrir une petite soeur\u00a0\u00e0 L\u00e9o.\u00a0<strong>En ao\u00fbt 2021, elle accouche de son deuxi\u00e8me enfant. Son pr\u00e9nom\u00a0?\u00a0Alma. <\/strong><\/p>\n<h2 id=\"quel-est-le-lien-de-parente-daudrey-et-alexandra-lamy\">Quel est le lien de parent\u00e9 d&rsquo;Audrey et Alexandra Lamy\u00a0?<\/h2>\n<p>Dans le clan Lamy, la com\u00e9die est une affaire de famille.\u00a0La s\u0153ur a\u00een\u00e9e d&rsquo;Audrey Lamy n&rsquo;est autre que&#8230; <a href=\"https:\/\/www.journaldesfemmes.fr\/people\/personnalites\/2882025-alexandra-lamy-un-gars-une-fille-jean-dujardin-chloe-jouannet\/\" title=\"Alexandra Lamy\">Alexandra\u00a0Lamy<\/a>. Une grande soeur que 10\u00a0ans s\u00e9parent, mais avec qui elle r\u00eave de passer devant la cam\u00e9ra.\u00a0Le tandem pourrait prochainement tourner ensemble. \u00ab\u00a0<i>On adorerait, on adorerait, et \u00e7a viendra\u00a0! C&rsquo;est certain,\u00a0<\/i><i><b>\u00e7a viendra, on tournera ensemble\u00a0<\/b>!\u00a0\u00bb<\/i>, avaient-elles assur\u00e9 dans<i> <\/i><em>50\u00a0Minute Inside <\/em>sur TF1.<\/p>\n<p>Leur credo\u00a0?\u00a0L&rsquo;humour. Si Alexandra Lamy a explos\u00e9 dans <em>Un gars, une fille<\/em> avec <a href=\"https:\/\/www.journaldesfemmes.fr\/people\/personnalites\/2825575-jean-dujardin-age-femme-maison-infos\/\" title=\"Jean Dujardin\">Jean Dujardin<\/a> sur France 2, Audrey Lamy a elle fait rire les t\u00e9l\u00e9spectateurs de M6\u00a0dans <em>Sc\u00e8nes de M\u00e9nages.<\/em><\/p>\n<h2 id=\"qui-est-la-celebre-niece-daudreylamy\">Qui est la c\u00e9l\u00e8bre ni\u00e8ce d&rsquo;Audrey\u00a0Lamy\u00a0?<\/h2>\n<p>Avoir un papa et une maman com\u00e9diens, forc\u00e9ment, \u00e7a influence.<strong> Chlo\u00e9 Jouannet a d\u00e9cid\u00e9 de devenir com\u00e9dienne comme sa m\u00e8re Alexandra Lamy et son p\u00e8re, l&rsquo;acteur suisse Thomas Jouannet<\/strong>. Et la jeune femme a commenc\u00e9 tr\u00e8s t\u00f4t : elle a sign\u00e9 son premier r\u00f4le \u00e0 12\u00a0ans, en 2009, dans <em>Lucky Luke<\/em> o\u00f9 elle donne la r\u00e9plique \u00e0 son ex beau-p\u00e8re Jean Dujardin et Alexandra Lamy. Il faudra attendre 2014\u00a0pour qu&rsquo;elle se fasse sa propre r\u00e9putation, avec<em> Avis de Mistral<\/em>, le film <em>Banlieusards<\/em> en 2016\u00a0ou encore la s\u00e9rie <em>Infid\u00e8le<\/em> sur TF1, en\u00a02020.<\/p>\n<p><strong>Tr\u00e8s complices, Audrey Lamy et Chlo\u00e9 Jouannet passent beaucoup de temps ensemble. <\/strong>La jeune femme de 25\u00a0ans est aussi tr\u00e8s proche de sa m\u00e8re, qui partage de nombreux clich\u00e9s de leurs sorties et week-ends, de son p\u00e8re Thomas Jouannet et de sa demi-soeur Mado, qu&rsquo;il a eu avec sa deuxi\u00e8me femme\u00a0Armelle Deutsch.<\/p>\n<h2 id=\"pourquoi-audreylamy-a-t-elle-un-lien-avec-la-politique-francaise\">Pourquoi Audrey\u00a0Lamy a-t-elle un lien avec la politique fran\u00e7aise\u00a0?<\/h2>\n<p>Si elle n&rsquo;a jamais affich\u00e9 ses opinions ou ambitions politiques, la famille d&rsquo;Audrey Lamy n&rsquo;y est pas totalement \u00e9trang\u00e8re.\u00a0En effet, <strong>le cousin\u00a0de l&rsquo;actrice n&rsquo;est autre que<\/strong>\u00a0<strong>Fran\u00e7ois Lamy, membre du Parti socialiste,<\/strong> ex-maire de Palaiseau de 2001\u00a0\u00e0 2012, dans l&rsquo;Essonne.<\/p>\n<p>Il a notamment \u00e9t\u00e9\u00a0ministre d\u00e9l\u00e9gu\u00e9 \u00e0 la Ville\u00a0de 2012\u00a0\u00e0 2014. En 2017, il tente de se faire \u00e9lire lors des \u00e9lections l\u00e9gislatives dans le Nord, le fief de Martine Aubry, mais n&rsquo;est pas pl\u00e9biscit\u00e9 par les \u00e9lecteurs.<\/p>\n<\/p><\/div>\n<p>[ad_2]<br \/>\n<br \/><a href=\"https:\/\/www.journaldesfemmes.fr\/people\/personnalites\/2882067-audrey-lamy-age-vie-privee-bebe-compagnon-biographie-43-ans\/\">Source link <\/a><\/p>\n","protected":false},"excerpt":{"rendered":"<p>[ad_1] Qui est vraiment la populaire actrice Audrey Lamy\u00a0? O\u00f9 a-t-elle grandi\u00a0? Qui est l&rsquo;homme de sa vie\u00a0? A-t-elle des &hellip; <a href=\"http:\/\/www.affinite.fr\/index.php\/2024\/01\/20\/fausse-couche-compagnon-sa-soeur-alexandra-scenes-de-menages-tout-savoir\/\" class=\"more-link\">Plus <span class=\"screen-reader-text\">fausse couche, compagnon, sa soeur Alexandra, Sc\u00e8nes de m\u00e9nages&#8230; tout savoir\u00a0!<\/span> <span class=\"meta-nav\">&rarr;<\/span><\/a><\/p>\n","protected":false},"author":1,"featured_media":9943,"comment_status":"","ping_status":"open","sticky":false,"template":"","format":"standard","meta":{"_sitemap_exclude":false,"_sitemap_priority":"","_sitemap_frequency":"","footnotes":""},"categories":[1],"tags":[],"class_list":["post-9942","post","type-post","status-publish","format-standard","has-post-thumbnail","hentry","category-tous"],"_links":{"self":[{"href":"http:\/\/www.affinite.fr\/index.php\/wp-json\/wp\/v2\/posts\/9942"}],"collection":[{"href":"http:\/\/www.affinite.fr\/index.php\/wp-json\/wp\/v2\/posts"}],"about":[{"href":"http:\/\/www.affinite.fr\/index.php\/wp-json\/wp\/v2\/types\/post"}],"author":[{"embeddable":true,"href":"http:\/\/www.affinite.fr\/index.php\/wp-json\/wp\/v2\/users\/1"}],"replies":[{"embeddable":true,"href":"http:\/\/www.affinite.fr\/index.php\/wp-json\/wp\/v2\/comments?post=9942"}],"version-history":[{"count":0,"href":"http:\/\/www.affinite.fr\/index.php\/wp-json\/wp\/v2\/posts\/9942\/revisions"}],"wp:featuredmedia":[{"embeddable":true,"href":"http:\/\/www.affinite.fr\/index.php\/wp-json\/wp\/v2\/media\/9943"}],"wp:attachment":[{"href":"http:\/\/www.affinite.fr\/index.php\/wp-json\/wp\/v2\/media?parent=9942"}],"wp:term":[{"taxonomy":"category","embeddable":true,"href":"http:\/\/www.affinite.fr\/index.php\/wp-json\/wp\/v2\/categories?post=9942"},{"taxonomy":"post_tag","embeddable":true,"href":"http:\/\/www.affinite.fr\/index.php\/wp-json\/wp\/v2\/tags?post=9942"}],"curies":[{"name":"wp","href":"https:\/\/api.w.org\/{rel}","templated":true}]}}