{"id":9926,"date":"2024-01-14T00:12:54","date_gmt":"2024-01-14T00:12:54","guid":{"rendered":"https:\/\/www.affinite.fr\/index.php\/2024\/01\/14\/ilona-smet-pourrait-bien-etre-sur-le-point-de-faire-son-retour-dans-le-mannequinat\/"},"modified":"2024-01-14T00:12:54","modified_gmt":"2024-01-14T00:12:54","slug":"ilona-smet-pourrait-bien-etre-sur-le-point-de-faire-son-retour-dans-le-mannequinat","status":"publish","type":"post","link":"http:\/\/www.affinite.fr\/index.php\/2024\/01\/14\/ilona-smet-pourrait-bien-etre-sur-le-point-de-faire-son-retour-dans-le-mannequinat\/","title":{"rendered":"Ilona Smet pourrait bien \u00eatre sur le point de faire son retour dans le mannequinat"},"content":{"rendered":"<p> [ad_1]<br \/>\n<br \/><img decoding=\"async\" src=\"https:\/\/img-3.journaldesfemmes.fr\/bhitSyN-JNWr2QC5tU3-uuB92GU=\/1280x\/smart\/8a426ed9e0d340f1a65384f5d2d378c6\/ccmcms-jdf\/39937157.jpg\" \/><\/p>\n<p>\n                Ilona Smet a partag\u00e9 des photos d&rsquo;elle sans artifices sur son compte Instagram. De quoi susciter des rumeurs quant \u00e0 son possible retour dans le monde du mannequinat.            <\/p>\n<div>\n<p>Ilona Smet serait-elle en train de pr\u00e9parer son come-back dans le monde de la mode ? La fille d&rsquo;<strong><a href=\"https:\/\/www.journaldesfemmes.fr\/people\/estelle-lefebure\/\" title=\"Estelle Hallyday\">Estelle Lef\u00e9bure<\/a><\/strong> et <strong>David Hallyday<\/strong> a profit\u00e9 du d\u00e9but d&rsquo;ann\u00e9e pour\u00a0publier quelques \u00ab\u00a0polas\u00a0\u00bb\u00a0sur Instagram. Dans le milieu du mannequinat, ces\u00a0clich\u00e9s pris sans maquillage\u00a0et sans aucune retouche permettent aux tops de montrer leurs visages et leurs corps au naturel. Les models envoient ensuite les photos aux agences afin d&rsquo;\u00eatre s\u00e9lectionn\u00e9-e-s pour des d\u00e9fil\u00e9s et des campagnes. Ilona Smet, elle, est repr\u00e9sent\u00e9e par l&rsquo;agence Karin Models, tout comme sa m\u00e8re, Deva Cassel et Monica Bellucci.\u00a0<\/p>\n<p>Sur les photos publi\u00e9es sur le r\u00e9seau social de Meta, celle qui mesure 1,73 m arbore un<strong> top noir \u00e0 manches longues<\/strong> et col rond, ainsi qu&rsquo;un legging de la m\u00eame couleur. Aux pieds, d&rsquo;\u00e9paisses bottines de motardes. Pas de doute, la jeune femme est la digne h\u00e9riti\u00e8re de Johnny Hallyday !\u00a0<\/p>\n<h2>Une mannequin \u00e0 succ\u00e8s<\/h2>\n<p>Depuis plus de 10 ans, Ilona Smet\u00a0a choisi de marcher dans les pas d&rsquo;Estelle Lef\u00e9bure, pour\u00a0suivre\u00a0une carri\u00e8re de mannequin.\u00a0Et \u00e7a fonctionne !\u00a0Avant la naissance de son fils en juillet 2022, la\u00a0jeune femme partageait assid\u00fbment ses exp\u00e9riences de model avec ses fans sur son compte Instagram. Elle a notamment d\u00e9fil\u00e9\u00a0pour <strong><a href=\"https:\/\/www.journaldesfemmes.fr\/mode\/conseils-mode\/2734129-jean-paul-gauthier-olivier-rousteing-fashion-week-haute-couture-automne-hiver-2022-2023\/\" title=\"Jean-Paul Gaultier\">Jean Paul Gaultier<\/a> <\/strong>en 2017, puis pour Etam en 2018. En plus de ses passages sur les\u00a0podiums, la personnalit\u00e9\u00a0avait l&rsquo;habitude de poser\u00a0pour de nombreux\u00a0magazines f\u00e9minins, tels que <em>Cosmopolitan<\/em> en mai 2016 et <em><strong>Madame Figaro<\/strong><\/em> deux ans plus tard.\u00a0La star s&rsquo;est aussi\u00a0pr\u00eat\u00e9e au jeu des campagnes de publicit\u00e9. H&amp;M en 2019, Messika en 2021, mais aussi\u00a0<strong>Balmain <\/strong>et\u00a0Giorgio Armani\u2026 Une \u00e9g\u00e9rie de luxe ! En\u00a0d\u00e9cembre 2020, c&rsquo;est en famille qu&rsquo;elle s&rsquo;\u00e9tait offert la\u00a0couverture du num\u00e9ro sp\u00e9cial 75\u00a0ans de l&rsquo;hebdomadaire\u00a0<em>ELLE<\/em>. Elle y \u00e9tait immortalis\u00e9e\u00a0aux c\u00f4t\u00e9s sa m\u00e8re\u00a0et de sa s\u0153ur, la com\u00e9dienne <a href=\"https:\/\/www.journaldesfemmes.fr\/people\/personnalites\/2954779-emma-smet-vie-privee-age-couple-infos\/\" title=\"Fille de David Hallyday\">Emma Smet<\/a>. Quand le style se transmet de g\u00e9n\u00e9ration en g\u00e9n\u00e9ration&#8230;<\/p>\n<\/p><\/div>\n<p>[ad_2]<br \/>\n<br \/><a href=\"https:\/\/www.journaldesfemmes.fr\/mode\/looks-de-star\/3154906-ilona-smet-pourrait-bien-etre-sur-le-point-de-faire-son-retour-dans-le-mannequinat\/\">Source link <\/a><\/p>\n","protected":false},"excerpt":{"rendered":"<p>[ad_1] Ilona Smet a partag\u00e9 des photos d&rsquo;elle sans artifices sur son compte Instagram. De quoi susciter des rumeurs quant &hellip; <a href=\"http:\/\/www.affinite.fr\/index.php\/2024\/01\/14\/ilona-smet-pourrait-bien-etre-sur-le-point-de-faire-son-retour-dans-le-mannequinat\/\" class=\"more-link\">Plus <span class=\"screen-reader-text\">Ilona Smet pourrait bien \u00eatre sur le point de faire son retour dans le mannequinat<\/span> <span class=\"meta-nav\">&rarr;<\/span><\/a><\/p>\n","protected":false},"author":1,"featured_media":9927,"comment_status":"","ping_status":"open","sticky":false,"template":"","format":"standard","meta":{"_sitemap_exclude":false,"_sitemap_priority":"","_sitemap_frequency":"","footnotes":""},"categories":[1],"tags":[],"class_list":["post-9926","post","type-post","status-publish","format-standard","has-post-thumbnail","hentry","category-tous"],"_links":{"self":[{"href":"http:\/\/www.affinite.fr\/index.php\/wp-json\/wp\/v2\/posts\/9926"}],"collection":[{"href":"http:\/\/www.affinite.fr\/index.php\/wp-json\/wp\/v2\/posts"}],"about":[{"href":"http:\/\/www.affinite.fr\/index.php\/wp-json\/wp\/v2\/types\/post"}],"author":[{"embeddable":true,"href":"http:\/\/www.affinite.fr\/index.php\/wp-json\/wp\/v2\/users\/1"}],"replies":[{"embeddable":true,"href":"http:\/\/www.affinite.fr\/index.php\/wp-json\/wp\/v2\/comments?post=9926"}],"version-history":[{"count":0,"href":"http:\/\/www.affinite.fr\/index.php\/wp-json\/wp\/v2\/posts\/9926\/revisions"}],"wp:featuredmedia":[{"embeddable":true,"href":"http:\/\/www.affinite.fr\/index.php\/wp-json\/wp\/v2\/media\/9927"}],"wp:attachment":[{"href":"http:\/\/www.affinite.fr\/index.php\/wp-json\/wp\/v2\/media?parent=9926"}],"wp:term":[{"taxonomy":"category","embeddable":true,"href":"http:\/\/www.affinite.fr\/index.php\/wp-json\/wp\/v2\/categories?post=9926"},{"taxonomy":"post_tag","embeddable":true,"href":"http:\/\/www.affinite.fr\/index.php\/wp-json\/wp\/v2\/tags?post=9926"}],"curies":[{"name":"wp","href":"https:\/\/api.w.org\/{rel}","templated":true}]}}