{"id":9920,"date":"2024-01-12T00:09:02","date_gmt":"2024-01-12T00:09:02","guid":{"rendered":"https:\/\/www.affinite.fr\/index.php\/2024\/01\/12\/photos-de-la-star-qui-dit-merde-aux-regimes\/"},"modified":"2024-01-12T00:09:02","modified_gmt":"2024-01-12T00:09:02","slug":"photos-de-la-star-qui-dit-merde-aux-regimes","status":"publish","type":"post","link":"http:\/\/www.affinite.fr\/index.php\/2024\/01\/12\/photos-de-la-star-qui-dit-merde-aux-regimes\/","title":{"rendered":"photos de la star qui dit \u00ab\u00a0merde aux r\u00e9gimes\u00a0\u00bb"},"content":{"rendered":"<p> [ad_1]<br \/>\n<br \/><img decoding=\"async\" src=\"https:\/\/img-3.journaldesfemmes.fr\/QlPYUU39xO5tvFGXvu0gB89Uus4=\/1280x\/smart\/2189220246ad46c9808aa66ee3fb2a3a\/ccmcms-jdf\/39937028.jpg\" \/><\/p>\n<p>\n                Pour la nouvelle ann\u00e9e, Marilou Berry a partag\u00e9 un diapo photos sur Instagram et, force est de constater qu&rsquo;elle a perdu du poids. Mais attention\u00a0: r\u00e9gimes ou pilules amincissantes, tr\u00e8s peu pour elle\u00a0!            <\/p>\n<div>\n<p><a href=\"https:\/\/www.journaldesfemmes.fr\/people\/personnalites\/2843927-marilou-berry-marianne-fils-andy-compagnon-alexis-poids-josiane-balasko\/\" title=\"Marilou Berry\">Marilou Berry<\/a> continue de cartonner sur le petit \u00e9cran dans la s\u00e9rie <em>Marianne,\u00a0<\/em>o\u00f9 elle joue une truculente juge d&rsquo;instruction. La saison 2 est actuellement en cours de diffusion sur France 2.\u00a0L&rsquo;actrice et fille de <a href=\"https:\/\/www.journaldesfemmes.fr\/people\/personnalites\/2746029-josiane-balasko-chirurgie-esthetique-nez-complexe-christian-clavier-age\/\" title=\"Josiane Balasko\">Josiane Balasko<\/a>, dont elle a h\u00e9rit\u00e9 du franc-parler, a partag\u00e9 ses voeux de bonne ann\u00e9e sur son compte Instagram et a <strong>d\u00e9voil\u00e9 des photos d&rsquo;elle qui t\u00e9moignent de sa perte de poids<\/strong>.<\/p>\n<h2>Marilou Berry,\u00a0ses dr\u00f4les de v\u0153ux&#8230; anti-r\u00e9gime<\/h2>\n<p>Sur son compte, la com\u00e9dienne \u00e2g\u00e9e de 40 ans a donc post\u00e9 une s\u00e9rie de photos d&rsquo;elle, relatant son ann\u00e9e 2023 entre couverture de magazine, selfie avec sa m\u00e8re ou son chien, chez elle ou en shooting&#8230; Et, sur plusieurs clich\u00e9s, on peut constater que la maman du petit Andy a perdu du poids.<\/p>\n<p>En l\u00e9gende, elle \u00e9crit : \u00ab\u00a0<em>B.o.n.n.ne A.n.n.\u00e9.e\u00a0! Cette ann\u00e9e je me suis dit qu&rsquo;il fallait\u00a0: passer plus de temps avec mes ami(e)s, travailler avec des gens bienveillants. J&rsquo;ai r\u00e9ussi \u00e0 faire les deux en m\u00eame temps&#8230; (&#8230;)\u00a0Ah oui et je me suis dit qu&rsquo;il fallait qu&rsquo;on arr\u00eate de la fermer aussi alors merci @andrea_bescond et ses postes noirs et courage \u00e0 toutes les victimes.\u00a0On l\u00e2chera rien, on les aura. Je vous aime. <strong>PS : Et toujours AUCUNE pub pour AUCUNE pilule. PS\u00a02\u00a0: les r\u00e9gimes c&rsquo;est de la me*de. Bisouxxx<\/strong>.<\/em>\u00ab\u00a0<\/p>\n<h2>Marilou Berry et son poids : secrets de sa perte et fausse publicit\u00e9\u00a0<\/h2>\n<p>Marilou Berry appara\u00eet plus mince depuis quelque temps et cela n&rsquo;a pas manqu\u00e9 de sauter aux yeux des internautes.\u00a0Transparente, elle a eu l&rsquo;occasion de s&rsquo;exprimer sur sa perte de poids et ce n&rsquo;est pas gr\u00e2ce \u00e0 un r\u00e9gime. \u00ab\u00a0<em><strong>J&rsquo;ai effectivement perdu du poids derni\u00e8rement&#8230; et au risque de vous d\u00e9cevoir, voila mon secret<\/strong> : 3\u00a0mois de tournage, loin de chez moi, avec une mauvaise cantine&#8230; les journ\u00e9es sont longues et nous sommes constamment debout, en plein soleil&#8230; voil\u00e0<\/em>\u00ab\u00a0, indiquait-elle en juin sur son compte Instagram.<\/p>\n<p>Marilou Berry\u00a0expliquait\u00a0que son corps est habitu\u00e9 \u00e0 faire \u00ab\u00a0<em>le grand \u00e9cart<\/em>\u00a0\u00bb et qu&rsquo;elle\u00a0a \u00e9t\u00e9 \u00ab\u00a0<em>ob\u00e8se, grosse, ronde, mince et m\u00eame maigre<\/em>\u00ab\u00a0. Mais jamais elle a c\u00e9d\u00e9 aux m\u00e9dicaments ou pilules minceurs. Elle a m\u00eame \u00e9t\u00e9 victime d&rsquo;une arnaque avec de fausses pubs utilisant son image. \u00ab\u00a0<em><strong>La v\u00e9rit\u00e9 \u00e9clate enfin ! Lol&#8230; Keto machin-truc\u00a0c&rsquo;est une arnaque.. Ils manipulent mon image et ma voix pour vendre leurs pilules miracles dangereuses pour votre sant\u00e9 <\/strong>(&#8230;) suite \u00e0 cette campagne de pub, je re\u00e7ois des centaines de messages de personnes d\u00e9sesp\u00e9r\u00e9es me suppliant de les aider \u00e0 perdre du poids<\/em>\u00ab\u00a0, avait-elle indiqu\u00e9.<\/p>\n<\/p><\/div>\n<p>[ad_2]<br \/>\n<br \/><a href=\"https:\/\/www.journaldesfemmes.fr\/people\/actus\/3154798-marilou-berry-amincie-photos-de-la-star-qui-dit-merde-aux-regimes\/\">Source link <\/a><\/p>\n","protected":false},"excerpt":{"rendered":"<p>[ad_1] Pour la nouvelle ann\u00e9e, Marilou Berry a partag\u00e9 un diapo photos sur Instagram et, force est de constater qu&rsquo;elle &hellip; <a href=\"http:\/\/www.affinite.fr\/index.php\/2024\/01\/12\/photos-de-la-star-qui-dit-merde-aux-regimes\/\" class=\"more-link\">Plus <span class=\"screen-reader-text\">photos de la star qui dit \u00ab\u00a0merde aux r\u00e9gimes\u00a0\u00bb<\/span> <span class=\"meta-nav\">&rarr;<\/span><\/a><\/p>\n","protected":false},"author":1,"featured_media":9921,"comment_status":"","ping_status":"open","sticky":false,"template":"","format":"standard","meta":{"_sitemap_exclude":false,"_sitemap_priority":"","_sitemap_frequency":"","footnotes":""},"categories":[1],"tags":[],"class_list":["post-9920","post","type-post","status-publish","format-standard","has-post-thumbnail","hentry","category-tous"],"_links":{"self":[{"href":"http:\/\/www.affinite.fr\/index.php\/wp-json\/wp\/v2\/posts\/9920"}],"collection":[{"href":"http:\/\/www.affinite.fr\/index.php\/wp-json\/wp\/v2\/posts"}],"about":[{"href":"http:\/\/www.affinite.fr\/index.php\/wp-json\/wp\/v2\/types\/post"}],"author":[{"embeddable":true,"href":"http:\/\/www.affinite.fr\/index.php\/wp-json\/wp\/v2\/users\/1"}],"replies":[{"embeddable":true,"href":"http:\/\/www.affinite.fr\/index.php\/wp-json\/wp\/v2\/comments?post=9920"}],"version-history":[{"count":0,"href":"http:\/\/www.affinite.fr\/index.php\/wp-json\/wp\/v2\/posts\/9920\/revisions"}],"wp:featuredmedia":[{"embeddable":true,"href":"http:\/\/www.affinite.fr\/index.php\/wp-json\/wp\/v2\/media\/9921"}],"wp:attachment":[{"href":"http:\/\/www.affinite.fr\/index.php\/wp-json\/wp\/v2\/media?parent=9920"}],"wp:term":[{"taxonomy":"category","embeddable":true,"href":"http:\/\/www.affinite.fr\/index.php\/wp-json\/wp\/v2\/categories?post=9920"},{"taxonomy":"post_tag","embeddable":true,"href":"http:\/\/www.affinite.fr\/index.php\/wp-json\/wp\/v2\/tags?post=9920"}],"curies":[{"name":"wp","href":"https:\/\/api.w.org\/{rel}","templated":true}]}}