{"id":9918,"date":"2024-01-11T00:07:52","date_gmt":"2024-01-11T00:07:52","guid":{"rendered":"https:\/\/www.affinite.fr\/index.php\/2024\/01\/11\/ex-mari-origine-ou-vit-elle-marianne-decouvrez-tout-sur-lanimatrice\/"},"modified":"2024-01-11T00:07:52","modified_gmt":"2024-01-11T00:07:52","slug":"ex-mari-origine-ou-vit-elle-marianne-decouvrez-tout-sur-lanimatrice","status":"publish","type":"post","link":"http:\/\/www.affinite.fr\/index.php\/2024\/01\/11\/ex-mari-origine-ou-vit-elle-marianne-decouvrez-tout-sur-lanimatrice\/","title":{"rendered":"ex-mari, origine, o\u00f9 vit-elle, Marianne\u2026 d\u00e9couvrez tout sur l&rsquo;animatrice\u00a0!"},"content":{"rendered":"<p> [ad_1]<br \/>\n<br \/><img decoding=\"async\" src=\"https:\/\/img-3.journaldesfemmes.fr\/FXEeOevCeGDjQC2VPwWC_WqFuLM=\/1280x\/smart\/b14d792d81f04e2a9acc6471a886631d\/ccmcms-jdf\/39936503.jpg\" \/><\/p>\n<p>\n                Evelyne Thomas f\u00eate ses 60\u00a0ans ce 10\u00a0janvier. La journaliste et animatrice a men\u00e9 une belle carri\u00e8re \u00e0 la radio mais aussi et surtout \u00e0 la t\u00e9l\u00e9vision. Tr\u00e8s discr\u00e8te, on la conna\u00eet depuis le temps qu&rsquo;elle est sur nos \u00e9crans, sans vraiment la conna\u00eetre. Vie priv\u00e9e, maison, amour, on vous raconte tout ce qu&rsquo;il faut savoir sur elle.            <\/p>\n<div>\n<aside class=\"ccmsummary marqueur_module ccmcss_cms_summary ccmcss_cms_summary--right\">\n<p>Sommaire<\/p>\n<\/aside>\n<p>Elle a \u00e9t\u00e9 l&rsquo;une des pr\u00e9sentatrices pr\u00e9f\u00e9r\u00e9es des Fran\u00e7ais dans les ann\u00e9es 2000\u00a0avec son \u00e9mission embl\u00e9matique <em>C&rsquo;est mon choix<\/em>.\u00a0Elle est ensuite devenue un visage phare sur les cha\u00eenes de la TNT (NRJ 12\u00a0et Ch\u00e9rie\u00a025). Qui est l&rsquo;homme qui partage sa vie\u00a0? Combien gagne-t-elle\u00a0? O\u00f9 habite-t-elle\u00a0? Vous saurez tout sur <strong>Evelyne Thomas, qui f\u00eate ses 60 ans ce 10 janvier<\/strong>.<\/p>\n<h2>Les derni\u00e8res news sur Evelyne Thomas<\/h2>\n<h2 id=\"de-quelle-origine-est-evelyne-thomas\">De quelle origine est Evelyne Thomas\u00a0?<\/h2>\n<p>Elle est <strong>n\u00e9e en 1964\u00a0\u00e0 Perpignan<\/strong>. Elle ne voit pas souvent son p\u00e8re. Il est militaire de carri\u00e8re et fr\u00e9quemment en mission loin du domicile familial. Pas de fr\u00e8re ou de s\u0153ur, elle a une enfance tr\u00e8s solitaire en compagnie de sa m\u00e8re, Jany. A l&rsquo;\u00e2ge de 15\u00a0ans, elle vit seule \u00e0 Lille\u00a0pour ses \u00e9tudes et ses parents sont en Belgique. Elle perd brutalement sa m\u00e8re \u00e0 l&rsquo;\u00e2ge de 20\u00a0ans. \u00ab\u00a0<em>C&rsquo;est douloureux d&rsquo;en parler<\/em>\u00ab\u00a0, avait-elle confi\u00e9 au magazine <em>Public<\/em>. \u00ab\u00a0<em>Ma m\u00e8re a report\u00e9 beaucoup de ses envies sur moi. Avoir une maman tr\u00e8s exigeante, \u00e7a peut \u00eatre compliqu\u00e9<\/em>\u00ab\u00a0, avait-elle ajout\u00e9.<\/p>\n<h2 id=\"evelyne-thomas-et-sa-vie-privee--qui-est-son-nouveau-compagnon\">Evelyne Thomas et sa vie priv\u00e9e : qui est son ex-mari ?<\/h2>\n<p>Evelyne Thomas\u00a0est devenue tr\u00e8s myst\u00e9rieuse sur sa vie priv\u00e9e depuis <strong>sa rupture tr\u00e8s mouvement\u00e9e en 2006 avec son ex-mari : Christophe Aigrisse<\/strong>. Au moment de la s\u00e9paration, elle l&rsquo;a accus\u00e9 de harc\u00e8lement t\u00e9l\u00e9phonique.<\/p>\n<p>Si sa plainte a \u00e9t\u00e9 d\u00e9bout\u00e9e devant la cour d&rsquo;appel, <strong>le p\u00e8re de sa fille, Lola (n\u00e9e en 2001)<\/strong>, n&rsquo;a plus r\u00e9ussi \u00e0 travailler \u00e0 la t\u00e9l\u00e9vision suite \u00e0 cette histoire. Ce qui n&rsquo;a pas d\u00fb arranger leurs rapports. \u00ab\u00a0<em>Quand je cherchais un job en France apr\u00e8s ma s\u00e9paration avec Evelyne et que mes employeurs regardaient qui j&rsquo;\u00e9tais sur Internet, \u00e7a n&rsquo;\u00e9tait pas vraiment positif pour moi. Personne ne m&rsquo;a embauch\u00e9 dans le milieu t\u00e9l\u00e9visuel<\/em>\u00ab\u00a0, avait-il confi\u00e9 \u00e0 <em>Gala<\/em>.<\/p>\n<p>Ils s&rsquo;\u00e9taient rencontr\u00e9s sur le plateau de <em>C&rsquo;est mon choix<\/em>. Leur relation avait \u00e9t\u00e9 d\u00e9voil\u00e9e par la journaliste. Elle a d\u00fb penser que ce n&rsquo;\u00e9tait pas la bonne formule, vu le r\u00e9sultat, et depuis, elle est beaucoup moins bavarde sur sa vie intime.<\/p>\n<h2 id=\"evelyne-thomas-et-sa-carriere-tele--cette-bourde-a-lantenne\">Evelyne Thomas et sa carri\u00e8re t\u00e9l\u00e9 : cette bourde \u00e0 l&rsquo;antenne<\/h2>\n<p>Elle a racont\u00e9 l&rsquo;anecdote sur le plateau de <em>Touche Pas \u00e0 Mon poste<\/em>. C&rsquo;\u00e9tait \u00e0 l&rsquo;\u00e9poque de <em>C&rsquo;est mon choix<\/em>, lorsque le th\u00e8me \u00e9tait sur la tenue de jogging. \u00ab\u00a0<em>Tout d&rsquo;un coup, je vois arriver une femme et je lui dis\u00a0: &lsquo;Bonjour Jeanine, vous avez tel \u00e2ge, vous habitez \u00e0\u2026, vous \u00eates enceinte<\/em>\u00ab\u00a0&#8230;<\/p>\n<p>Le probl\u00e8me, <strong>le t\u00e9moin n&rsquo;attendait pas un heureux \u00e9v\u00e8nement<\/strong>. Elle a r\u00e9pondu \u00e0 l&rsquo;animatrice : \u00ab\u00a0<em>Non, j&rsquo;ai juste quelques kilos \u00e0 perdre<\/em>\u00ab\u00a0. G\u00ean\u00e9e, Evelyne Thomas a imm\u00e9diatement rattrap\u00e9 le coup en parlant de son embonpoint apr\u00e8s sa grossesse et des r\u00e9flexions qu&rsquo;elle a eus \u00e0 l&rsquo;\u00e9poque.<\/p>\n<h2 id=\"evelyne-thomas--la-brouille-avec-jean-luc-delarue\">Evelyne Thomas : la brouille avec Jean-Luc Delarue<\/h2>\n<p>Elle \u00e9tait la petite reine du PAF \u00e0 l&rsquo;\u00e9poque. Son programme sur France 3\u00a0o\u00f9 des gens venaient t\u00e9moigner sur des sujets graves ou tr\u00e8s l\u00e9gers cartonnaient. Elle y a m\u00eame rencontr\u00e9 son mari. Malheureusement, Evelyne Thomas s&rsquo;entendait mal avec le d\u00e9funt <strong><a href=\"https:\/\/www.journaldesfemmes.fr\/people\/personnalites\/2839701-jean-luc-delarue-10-ans-mort\/\" title=\"Jean-Luc Delarue\">Jean-Luc Delarue<\/a><\/strong>, le producteur.<\/p>\n<p>Dans <em>Salut les Terriens<\/em>, elle avait racont\u00e9 que Christophe Aigrisse (producteur et ex-compagnon)\u00a0lui avait donn\u00e9 un tr\u00e8s mauvais conseil\u00a0: celui de <strong>monter sa propre boite de production<\/strong>. Et c&rsquo;est cette nouvelle qui aurait brouill\u00e9 la pr\u00e9sentatrice avec son mentor. R\u00e9sultat, malgr\u00e9 les excellentes audiences, il arr\u00eate <em>C&rsquo;est mon\u00a0choix<\/em> en 2004\u00a0au grand dam du public.<\/p>\n<div class=\"ccminsert\">\n<p><template data-type=\"embedtag\" data-tagname=\"youtube\"><iframe loading=\"lazy\" allow=\"accelerometer; autoplay; clipboard-write; encrypted-media; gyroscope; picture-in-picture; web-share\" allowfullscreen=\"\" frameborder=\"0\" height=\"315\" src=\"https:\/\/www.youtube.com\/embed\/Po3BtSAMMaA\" title=\"YouTube video player\" width=\"560\"><\/iframe><\/template><\/p>\n<\/div>\n<p>\u00ab\u00a0<em>Je tombe des nues. \u00c7a n&rsquo;est pas la v\u00e9rit\u00e9, c&rsquo;est sa v\u00e9rit\u00e9 et elle la porte \u00e0 la t\u00e9l\u00e9vision sans que je puisse ripos\u00ad\u00adter, c&rsquo;est tota\u00ad\u00adle\u00ad\u00adment injuste<\/em>\u00ab\u00a0, avait cependant r\u00e9agi son ex.<\/p>\n<p>Avec sa forte notori\u00e9t\u00e9, Evelyne Thomas\u00a0a cependant\u00a0pu \u00e0 l&rsquo;\u00e9poque d\u00e9crocher un contrat juteux pour une campagne pour la marque Garnier.<\/p>\n<h2 id=\"ou-vit-evelyne-thomas-\">O\u00f9 vit Evelyne Thomas ?<\/h2>\n<p>Evelyne Thomas a <strong>longtemps partag\u00e9 sa vie entre la Corse et Paris<\/strong>, mais impossible de savoir si c&rsquo;est encore d&rsquo;actualit\u00e9. En 2019, elle a subi un traumatisme\u00a0: son v\u00e9hicule a \u00e9t\u00e9 retrouv\u00e9 compl\u00e8tement calcin\u00e9. Et d&rsquo;apr\u00e8s les premiers \u00e9l\u00e9ments de l&rsquo;enqu\u00eate, c&rsquo;est un acte criminel. Elle \u00e9tait stationn\u00e9e dans un parking proche de <strong>sa r\u00e9sidence Napol\u00e9on, \u00e0 l&rsquo;Ile-Rousse<\/strong>. Elle a publi\u00e9 de nombreuses photos d&rsquo;elle sur l&rsquo;\u00eele de Beaut\u00e9 au fil des ann\u00e9es mais a ensuite brutalement arr\u00eat\u00e9&#8230; A-t-elle chang\u00e9 de point de chute\u00a0suite \u00e0 l&rsquo;incendie\u00a0? Le myst\u00e8re reste entier.<\/p>\n<h2 id=\"evelyne-thomas-a-ete-marianne\">Evelyne Thomas a \u00e9t\u00e9 Marianne\u00a0<\/h2>\n<p>Signe de son immense popularit\u00e9 \u00e0 l&rsquo;\u00e9poque, <strong>Evelyne Thomas a \u00e9t\u00e9 le visage de Marianne en 2003<\/strong>, l&rsquo;un des symboles de la France. \u00ab\u00a0<em>Cela me touche, car depuis que je fais C&rsquo;est mon Choix, je me bats pour le droit \u00e0 la diff\u00e9rence. Je suis ravie que les gens comprennent le message<\/em>\u00ab\u00a0, avait-elle confi\u00e9 \u00e0 l&rsquo;\u00e9poque dans\u00a0<em>VSD<\/em>, se disant \u00ab\u00a0<em><strong>estomaqu\u00e9e, abasourdie<\/strong><\/em>\u00a0\u00bb mais fi\u00e8re d&rsquo;\u00eatre reconnue comme \u00ab\u00a0<em>proche des gens<\/em>\u00ab\u00a0.<\/p>\n<p>Un honneur, unique, que l&rsquo;animatrice partage avec <a href=\"https:\/\/www.journaldesfemmes.fr\/people\/personnalites\/2850505-brigitte-bardot-88-ans\/\" title=\"Brigitte Bardot\">Brigitte Bardot<\/a>, Laetitia Casta, Mireille Mathieu ou encore l&rsquo;actrice Catherine Deneuve. Le buste de l&rsquo;animatrice, r\u00e9alis\u00e9 par le\u00a0sculpteur Daniel Druet,\u00a0devait alors se retrouver dans pas moins de 38 000 mairies en France !<\/p>\n<h2>Que devient Evelyne Thomas ?<\/h2>\n<p>L&rsquo;animatrice a travaill\u00e9 ces derni\u00e8res ann\u00e9es pour Ch\u00e9rie 25 sur des num\u00e9ros in\u00e9dits de <em>C&rsquo;est mon choix<\/em>. En 2020, elle animait une \u00e9mission \u00e9ponyme pour la chaine Non Stop People laquelle a toutefois ferm\u00e9 depuis, la privant alors d&rsquo;antenne. En septembre 2023, Evelyne Thomas a d\u00e9but\u00e9 en tant que chroniqueuse pour l&rsquo;\u00e9mission <strong><em>PAF<\/em><\/strong>, diffus\u00e9e juste avant <em>Touche Pas \u00e0 Mon Poste<\/em>, sur C8.<\/p>\n<\/p><\/div>\n<p>[ad_2]<br \/>\n<br \/><a href=\"https:\/\/www.journaldesfemmes.fr\/people\/personnalites\/2878615-evelyne-thomas-age-vie-privee-emission-que-devient-elle-60-ans\/\">Source link <\/a><\/p>\n","protected":false},"excerpt":{"rendered":"<p>[ad_1] Evelyne Thomas f\u00eate ses 60\u00a0ans ce 10\u00a0janvier. La journaliste et animatrice a men\u00e9 une belle carri\u00e8re \u00e0 la radio &hellip; <a href=\"http:\/\/www.affinite.fr\/index.php\/2024\/01\/11\/ex-mari-origine-ou-vit-elle-marianne-decouvrez-tout-sur-lanimatrice\/\" class=\"more-link\">Plus <span class=\"screen-reader-text\">ex-mari, origine, o\u00f9 vit-elle, Marianne\u2026 d\u00e9couvrez tout sur l&rsquo;animatrice\u00a0!<\/span> <span class=\"meta-nav\">&rarr;<\/span><\/a><\/p>\n","protected":false},"author":1,"featured_media":9919,"comment_status":"","ping_status":"open","sticky":false,"template":"","format":"standard","meta":{"_sitemap_exclude":false,"_sitemap_priority":"","_sitemap_frequency":"","footnotes":""},"categories":[1],"tags":[],"class_list":["post-9918","post","type-post","status-publish","format-standard","has-post-thumbnail","hentry","category-tous"],"_links":{"self":[{"href":"http:\/\/www.affinite.fr\/index.php\/wp-json\/wp\/v2\/posts\/9918"}],"collection":[{"href":"http:\/\/www.affinite.fr\/index.php\/wp-json\/wp\/v2\/posts"}],"about":[{"href":"http:\/\/www.affinite.fr\/index.php\/wp-json\/wp\/v2\/types\/post"}],"author":[{"embeddable":true,"href":"http:\/\/www.affinite.fr\/index.php\/wp-json\/wp\/v2\/users\/1"}],"replies":[{"embeddable":true,"href":"http:\/\/www.affinite.fr\/index.php\/wp-json\/wp\/v2\/comments?post=9918"}],"version-history":[{"count":0,"href":"http:\/\/www.affinite.fr\/index.php\/wp-json\/wp\/v2\/posts\/9918\/revisions"}],"wp:featuredmedia":[{"embeddable":true,"href":"http:\/\/www.affinite.fr\/index.php\/wp-json\/wp\/v2\/media\/9919"}],"wp:attachment":[{"href":"http:\/\/www.affinite.fr\/index.php\/wp-json\/wp\/v2\/media?parent=9918"}],"wp:term":[{"taxonomy":"category","embeddable":true,"href":"http:\/\/www.affinite.fr\/index.php\/wp-json\/wp\/v2\/categories?post=9918"},{"taxonomy":"post_tag","embeddable":true,"href":"http:\/\/www.affinite.fr\/index.php\/wp-json\/wp\/v2\/tags?post=9918"}],"curies":[{"name":"wp","href":"https:\/\/api.w.org\/{rel}","templated":true}]}}