{"id":9916,"date":"2024-01-10T00:07:05","date_gmt":"2024-01-10T00:07:05","guid":{"rendered":"https:\/\/www.affinite.fr\/index.php\/2024\/01\/10\/ce-film-avec-lea-seydoux-qui-lui-a-rapporte-un-petit-cachet-pour-sacheter\/"},"modified":"2024-01-10T00:07:05","modified_gmt":"2024-01-10T00:07:05","slug":"ce-film-avec-lea-seydoux-qui-lui-a-rapporte-un-petit-cachet-pour-sacheter","status":"publish","type":"post","link":"http:\/\/www.affinite.fr\/index.php\/2024\/01\/10\/ce-film-avec-lea-seydoux-qui-lui-a-rapporte-un-petit-cachet-pour-sacheter\/","title":{"rendered":"ce film avec L\u00e9a Seydoux qui lui a rapport\u00e9 \u00ab\u00a0un petit cachet\u00a0\u00bb pour s&rsquo;acheter&#8230;"},"content":{"rendered":"<p> [ad_1]<br \/>\n<br \/><img decoding=\"async\" src=\"https:\/\/img-3.journaldesfemmes.fr\/NgoXJ-ZYj_eJfviv418tYlcwcA0=\/1280x\/smart\/88cc9116d3c74019b07237c805cfec15\/ccmcms-jdf\/39936223.jpg\" \/><\/p>\n<p>\n                A la surprise g\u00e9n\u00e9rale, c&rsquo;est donc Gabriel Attal qui a \u00e9t\u00e9 nomm\u00e9 Premier ministre \u00e0 seulement 34\u00a0ans apr\u00e8s la d\u00e9mission d&rsquo;Elisabeth Borne. Avant sa carri\u00e8re politique, le chef du gouvernement a fait ses premiers pas&#8230; comme acteur.            <\/p>\n<div>\n<p>Finalement, apr\u00e8s de longues heures d&rsquo;attente, c&rsquo;est bel et bien Gabriel Attal qui a \u00e9t\u00e9 choisi par <a href=\"https:\/\/www.journaldesfemmes.fr\/people\/personnalites\/2875543-emmanuel-macron-politique-vie-privee-age-bio\/\" title=\"Emmanuel Macron\">Emmanuel Macron<\/a> pour devenir le nouveau Premier ministre : le plus jeune de toute la Ve R\u00e9publique. Mais pour les Fran\u00e7ais, il conserve encore une part de myst\u00e8re. Saviez-vous par exemple qu&rsquo;il avait \u00e9t\u00e9 acteur ?<\/p>\n<h2>Gabriel Attal a tourn\u00e9 pour un c\u00e9l\u00e8bre r\u00e9alisateur<\/h2>\n<p>Un homme politique qui a fait du cin\u00e9ma, ce n&rsquo;est plus si inhabituel\u00a0de nos jours (coucou\u00a0Arnold Schwarzenegger, <a href=\"https:\/\/www.journaldesfemmes.fr\/people\/donald-trump\/\" title=\"Donald Trump\">Donald Trump<\/a> ou encore\u00a0Ronald Reagan). Ancien \u00e9l\u00e8ve de la tr\u00e8s snob et priv\u00e9e\u00a0Ecole Alsacienne dans le 6e arrondissement de Paris, Gabriel Attal aurait tout aussi bien pu encha\u00eener avec le Cours Florent puisqu&rsquo;il semble avoir un temps \u00e9t\u00e9 passionn\u00e9 par la com\u00e9die. \u00ab\u00a0<em><strong>Il enflammait les plan\u00adches. Je me souviens des parents d&rsquo;\u00e9l\u00e8ves qui se pr\u00e9cipitaient \u00e0 la sortie pour nous f\u00e9liciter comme s&rsquo;il avait gagn\u00e9 un Oscar<\/strong><\/em>\u00ab\u00a0,\u00a0avait racont\u00e9 sa soeur Fanny, cit\u00e9e par <em>Challenges<\/em>.<\/p>\n<p>Par dessus le march\u00e9, Gabriel Attal a jou\u00e9 dans le film <em>La belle personne<\/em>,\u00a0adaptation libre du roman La Princesse de Cl\u00e8ves par le r\u00e9alisateur\u00a0Christophe Honor\u00e9. Dans ce film sorti au cin\u00e9ma en 2008, on retrouve un casting 4 \u00e9toiles compos\u00e9 de\u00a0<a href=\"https:\/\/www.journaldesfemmes.fr\/people\/personnalites\/2924917-lea-seydoux-age-famille-couple-films\/\" title=\"L\u00e9a Seydoux\">L\u00e9a Seydoux<\/a>, Louis Garrel et\u00a0Ana\u00efs Demoustier.<\/p>\n<p>Interrog\u00e9 sur Instagram lors d&rsquo;une session de questions\/r\u00e9ponses alors qu&rsquo;il \u00e9tait porte-parole du gouvernement, il avait confirm\u00e9 sa pr\u00e9sence \u00e0 l&rsquo;\u00e9cran : \u00ab\u00a0<em>Bien vu.\u00a0Vous avez vraiment l&rsquo;\u0153il, car c&rsquo;\u00e9tait plut\u00f4t de la figuration ! J&rsquo;avais 18\u00a0ans et <strong>je me suis retrouv\u00e9 un peu par hasard dans ce film de Christophe Honor\u00e9, avec \u00e0 la cl\u00e9 un petit cachet qui m&rsquo;avait permis de m&rsquo;acheter un scooter<\/strong>.<\/em>\u00ab\u00a0<\/p>\n<h2>Gabriel Attal nomm\u00e9 Premier ministre, sa r\u00e9action<\/h2>\n<p>Apr\u00e8s avoir pris ses fonctions, le nouveau Premier ministre a post\u00e9 un message sur son compte Twitter. \u00ab\u00a0<em>Merci Monsieur le Pr\u00e9sident pour votre confiance. Je mesure l&rsquo;honneur qui m&rsquo;est fait d&rsquo;\u00eatre nomm\u00e9 Premier ministre.\u00a0Un cap\u00a0: garder le contr\u00f4le de notre destin, lib\u00e9rer le potentiel fran\u00e7ais et r\u00e9armer notre pays.\u00a0Au travail, avec force, humilit\u00e9 et sans tabou au service des Fran\u00e7ais.<\/em>\u00ab\u00a0<\/p>\n<p>Reste \u00e0 Gabriel Attal de faire oublier Elisabeth Borne et son triste record d&rsquo;utilisation de l&rsquo;article 49,3 \u00e0 l&rsquo;Assembl\u00e9e nationale. A date, sa c\u00f4te de popularit\u00e9 selon Ispos (en d\u00e9cembre) \u00e9tait de 40%, faisant de lui la personnalit\u00e9 politique pr\u00e9f\u00e9r\u00e9e des Fran\u00e7ais.<\/p>\n<\/p><\/div>\n<p>[ad_2]<br \/>\n<br \/><a href=\"https:\/\/www.journaldesfemmes.fr\/people\/actus\/3154156-gabriel-attal-acteur-film-argent\/\">Source link <\/a><\/p>\n","protected":false},"excerpt":{"rendered":"<p>[ad_1] A la surprise g\u00e9n\u00e9rale, c&rsquo;est donc Gabriel Attal qui a \u00e9t\u00e9 nomm\u00e9 Premier ministre \u00e0 seulement 34\u00a0ans apr\u00e8s la &hellip; <a href=\"http:\/\/www.affinite.fr\/index.php\/2024\/01\/10\/ce-film-avec-lea-seydoux-qui-lui-a-rapporte-un-petit-cachet-pour-sacheter\/\" class=\"more-link\">Plus <span class=\"screen-reader-text\">ce film avec L\u00e9a Seydoux qui lui a rapport\u00e9 \u00ab\u00a0un petit cachet\u00a0\u00bb pour s&rsquo;acheter&#8230;<\/span> <span class=\"meta-nav\">&rarr;<\/span><\/a><\/p>\n","protected":false},"author":1,"featured_media":9917,"comment_status":"","ping_status":"open","sticky":false,"template":"","format":"standard","meta":{"_sitemap_exclude":false,"_sitemap_priority":"","_sitemap_frequency":"","footnotes":""},"categories":[1],"tags":[],"class_list":["post-9916","post","type-post","status-publish","format-standard","has-post-thumbnail","hentry","category-tous"],"_links":{"self":[{"href":"http:\/\/www.affinite.fr\/index.php\/wp-json\/wp\/v2\/posts\/9916"}],"collection":[{"href":"http:\/\/www.affinite.fr\/index.php\/wp-json\/wp\/v2\/posts"}],"about":[{"href":"http:\/\/www.affinite.fr\/index.php\/wp-json\/wp\/v2\/types\/post"}],"author":[{"embeddable":true,"href":"http:\/\/www.affinite.fr\/index.php\/wp-json\/wp\/v2\/users\/1"}],"replies":[{"embeddable":true,"href":"http:\/\/www.affinite.fr\/index.php\/wp-json\/wp\/v2\/comments?post=9916"}],"version-history":[{"count":0,"href":"http:\/\/www.affinite.fr\/index.php\/wp-json\/wp\/v2\/posts\/9916\/revisions"}],"wp:featuredmedia":[{"embeddable":true,"href":"http:\/\/www.affinite.fr\/index.php\/wp-json\/wp\/v2\/media\/9917"}],"wp:attachment":[{"href":"http:\/\/www.affinite.fr\/index.php\/wp-json\/wp\/v2\/media?parent=9916"}],"wp:term":[{"taxonomy":"category","embeddable":true,"href":"http:\/\/www.affinite.fr\/index.php\/wp-json\/wp\/v2\/categories?post=9916"},{"taxonomy":"post_tag","embeddable":true,"href":"http:\/\/www.affinite.fr\/index.php\/wp-json\/wp\/v2\/tags?post=9916"}],"curies":[{"name":"wp","href":"https:\/\/api.w.org\/{rel}","templated":true}]}}