{"id":99,"date":"2020-02-16T09:59:41","date_gmt":"2020-02-16T09:59:41","guid":{"rendered":"https:\/\/www.affinite.fr\/index.php\/2020\/02\/16\/malte-et-son-cote-nature-entre-falaises-arches-et-lagons-turquoises\/"},"modified":"2020-02-16T09:59:41","modified_gmt":"2020-02-16T09:59:41","slug":"malte-et-son-cote-nature-entre-falaises-arches-et-lagons-turquoises","status":"publish","type":"post","link":"http:\/\/www.affinite.fr\/index.php\/2020\/02\/16\/malte-et-son-cote-nature-entre-falaises-arches-et-lagons-turquoises\/","title":{"rendered":"Malte et son cot\u00e9 nature! Entre falaises , arches et lagons turquoises."},"content":{"rendered":"<p> [ad_1]<br \/>\n<\/p>\n<div>\n<p style=\"text-align:center\">Malte, situ\u00e9 \u00e0 une centaine de kilom\u00e8tre de la Sicile et \u00e0 300 KM des c\u00f4tes Tunisiennes et libyennes. L\u2019\u00eele de Malte fait partie de l\u2019archipel m\u00e9diterran\u00e9en. L\u2019archipel Maltais se compose  de 4 \u00eeles, Gozo, Comino, Filfla, Cominotto.<strong> Que vous aimiez la culture ou la nature vous y trouverez votre bonheur ! <\/strong>Ici je vous parle surtout du c\u00f4te nature de Malte, de ses falaises, de ses arches et ses lagons turquoises ;). <\/p>\n<h2 style=\"text-align:center\">Malte et son c\u00f4t\u00e9 nature! falaises, arches et lagons turquoises<\/h2>\n<h3 style=\"text-align:center\">1- Malte, les Falaises<\/h3>\n<p style=\"text-align:center\">Pour ma part, j\u2019ai \u00e9t\u00e9<strong> impressionn\u00e9 par ses falaises<\/strong>! Immenses, grandioses et aussi belles \u00e0 pieds, qu\u2019en bateaux \u2026<\/p>\n<p style=\"text-align:center\">Ces falaises sont dues \u00e0 l\u2019\u00e9rosion marine, elles sont g\u00e9n\u00e9ralement constitu\u00e9es de plusieurs couches de calcaire de teinte dor\u00e9e \u00ab\u00a0IL FRanka\u00a0\u00bb. Cette couche est la plus ancienne des 5 couches g\u00e9ologiques qui constituent l\u2019archipel Maltais, ce qui lui donne son aspect vertigineux et grandiose! <\/p>\n<p style=\"text-align:center\">Il est \u00e9vident que l\u2019\u00e9rosion ne va pas s\u2019arr\u00eater \u2026 d\u2019ailleurs la Fen\u00eatre Azur situe sur l\u2019\u00eele de Gozo en a pay\u00e9 les frais \u2026 Elle s\u2019est effondr\u00e9e en 2017\u2026 Donc,<strong> profitez de ces paysages et respectez le ;).<\/strong> <\/p>\n<h3 style=\"text-align:center\">2- Malte les Lagons Turquoises<\/h3>\n<p style=\"text-align:center\">Ensuite,  je me suis sentie <strong>dans un pays lointain,<\/strong> que l\u2019on voit surtout en photo, aux couleurs de l\u2019oc\u00e9an pacifique, avec des roches, du sable fin  des couleurs \u00e0 tomber\u2026. Ce sont les criques que l\u2019on peut trouver un peut partout sur l\u2019\u00eele de Gozo ou de Camino! Un fabuleux spectacle!!<\/p>\n<p style=\"text-align:center\">Une chose que j\u2019ai bien appr\u00e9ci\u00e9 aussi, ce sont <strong>les balades en Luzzu<\/strong>! Alors, les Luzzus c\u2019est quoi? Ce sont des bateaux traditionnels de Malte. Utilis\u00e9s principalement pour la p\u00eache. Ces embarcations sont g\u00e9n\u00e9ralement peints avec des couleurs d\u2019un ton vif (jaune, rouge, vert et bleu). Avec ces bateaux vous pouvez embarquer pour les salins de Gozo, la fameuse Grotte bleu, saint Peter pool \u2026. et plein d\u2019autres ? \u2026 Vous pouvez <strong>n\u00e9gociez<\/strong> pour \u00eatre seul \u00e0 bord! A part pour la grotte bleue c\u2019est possible ? .<\/p>\n<h3 style=\"text-align:center\">3- Malte, arches et grottes<\/h3>\n<p style=\"text-align:center\">Alors, la grotte que j\u2019ai ador\u00e9 c\u2019est<strong> la grotte bleue!!<\/strong> Bon vous allez me dire rien d\u2019original! Oui oui je suis d\u2019accord! Mais c\u00a0\u00bbest tellement beau \u2026 Elle n\u2019est pas c\u00e9l\u00e8bre pour rien ;)! <\/p>\n<p style=\"text-align:center\">En g\u00e9n\u00e9ral je ne suis pas trop fan pour la navigation, que ce soit en gros bateau ou en petite barque, je ne suis pas \u00e0 l\u2019aise\u2026 L\u2019angoisse monte ;)!! \u00c7a n\u2019a pas rat\u00e9 pour l\u2019excursion pour la grotte bleue\u2026 Un peu de vent, du monde dans le Luzzu (6 personnes) et des vagues!! <strong>\u00c7a bouge, \u00e7a tangue, j\u2019angoisse\u2026 <\/strong>mais bon j\u2019ai un gilet de sauvetage lol!! J\u2019ai eu la m\u00eame sensation pour la travers\u00e9 jusqu\u2019\u00e0 Gozo!  Mais  l\u2019envie de d\u00e9couverte est plus forte que l\u2019angoisse, du coup je me contr\u00f4le et <strong>profite de ce spectacle.<\/strong> <\/p>\n<p style=\"text-align:center\">Apres avoir vu la grotte bleue par la mer, je suis all\u00e9e la voir d\u2019en haut!! Me retrouver face \u00e0 la mer me donne <strong>un sentiment de pl\u00e9nitude!!<\/strong>  Le bleu de l\u2019eau, le bruit des vagues tapant sur roches beiges orang\u00e9s  et cette lumi\u00e8re qui traverse l\u2019arche \u2026 Wouah! J\u2019ai le souffle coup\u00e9!<strong> Que le monde est beau!!<\/strong><\/p>\n<figure class=\"wp-block-image\"><img decoding=\"async\" data-attachment-id=\"8348\" data-permalink=\"https:\/\/rencontretvoyagite.com\/malte-arche-grotte-bleue\/\" data-orig-file=\"https:\/\/i1.wp.com\/rencontretvoyagite.com\/wp-content\/uploads\/2019\/10\/Malte-arche-grotte-bleue.jpg?fit=1200%2C800&amp;ssl=1\" data-orig-size=\"1200,800\" data-comments-opened=\"1\" data-image-meta=\"{&quot;aperture&quot;:&quot;11&quot;,&quot;credit&quot;:&quot;&quot;,&quot;camera&quot;:&quot;ILCE-6000&quot;,&quot;caption&quot;:&quot;&quot;,&quot;created_timestamp&quot;:&quot;1557758564&quot;,&quot;copyright&quot;:&quot;&quot;,&quot;focal_length&quot;:&quot;16&quot;,&quot;iso&quot;:&quot;100&quot;,&quot;shutter_speed&quot;:&quot;0.00625&quot;,&quot;title&quot;:&quot;&quot;,&quot;orientation&quot;:&quot;1&quot;}\" data-image-title=\"Malte arche grotte bleue\" data-image-description=\"\" data-medium-file=\"https:\/\/i1.wp.com\/rencontretvoyagite.com\/wp-content\/uploads\/2019\/10\/Malte-arche-grotte-bleue.jpg?fit=300%2C200&amp;ssl=1\" data-large-file=\"https:\/\/i1.wp.com\/rencontretvoyagite.com\/wp-content\/uploads\/2019\/10\/Malte-arche-grotte-bleue.jpg?fit=620%2C414&amp;ssl=1\" alt=\"Malte et son cot\u00e9 nature! Entre falaises , arches et lagons turquoises. rencontres et voyagite carnet de voyage\" class=\"wp-image-8348 jetpack-lazy-image\" data-recalc-dims=\"1\" srcset=\"https:\/\/i1.wp.com\/rencontretvoyagite.com\/wp-content\/uploads\/2019\/10\/Malte-arche-grotte-bleue.jpg?resize=1024%2C683&amp;ssl=1 1024w, https:\/\/i1.wp.com\/rencontretvoyagite.com\/wp-content\/uploads\/2019\/10\/Malte-arche-grotte-bleue.jpg?resize=300%2C200&amp;ssl=1 300w, https:\/\/i1.wp.com\/rencontretvoyagite.com\/wp-content\/uploads\/2019\/10\/Malte-arche-grotte-bleue.jpg?resize=768%2C512&amp;ssl=1 768w, https:\/\/i1.wp.com\/rencontretvoyagite.com\/wp-content\/uploads\/2019\/10\/Malte-arche-grotte-bleue.jpg?resize=570%2C380&amp;ssl=1 570w, https:\/\/i1.wp.com\/rencontretvoyagite.com\/wp-content\/uploads\/2019\/10\/Malte-arche-grotte-bleue.jpg?w=1200&amp;ssl=1 1200w\" data-lazy-sizes=\"(max-width: 620px) 100vw, 620px\" src=\"https:\/\/i1.wp.com\/rencontretvoyagite.com\/wp-content\/uploads\/2019\/10\/Malte-arche-grotte-bleue.jpg?resize=620%2C414&amp;is-pending-load=1#038;ssl=1\" srcset=\"data:image\/gif;base64,R0lGODlhAQABAIAAAAAAAP\/\/\/yH5BAEAAAAALAAAAAABAAEAAAIBRAA7\"\/><noscript><img decoding=\"async\" data-attachment-id=\"8348\" data-permalink=\"https:\/\/rencontretvoyagite.com\/malte-arche-grotte-bleue\/\" data-orig-file=\"https:\/\/i1.wp.com\/rencontretvoyagite.com\/wp-content\/uploads\/2019\/10\/Malte-arche-grotte-bleue.jpg?fit=1200%2C800&amp;ssl=1\" data-orig-size=\"1200,800\" data-comments-opened=\"1\" data-image-meta=\"{&quot;aperture&quot;:&quot;11&quot;,&quot;credit&quot;:&quot;&quot;,&quot;camera&quot;:&quot;ILCE-6000&quot;,&quot;caption&quot;:&quot;&quot;,&quot;created_timestamp&quot;:&quot;1557758564&quot;,&quot;copyright&quot;:&quot;&quot;,&quot;focal_length&quot;:&quot;16&quot;,&quot;iso&quot;:&quot;100&quot;,&quot;shutter_speed&quot;:&quot;0.00625&quot;,&quot;title&quot;:&quot;&quot;,&quot;orientation&quot;:&quot;1&quot;}\" data-image-title=\"Malte arche grotte bleue\" data-image-description=\"\" data-medium-file=\"https:\/\/i1.wp.com\/rencontretvoyagite.com\/wp-content\/uploads\/2019\/10\/Malte-arche-grotte-bleue.jpg?fit=300%2C200&amp;ssl=1\" data-large-file=\"https:\/\/i1.wp.com\/rencontretvoyagite.com\/wp-content\/uploads\/2019\/10\/Malte-arche-grotte-bleue.jpg?fit=620%2C414&amp;ssl=1\" src=\"https:\/\/i1.wp.com\/rencontretvoyagite.com\/wp-content\/uploads\/2019\/10\/Malte-arche-grotte-bleue.jpg?resize=620%2C414&amp;ssl=1\" alt=\"Malte et son cot\u00e9 nature! Entre falaises , arches et lagons turquoises. rencontres et voyagite carnet de voyage\" class=\"wp-image-8348\" srcset=\"https:\/\/i1.wp.com\/rencontretvoyagite.com\/wp-content\/uploads\/2019\/10\/Malte-arche-grotte-bleue.jpg?resize=1024%2C683&amp;ssl=1 1024w, https:\/\/i1.wp.com\/rencontretvoyagite.com\/wp-content\/uploads\/2019\/10\/Malte-arche-grotte-bleue.jpg?resize=300%2C200&amp;ssl=1 300w, https:\/\/i1.wp.com\/rencontretvoyagite.com\/wp-content\/uploads\/2019\/10\/Malte-arche-grotte-bleue.jpg?resize=768%2C512&amp;ssl=1 768w, https:\/\/i1.wp.com\/rencontretvoyagite.com\/wp-content\/uploads\/2019\/10\/Malte-arche-grotte-bleue.jpg?resize=570%2C380&amp;ssl=1 570w, https:\/\/i1.wp.com\/rencontretvoyagite.com\/wp-content\/uploads\/2019\/10\/Malte-arche-grotte-bleue.jpg?w=1200&amp;ssl=1 1200w\" sizes=\"(max-width: 620px) 100vw, 620px\" data-recalc-dims=\"1\"\/><\/noscript><figcaption>Arche grotte bleue vue d\u2019en haut<br \/>Malte et son c\u00f4te nature<\/figcaption><\/figure>\n<figure class=\"wp-block-image\"><img decoding=\"async\" data-attachment-id=\"8347\" data-permalink=\"https:\/\/rencontretvoyagite.com\/grotte-bleue-vue-den-haut\/\" data-orig-file=\"https:\/\/i1.wp.com\/rencontretvoyagite.com\/wp-content\/uploads\/2019\/10\/Grotte-bleue-vue-den-haut.jpg?fit=1200%2C800&amp;ssl=1\" data-orig-size=\"1200,800\" data-comments-opened=\"1\" data-image-meta=\"{&quot;aperture&quot;:&quot;7.1&quot;,&quot;credit&quot;:&quot;&quot;,&quot;camera&quot;:&quot;ILCE-6000&quot;,&quot;caption&quot;:&quot;&quot;,&quot;created_timestamp&quot;:&quot;1557759685&quot;,&quot;copyright&quot;:&quot;&quot;,&quot;focal_length&quot;:&quot;50&quot;,&quot;iso&quot;:&quot;100&quot;,&quot;shutter_speed&quot;:&quot;0.004&quot;,&quot;title&quot;:&quot;&quot;,&quot;orientation&quot;:&quot;1&quot;}\" data-image-title=\"Grotte bleue vue d&amp;rsquo;en haut\" data-image-description=\"\" data-medium-file=\"https:\/\/i1.wp.com\/rencontretvoyagite.com\/wp-content\/uploads\/2019\/10\/Grotte-bleue-vue-den-haut.jpg?fit=300%2C200&amp;ssl=1\" data-large-file=\"https:\/\/i1.wp.com\/rencontretvoyagite.com\/wp-content\/uploads\/2019\/10\/Grotte-bleue-vue-den-haut.jpg?fit=620%2C414&amp;ssl=1\" alt=\"Malte et son cot\u00e9 nature! Entre falaises , arches et lagons turquoises. rencontres et voyagite carnet de voyage\" class=\"wp-image-8347 jetpack-lazy-image\" data-recalc-dims=\"1\" srcset=\"https:\/\/i1.wp.com\/rencontretvoyagite.com\/wp-content\/uploads\/2019\/10\/Grotte-bleue-vue-den-haut.jpg?resize=1024%2C683&amp;ssl=1 1024w, https:\/\/i1.wp.com\/rencontretvoyagite.com\/wp-content\/uploads\/2019\/10\/Grotte-bleue-vue-den-haut.jpg?resize=300%2C200&amp;ssl=1 300w, https:\/\/i1.wp.com\/rencontretvoyagite.com\/wp-content\/uploads\/2019\/10\/Grotte-bleue-vue-den-haut.jpg?resize=768%2C512&amp;ssl=1 768w, https:\/\/i1.wp.com\/rencontretvoyagite.com\/wp-content\/uploads\/2019\/10\/Grotte-bleue-vue-den-haut.jpg?resize=570%2C380&amp;ssl=1 570w, https:\/\/i1.wp.com\/rencontretvoyagite.com\/wp-content\/uploads\/2019\/10\/Grotte-bleue-vue-den-haut.jpg?w=1200&amp;ssl=1 1200w\" data-lazy-sizes=\"(max-width: 620px) 100vw, 620px\" src=\"https:\/\/i1.wp.com\/rencontretvoyagite.com\/wp-content\/uploads\/2019\/10\/Grotte-bleue-vue-den-haut.jpg?resize=620%2C414&amp;is-pending-load=1#038;ssl=1\" srcset=\"data:image\/gif;base64,R0lGODlhAQABAIAAAAAAAP\/\/\/yH5BAEAAAAALAAAAAABAAEAAAIBRAA7\"\/><noscript><img decoding=\"async\" data-attachment-id=\"8347\" data-permalink=\"https:\/\/rencontretvoyagite.com\/grotte-bleue-vue-den-haut\/\" data-orig-file=\"https:\/\/i1.wp.com\/rencontretvoyagite.com\/wp-content\/uploads\/2019\/10\/Grotte-bleue-vue-den-haut.jpg?fit=1200%2C800&amp;ssl=1\" data-orig-size=\"1200,800\" data-comments-opened=\"1\" data-image-meta=\"{&quot;aperture&quot;:&quot;7.1&quot;,&quot;credit&quot;:&quot;&quot;,&quot;camera&quot;:&quot;ILCE-6000&quot;,&quot;caption&quot;:&quot;&quot;,&quot;created_timestamp&quot;:&quot;1557759685&quot;,&quot;copyright&quot;:&quot;&quot;,&quot;focal_length&quot;:&quot;50&quot;,&quot;iso&quot;:&quot;100&quot;,&quot;shutter_speed&quot;:&quot;0.004&quot;,&quot;title&quot;:&quot;&quot;,&quot;orientation&quot;:&quot;1&quot;}\" data-image-title=\"Grotte bleue vue d&amp;rsquo;en haut\" data-image-description=\"\" data-medium-file=\"https:\/\/i1.wp.com\/rencontretvoyagite.com\/wp-content\/uploads\/2019\/10\/Grotte-bleue-vue-den-haut.jpg?fit=300%2C200&amp;ssl=1\" data-large-file=\"https:\/\/i1.wp.com\/rencontretvoyagite.com\/wp-content\/uploads\/2019\/10\/Grotte-bleue-vue-den-haut.jpg?fit=620%2C414&amp;ssl=1\" src=\"https:\/\/i1.wp.com\/rencontretvoyagite.com\/wp-content\/uploads\/2019\/10\/Grotte-bleue-vue-den-haut.jpg?resize=620%2C414&amp;ssl=1\" alt=\"Malte et son cot\u00e9 nature! Entre falaises , arches et lagons turquoises. rencontres et voyagite carnet de voyage\" class=\"wp-image-8347\" srcset=\"https:\/\/i1.wp.com\/rencontretvoyagite.com\/wp-content\/uploads\/2019\/10\/Grotte-bleue-vue-den-haut.jpg?resize=1024%2C683&amp;ssl=1 1024w, https:\/\/i1.wp.com\/rencontretvoyagite.com\/wp-content\/uploads\/2019\/10\/Grotte-bleue-vue-den-haut.jpg?resize=300%2C200&amp;ssl=1 300w, https:\/\/i1.wp.com\/rencontretvoyagite.com\/wp-content\/uploads\/2019\/10\/Grotte-bleue-vue-den-haut.jpg?resize=768%2C512&amp;ssl=1 768w, https:\/\/i1.wp.com\/rencontretvoyagite.com\/wp-content\/uploads\/2019\/10\/Grotte-bleue-vue-den-haut.jpg?resize=570%2C380&amp;ssl=1 570w, https:\/\/i1.wp.com\/rencontretvoyagite.com\/wp-content\/uploads\/2019\/10\/Grotte-bleue-vue-den-haut.jpg?w=1200&amp;ssl=1 1200w\" sizes=\"(max-width: 620px) 100vw, 620px\" data-recalc-dims=\"1\"\/><\/noscript><figcaption>En contemplation ? .<\/figcaption><\/figure>\n<p style=\"text-align:center\">Le c\u00f4t\u00e9 nature de Malte est ce que j\u2019ai pr\u00e9f\u00e9r\u00e9! Les arches, les falaises et les lagons turquoises mon conquise! Et l\u2019\u00eele de Gozo \u2026. Un gros c\u0153ur &lt;3 . <strong>Je vous conseille d\u2019y rester au moins un nuit pour d\u00e9couvrir tous les coins cach\u00e9s ? .<\/strong> Malte, un voyage en Europe avec des influences Grecs, Arabes, romaines, byzantines \u2026 c\u2019est un saut dans plusieurs cultures en m\u00eame temps ? . <\/p>\n<h5 style=\"text-align:center\">Vous aimez les arches, les lagons turquoises et les falaises prenez votre sac et allez \u00e0 Malte!! Vous partez quand?<\/h5>\n<pre class=\"wp-block-verse\"><strong>COTE PRATIQUE<\/strong><\/pre>\n<ul>\n<li><em>Quand y aller: <\/em>Malte peut se visiter toute l\u2019ann\u00e9e gr\u00e2ce \u00e0 son climat m\u00e9diterran\u00e9en. Pour \u00e9viter le tourisme de masse choisissez  d\u2019avril \u00e0 octobre;). <\/li>\n<li><em>Document n\u00e9cessaire: <\/em>Carte d\u2019identit\u00e9 pour les Europ\u00e9ens.<\/li>\n<li><em>Langues parl\u00e9s: <\/em>Anglais et Maltais<\/li>\n<li><em>Se d\u00e9placer: <\/em>J\u2019ai tout fait en transports en commun et \u00e0 pied! Bus entre 1,50\u20ac et 2\u20ac tr\u00e8s bien desservi. pr\u00e9voir son itin\u00e9raire  <a href=\"https:\/\/www.publictransport.com.mt\/en\/trip-planner\">https:\/\/www.publictransport.com.mt\/en\/trip-planner<\/a> Vous pouvez aussi t\u00e9l\u00e9charger l\u2019application \u00a0\u00bb TALLINJA\u00a0 \u00a0\u00bb elle vous donnera les horaires en temps r\u00e9el.<\/li>\n<li><em>Se loger:<\/em> J\u2019ai log\u00e9 en AirBnB en plein centre de la Valette.<\/li>\n<li><em>A prendre dans sa valise:<\/em> Un adaptateur de prise \u00e9lectrique, cr\u00e8me solaire, une gourde! Il fait chaud ? .<\/li>\n<li><em>Travers\u00e9 Malte\/Gozo:<\/em> Dur\u00e9e 30 minutes. Prix 4,65\u20ac par adulte et 1,15\u20ac par enfant aller-retour. <\/li>\n<li><em>Bateau navette:<\/em> La Valette: Les 3 cit\u00e9s Toutes les 30 minutes 2,80\u20ac aller\/retour. Grotte bleue 7\u20ac. <\/li>\n<\/ul>\n<p><strong>Malte , La Valette et les 3 cit\u00e9es <\/strong> <a href=\"https:\/\/rencontretvoyagite.com\/2019\/09\/29\/malte-la-valette-et-les-trois-citees-carnet-de-voyage-europe\/\">https:\/\/rencontretvoyagite.com\/2019\/09\/29\/malte-la-valette-et-les-trois-citees-carnet-de-voyage-europe\/<\/a> <\/p>\n<div class=\"sharedaddy sd-block sd-like jetpack-likes-widget-wrapper jetpack-likes-widget-unloaded\" id=\"like-post-wrapper-92246691-8123-5e49128c40f39\" data-src=\"https:\/\/widgets.wp.com\/likes\/#blog_id=92246691&amp;post_id=8123&amp;origin=rencontretvoyagite.com&amp;obj_id=92246691-8123-5e49128c40f39\" data-name=\"like-post-frame-92246691-8123-5e49128c40f39\">\n<h3 class=\"sd-title\">WordPress:<\/h3>\n<p><span class=\"button\"><span>J&rsquo;aime<\/span><\/span> <span class=\"loading\">chargement\u2026<\/span><\/p>\n<p><span class=\"sd-text-color\"\/><a class=\"sd-link-color\"\/><\/div>\n<\/p><\/div>\n<p>[ad_2]<br \/>\n<br \/><a href=\"https:\/\/rencontretvoyagite.com\/2019\/10\/06\/malte-falaise-arches-et\/\">Source link <\/a><\/p>\n","protected":false},"excerpt":{"rendered":"<p>[ad_1] Malte, situ\u00e9 \u00e0 une centaine de kilom\u00e8tre de la Sicile et \u00e0 300 KM des c\u00f4tes Tunisiennes et libyennes. &hellip; <a href=\"http:\/\/www.affinite.fr\/index.php\/2020\/02\/16\/malte-et-son-cote-nature-entre-falaises-arches-et-lagons-turquoises\/\" class=\"more-link\">Plus <span class=\"screen-reader-text\">Malte et son cot\u00e9 nature! Entre falaises , arches et lagons turquoises.<\/span> <span class=\"meta-nav\">&rarr;<\/span><\/a><\/p>\n","protected":false},"author":1,"featured_media":0,"comment_status":"open","ping_status":"open","sticky":false,"template":"","format":"standard","meta":{"_sitemap_exclude":false,"_sitemap_priority":"","_sitemap_frequency":"","footnotes":""},"categories":[1],"tags":[],"class_list":["post-99","post","type-post","status-publish","format-standard","hentry","category-tous"],"_links":{"self":[{"href":"http:\/\/www.affinite.fr\/index.php\/wp-json\/wp\/v2\/posts\/99"}],"collection":[{"href":"http:\/\/www.affinite.fr\/index.php\/wp-json\/wp\/v2\/posts"}],"about":[{"href":"http:\/\/www.affinite.fr\/index.php\/wp-json\/wp\/v2\/types\/post"}],"author":[{"embeddable":true,"href":"http:\/\/www.affinite.fr\/index.php\/wp-json\/wp\/v2\/users\/1"}],"replies":[{"embeddable":true,"href":"http:\/\/www.affinite.fr\/index.php\/wp-json\/wp\/v2\/comments?post=99"}],"version-history":[{"count":0,"href":"http:\/\/www.affinite.fr\/index.php\/wp-json\/wp\/v2\/posts\/99\/revisions"}],"wp:attachment":[{"href":"http:\/\/www.affinite.fr\/index.php\/wp-json\/wp\/v2\/media?parent=99"}],"wp:term":[{"taxonomy":"category","embeddable":true,"href":"http:\/\/www.affinite.fr\/index.php\/wp-json\/wp\/v2\/categories?post=99"},{"taxonomy":"post_tag","embeddable":true,"href":"http:\/\/www.affinite.fr\/index.php\/wp-json\/wp\/v2\/tags?post=99"}],"curies":[{"name":"wp","href":"https:\/\/api.w.org\/{rel}","templated":true}]}}