{"id":9899,"date":"2024-01-04T23:58:51","date_gmt":"2024-01-04T23:58:51","guid":{"rendered":"https:\/\/www.affinite.fr\/index.php\/2024\/01\/04\/que-devient-emma-daumas-depuis-la-star-academy-2-carriere-enfants-compagnon-vie-dans-un-village\/"},"modified":"2024-01-04T23:58:51","modified_gmt":"2024-01-04T23:58:51","slug":"que-devient-emma-daumas-depuis-la-star-academy-2-carriere-enfants-compagnon-vie-dans-un-village","status":"publish","type":"post","link":"http:\/\/www.affinite.fr\/index.php\/2024\/01\/04\/que-devient-emma-daumas-depuis-la-star-academy-2-carriere-enfants-compagnon-vie-dans-un-village\/","title":{"rendered":"Que devient Emma Daumas depuis la Star Academy 2\u00a0? Carri\u00e8re, enfants, compagnon, vie dans un village&#8230;"},"content":{"rendered":"<p> [ad_1]<br \/>\n<br \/><img decoding=\"async\" src=\"https:\/\/img-3.journaldesfemmes.fr\/-5S45RQwT87tGxtmCYvUHYjT4F8=\/1280x\/smart\/26c40a43d2824da5b4b1c8173b6ab04b\/ccmcms-jdf\/39935341.jpg\" \/><\/p>\n<p>\n                Emma Daumas, que vous avez retrouv\u00e9e ce 4\u00a0janvier dans l&rsquo;\u00e9mission \u00ab\u00a0Tout le monde chante\u00a0: les stars rel\u00e8vent le d\u00e9fi\u00a0\u00bb,\u00a0sur W9, s&rsquo;est faite plus discr\u00e8te depuis sa participation \u00e0 la Star Academy. Qu&rsquo;est-elle devenue\u00a0?            <\/p>\n<div>\n<p>Comment oublier<strong> Emma Daumas<\/strong>, qui \u00e9tait parvenue jusqu&rsquo;en demi-finale de<strong>\u00a0la deuxi\u00e8me saison de la <a href=\"https:\/\/www.journaldesfemmes.fr\/people\/rendez-vous\/2828791-star-academy-chateau-prime-invites-finale-finalistes-anisha-enola-louis-lea-saison-2023-gagnant\/\" title=\"Star Ac\">Star Academy<\/a> en 2002 sur TF1 ? <\/strong>Depuis, la chanteuse se fait plut\u00f4t discr\u00e8te, mais vous\u00a0avez pu la retrouver <strong>ce 4\u00a0janvier dans l&rsquo;\u00e9mission <em>Tout le monde chante\u00a0: les stars rel\u00e8vent le d\u00e9fi,\u00a0<\/em>sur W9,<\/strong> qui soutient l&rsquo;association<em> <\/em>Tout le monde contre le cancer.\u00a0<\/p>\n<h2>Qu&rsquo;est devenue Emma Daumas apr\u00e8s la Star Academy\u00a0?<\/h2>\n<p>Emma Daumas avait d\u00e9j\u00e0 particip\u00e9 \u00e0 <strong><em>Graines de stars\u00a0<\/em>sur M6.<\/strong> Mais elle se fait surtout conna\u00eetre du grand public dans la <strong>Star Academy en 2002.\u00a0<\/strong>Au cours de l&rsquo;\u00e9mission, elle chantera en duo\u00a0avec les plus grands :\u00a0<strong>Ray Charles,\u00a0<a href=\"https:\/\/www.journaldesfemmes.fr\/people\/personnalites\/2736493-johnny-hallyday-mort\/\" title=\"Johnny Hallyday\">Johnny Hallyday<\/a> ou encore Patrick Bruel. <\/strong>Elle est \u00e9limin\u00e9e en demi-finale face \u00e0 la future gagnante Nolwenn Leroy.\u00a0<\/p>\n<p>Depuis la Star Academy,<strong> Emma a sorti 7 albums de 2003\u00a0\u00e0 2021. <\/strong>Son premier album <em>Le saut de l&rsquo;ange<\/em>\u00a0a connu un grand succ\u00e8s, notamment avec le<strong> single \u00ab\u00a0<em>Tu seras<\/em>\u00ab\u00a0. <\/strong>Elle\u00a0a fait une tourn\u00e9e dans toute la France en 2007,\u00a0puis elle s&rsquo;est faite plus discr\u00e8te. Mais elle n&rsquo;a jamais raccroch\u00e9 le micro ! Vous avez certainement pu l&rsquo;apercevoir lorsqu&rsquo;elle\u00a0a particip\u00e9 \u00e0 <strong>l&rsquo;\u00e9mission anniversaire des 20 ans de la Star Academy<\/strong> en 2021 ou plus r\u00e9cemment au <strong>prime nostalgie de la Star Academy 2023<\/strong>.<\/p>\n<p>En parall\u00e8le, Emma s&rsquo;est aussi pr\u00eat\u00e9e au<strong> doublage de films d&rsquo;animation<\/strong> (notamment <em>Capitaine Superslip<\/em>, de David Soren)<strong> et\u00a0\u00e0 l&rsquo;\u00e9criture de livres. <\/strong>En 2016, elle a par exemple publi\u00e9 son roman <em>Supernova<\/em>.\u00a0Engag\u00e9e, l&rsquo;artiste\u00a0de 40 ans a cr\u00e9\u00e9 une association de soutien<strong> \u00e0 la cr\u00e9ation musicale \u00e0 Avignon<\/strong>.<\/p>\n<h2>Emma Daumas a-t-elle des enfants ?<\/h2>\n<p>La chanteuse est maman de deux enfants :<strong> Valentine, n\u00e9e en 2003 et Antonin, n\u00e9 en 2019. <\/strong>Au micro de\u00a0<em>RCF<\/em>, elle se d\u00e9finit comme une maman <strong>\u00ab\u00a0<em>qui aime le cadre, qu&rsquo;on fasse les choses aux bons horaires, qu&rsquo;on mange de bonnes choses<\/em>\u00ab\u00a0.<\/strong><\/p>\n<p>Pour la chanteuse, ses enfants sont toute sa vie\u00a0: \u00ab\u00a0<em>On fait pas mal d&rsquo;exp\u00e9riences d&rsquo;amour dans la vie. Mais\u00a0<strong>l&rsquo;amour parental, c&rsquo;est vraiment quelque chose d&rsquo;unique et de tr\u00e8s fort\u00a0!<\/strong><\/em><strong>\u00ab\u00a0<\/strong>. Quant \u00e0 son quotidien, il est simple, loin des projecteurs avec son compagnon et ses enfants\u00a0! <i>\u00ab\u00a0J&rsquo;habite dans un petit village et mes enfants ont acc\u00e8s \u00e0 la nature, aux animaux, \u00e0 la ferme. <strong>J&rsquo;ai un cadre de vie privil\u00e9gi\u00e9 et tr\u00e8s simple\u00a0\u00bb,<\/strong><\/i>\u00a0a-t-elle confi\u00e9 \u00e0\u00a0<i>Gala.<\/i><\/p>\n<\/p><\/div>\n<p>[ad_2]<br \/>\n<br \/><a href=\"https:\/\/www.journaldesfemmes.fr\/people\/actus\/3153382-que-devient-emma-daumas-participante-de-la-star-academy-2\/\">Source link <\/a><\/p>\n","protected":false},"excerpt":{"rendered":"<p>[ad_1] Emma Daumas, que vous avez retrouv\u00e9e ce 4\u00a0janvier dans l&rsquo;\u00e9mission \u00ab\u00a0Tout le monde chante\u00a0: les stars rel\u00e8vent le d\u00e9fi\u00a0\u00bb,\u00a0sur &hellip; <a href=\"http:\/\/www.affinite.fr\/index.php\/2024\/01\/04\/que-devient-emma-daumas-depuis-la-star-academy-2-carriere-enfants-compagnon-vie-dans-un-village\/\" class=\"more-link\">Plus <span class=\"screen-reader-text\">Que devient Emma Daumas depuis la Star Academy 2\u00a0? Carri\u00e8re, enfants, compagnon, vie dans un village&#8230;<\/span> <span class=\"meta-nav\">&rarr;<\/span><\/a><\/p>\n","protected":false},"author":1,"featured_media":9900,"comment_status":"","ping_status":"open","sticky":false,"template":"","format":"standard","meta":{"_sitemap_exclude":false,"_sitemap_priority":"","_sitemap_frequency":"","footnotes":""},"categories":[1],"tags":[],"class_list":["post-9899","post","type-post","status-publish","format-standard","has-post-thumbnail","hentry","category-tous"],"_links":{"self":[{"href":"http:\/\/www.affinite.fr\/index.php\/wp-json\/wp\/v2\/posts\/9899"}],"collection":[{"href":"http:\/\/www.affinite.fr\/index.php\/wp-json\/wp\/v2\/posts"}],"about":[{"href":"http:\/\/www.affinite.fr\/index.php\/wp-json\/wp\/v2\/types\/post"}],"author":[{"embeddable":true,"href":"http:\/\/www.affinite.fr\/index.php\/wp-json\/wp\/v2\/users\/1"}],"replies":[{"embeddable":true,"href":"http:\/\/www.affinite.fr\/index.php\/wp-json\/wp\/v2\/comments?post=9899"}],"version-history":[{"count":0,"href":"http:\/\/www.affinite.fr\/index.php\/wp-json\/wp\/v2\/posts\/9899\/revisions"}],"wp:featuredmedia":[{"embeddable":true,"href":"http:\/\/www.affinite.fr\/index.php\/wp-json\/wp\/v2\/media\/9900"}],"wp:attachment":[{"href":"http:\/\/www.affinite.fr\/index.php\/wp-json\/wp\/v2\/media?parent=9899"}],"wp:term":[{"taxonomy":"category","embeddable":true,"href":"http:\/\/www.affinite.fr\/index.php\/wp-json\/wp\/v2\/categories?post=9899"},{"taxonomy":"post_tag","embeddable":true,"href":"http:\/\/www.affinite.fr\/index.php\/wp-json\/wp\/v2\/tags?post=9899"}],"curies":[{"name":"wp","href":"https:\/\/api.w.org\/{rel}","templated":true}]}}