{"id":9897,"date":"2024-01-03T23:56:03","date_gmt":"2024-01-03T23:56:03","guid":{"rendered":"https:\/\/www.affinite.fr\/index.php\/2024\/01\/03\/mariage-avec-charlotte-gainsbourg-fils-tumeur-lien-avec-gabriel-attal-tout-savoir\/"},"modified":"2024-01-03T23:56:03","modified_gmt":"2024-01-03T23:56:03","slug":"mariage-avec-charlotte-gainsbourg-fils-tumeur-lien-avec-gabriel-attal-tout-savoir","status":"publish","type":"post","link":"http:\/\/www.affinite.fr\/index.php\/2024\/01\/03\/mariage-avec-charlotte-gainsbourg-fils-tumeur-lien-avec-gabriel-attal-tout-savoir\/","title":{"rendered":"mariage avec Charlotte Gainsbourg, fils, tumeur, lien avec Gabriel Attal&#8230; Tout savoir\u00a0!"},"content":{"rendered":"<p> [ad_1]<br \/>\n<br \/><img decoding=\"async\" src=\"https:\/\/img-3.journaldesfemmes.fr\/vnuzQtseKruVRJMRNLL4O2XQMkg=\/1280x\/smart\/b2956e34aa524fdcb640d7d0b0817c9d\/ccmcms-jdf\/39935060.jpg\" \/><\/p>\n<p>\n                L&rsquo;acteur souffle sa 59e bougie ce 4\u00a0janvier\u00a0! L&rsquo;occasion de se pencher sur la vie d&rsquo;Yvan Attal. D\u00e9couvrez tout ce qu&rsquo;il y a \u00e0 savoir de sa relation avec sa compagne Charlotte Gainsbourg, ses enfants et autres secrets&#8230;            <\/p>\n<div>\n<aside class=\"ccmsummary marqueur_module ccmcss_cms_summary ccmcss_cms_summary--right\">\n<p>Sommaire<\/p>\n<\/aside>\n<p><strong>L&rsquo;acteur Yvan Attal f\u00eate ses 59\u00a0ans ! <\/strong>N\u00e9 le 4 janvier 1965 \u00e0 Tel Aviv en Isra\u00ebl, fils unique d&rsquo;un p\u00e8re horloger et d&rsquo;une m\u00e8re au foyer, d&rsquo;origine juive s\u00e9farade d&rsquo;Alg\u00e9rie, il grandit \u00e0 Cr\u00e9teil dans le Val-de-Marne. \u00c0 20 ans, <strong>en 1985, il suit des cours de com\u00e9die au prestigieux cours Florent<\/strong> \u00e0 Paris et d\u00e9bute sa carri\u00e8re d&rsquo;acteur au th\u00e9\u00e2tre en 1988, dans la pi\u00e8ce <em>Biloxi Blues<\/em>. Son succ\u00e8s est fulgurant et il obtient le <strong>C\u00e9sar du meilleur acteur pour son r\u00f4le dans <em>Un monde sans piti\u00e9 <\/em>en 1990<\/strong>, en plus d&rsquo;\u00eatre nomin\u00e9 cinq fois depuis.<\/p>\n<h2>Les derni\u00e8res infos sur Yvan Attal<\/h2>\n<h2 id=\"quels-sont-les-films-dyvan-attal-\">Quels sont les films d&rsquo;Yvan Attal ?<\/h2>\n<p>Son premier grand succ\u00e8s au cin\u00e9ma lui vaut le C\u00e9sar du meilleur acteur pour le film<em> Un monde sans piti\u00e9<\/em> d&rsquo;\u00c9ric Rochant en 1989, o\u00f9 il interpr\u00e8te le r\u00f4le d&rsquo;un ami squatteur d&rsquo;Hippolyte Girardot. Il a aussi jou\u00e9 dans :<\/p>\n<ul>\n<li><em>Les choses humaines<\/em>, 2021<\/li>\n<li><em>Mon stupide chien<\/em>, 2019<\/li>\n<li><em>Le Brio<\/em>, 2017<\/li>\n<li><em>Raid Dingue<\/em>, 2016<\/li>\n<li><em>Rush Hour<\/em>, 1998<\/li>\n<\/ul>\n<p>En plus de jouer dans des longs m\u00e9trages, il s&rsquo;adonne aussi au court m\u00e9trage et \u00e0 la r\u00e9alisation et la sc\u00e9narisation de films, comme <em>Ma femme est une actrice<\/em> en 2001 ou <em>Do Not Disturb<\/em> en 2012.<\/p>\n<h2 id=\"qui-yvan-attal-a-t-il-double-\">Qui Yvan Attal a-t-il doubl\u00e9 ?<\/h2>\n<p>L&rsquo;acteur a aussi fait du doublage pour des acteurs am\u00e9ricains. \u00c0 quatre reprises,<strong> il interpr\u00e8te la voix fran\u00e7aise de <a href=\"https:\/\/www.journaldesfemmes.fr\/people\/tom-cruise\/\" title=\"Tom Cruse\">Tom Cruise<\/a><\/strong> pour<em> Mission Impossible 2<\/em> (2000), <em>Minority Report<\/em> (2002), <em>Vanilla Sky<\/em> (2001) et <em>Eyes Wide Shut<\/em> (1999). Il incarne aussi celle de James McAvoy dans <em>P\u00e9n\u00e9lope<\/em> (2006).<\/p>\n<h2 id=\"le-couple-de-charlotte-gainsbourg-et-yvan-attal\">Charlotte Gainsbourg et Yvan Attal : bient\u00f4t le mariage ?<\/h2>\n<p>Cela fait <strong>33\u00a0ans qu&rsquo;Yvan Attal partage sa vie avec <a href=\"https:\/\/www.journaldesfemmes.fr\/people\/charlotte-gainsbourg\/\" title=\"Charlotte Gainsbourg\">Charlotte Gainsbourg<\/a><\/strong>. La chanteuse n&rsquo;a que 19\u00a0ans et vient tout juste de perdre son p\u00e8re Serge quand elle commence sa longue relation avec l&rsquo;acteur, en 1991. Le couple emm\u00e9nage rapidement ensemble et ne se quitte plus. Et pourtant, trois d\u00e9cennies et trois enfants plus tard et <strong>ils ne sont toujours pas mari\u00e9s.<\/strong><\/p>\n<p>En 2018, dans l&rsquo;\u00e9mission<em> Salut les Terriens<\/em>, Yvan Attal expliquait avoir d\u00e9j\u00e0 demand\u00e9 la main de son amoureuse, mais \u00ab\u00a0<em><strong>elle ne veut pas.<\/strong> Non mais elle ne veut rien\u00a0! Elle veut rester comme \u00e7a, elle ne veut rien changer<\/em>\u00ab\u00a0, confiait-il. Mais en 2023, l&rsquo;actrice a finalement chang\u00e9 d&rsquo;avis ! \u00ab\u00a0<strong><em>Elle m&rsquo;a demand\u00e9 en mariage. Il n&rsquo;y a pas si longtemps<\/em><\/strong>\u00ab\u00a0, a confi\u00e9 Yvan Attal dans <em>C \u00e0 Vous<\/em> \u00e0 l&rsquo;automne dernier.<\/p>\n<h2 id=\"qui-sont-les-enfants-dyvan-attal\">Qui sont les enfants d&rsquo;Yvan Attal\u00a0?<\/h2>\n<p>Avec sa compagne de longue date, Charlotte Gainsbourg, Yvan Attal a eu trois enfants, <strong>Ben Attal en 1997, Alice Attal en 2002\u00a0et Jo Attal en 2011<\/strong>. La petite famille appara\u00eet tr\u00e8s complice, notamment lorsque Alice et sa m\u00e8re ont particip\u00e9 ensemble \u00e0 la campagne de pub du Comptoir des Cotonniers en 2015\u00a0et en 2016. La petite tribu partage aussi de temps \u00e0 autre des clich\u00e9s tous ensemble sur les r\u00e9seaux sociaux.<\/p>\n<h2 id=\"son-il-son-oreille--les-complexes-dyvan-attal\">Son \u0153il, son oreille : les complexes d&rsquo;Yvan Attal<\/h2>\n<p>L&rsquo;une des paupi\u00e8res d&rsquo;Yvan Attal tombe sur son \u0153il et cela n&rsquo;a \u00e9chapp\u00e9 \u00e0 personne. En 2014, dans l&rsquo;\u00e9mission<em> Salut les Terriens<\/em>, il explique tout : \u00ab\u00a0<em>Alors&#8230; J&rsquo;ai eu une tumeur, une tumeur dans la gorge et on m&rsquo;a op\u00e9r\u00e9. <strong>On m&rsquo;a ab\u00eem\u00e9 un petit nerf, le nerf sympathique, qui tient la paupi\u00e8re et ma paupi\u00e8re est tomb\u00e9e<\/strong><\/em>\u00ab\u00a0. De plus, il confie avec d&rsquo;autres complexes, il n&rsquo;aime pas \u00ab\u00a0<em>ses<\/em> <em>mollets<\/em>\u00a0\u00bb et ajoute <strong>qu&rsquo;\u00e0 son oreille, il a \u00ab\u00a0<em>un cul<\/em>\u00ab\u00a0, parce que c&rsquo;est fendu en deux<\/strong>.<\/p>\n<h2 id=\"sa-relation-avec-sandrine-kiberlain\">Sa relation avec Sandrine Kiberlain<\/h2>\n<p>Les deux acteurs se sont rencontr\u00e9s lors des concours du Conservatoire d&rsquo;art dramatique et <strong>ont eu une petite amourette<\/strong>. En d\u00e9cembre 2022, Sandrine Kiberlain se confie sur ses relations aupr\u00e8s de nos confr\u00e8res de <em>Society<\/em>, elle raconte\u00a0: \u00ab\u00a0<em>Yvan n&rsquo;a pas \u00e9t\u00e9 pris au Conservatoire, mais il a vite perc\u00e9 dans le cin\u00e9ma,<strong> c\u2019\u00e9tait un de mes premiers fianc\u00e9s<\/strong>, j&rsquo;\u00e9tais \u00e0 c\u00f4t\u00e9 de lui quand il a eu le C\u00e9sar. Je suis m\u00eame tomb\u00e9e de mon fauteuil<\/em>\u00ab\u00a0. Les artistes sont rest\u00e9s en contact et se sont m\u00eame retrouv\u00e9s dans <em>Les Patriotes<\/em> en 1994.<\/p>\n<h2 id=\"quelle-est-le-lien-de-parente-entre-gabriel-attal-et-yvan-attal\">Quelle est le lien de parent\u00e9 entre Gabriel Attal et Yvan Attal\u00a0?<\/h2>\n<p>Malgr\u00e9 le fait que l&rsquo;acteur et l&rsquo;homme politique partagent le m\u00eame nom de famille, <strong>ils n&rsquo;ont pourtant aucun lien de parent\u00e9<\/strong>. Yvan Attal n&rsquo;a pas de fr\u00e8re, ni de cousin. Le patronyme Attal est tr\u00e8s r\u00e9pandu et d&rsquo;autres c\u00e9l\u00e9brit\u00e9s le portent sans \u00eatre de la m\u00eame famille, comme le r\u00e9alisateur et acteur fran\u00e7ais Alain Attal, n\u00e9 en 1959.<\/p>\n<\/p><\/div>\n<p>[ad_2]<br \/>\n<br \/><a href=\"https:\/\/www.journaldesfemmes.fr\/people\/personnalites\/2877545-yvan-attal-age-vie-privee-films-oeil-bio-59-ans\/\">Source link <\/a><\/p>\n","protected":false},"excerpt":{"rendered":"<p>[ad_1] L&rsquo;acteur souffle sa 59e bougie ce 4\u00a0janvier\u00a0! L&rsquo;occasion de se pencher sur la vie d&rsquo;Yvan Attal. D\u00e9couvrez tout ce &hellip; <a href=\"http:\/\/www.affinite.fr\/index.php\/2024\/01\/03\/mariage-avec-charlotte-gainsbourg-fils-tumeur-lien-avec-gabriel-attal-tout-savoir\/\" class=\"more-link\">Plus <span class=\"screen-reader-text\">mariage avec Charlotte Gainsbourg, fils, tumeur, lien avec Gabriel Attal&#8230; Tout savoir\u00a0!<\/span> <span class=\"meta-nav\">&rarr;<\/span><\/a><\/p>\n","protected":false},"author":1,"featured_media":9898,"comment_status":"","ping_status":"open","sticky":false,"template":"","format":"standard","meta":{"_sitemap_exclude":false,"_sitemap_priority":"","_sitemap_frequency":"","footnotes":""},"categories":[1],"tags":[],"class_list":["post-9897","post","type-post","status-publish","format-standard","has-post-thumbnail","hentry","category-tous"],"_links":{"self":[{"href":"http:\/\/www.affinite.fr\/index.php\/wp-json\/wp\/v2\/posts\/9897"}],"collection":[{"href":"http:\/\/www.affinite.fr\/index.php\/wp-json\/wp\/v2\/posts"}],"about":[{"href":"http:\/\/www.affinite.fr\/index.php\/wp-json\/wp\/v2\/types\/post"}],"author":[{"embeddable":true,"href":"http:\/\/www.affinite.fr\/index.php\/wp-json\/wp\/v2\/users\/1"}],"replies":[{"embeddable":true,"href":"http:\/\/www.affinite.fr\/index.php\/wp-json\/wp\/v2\/comments?post=9897"}],"version-history":[{"count":0,"href":"http:\/\/www.affinite.fr\/index.php\/wp-json\/wp\/v2\/posts\/9897\/revisions"}],"wp:featuredmedia":[{"embeddable":true,"href":"http:\/\/www.affinite.fr\/index.php\/wp-json\/wp\/v2\/media\/9898"}],"wp:attachment":[{"href":"http:\/\/www.affinite.fr\/index.php\/wp-json\/wp\/v2\/media?parent=9897"}],"wp:term":[{"taxonomy":"category","embeddable":true,"href":"http:\/\/www.affinite.fr\/index.php\/wp-json\/wp\/v2\/categories?post=9897"},{"taxonomy":"post_tag","embeddable":true,"href":"http:\/\/www.affinite.fr\/index.php\/wp-json\/wp\/v2\/tags?post=9897"}],"curies":[{"name":"wp","href":"https:\/\/api.w.org\/{rel}","templated":true}]}}