{"id":9853,"date":"2023-12-18T23:13:31","date_gmt":"2023-12-18T23:13:31","guid":{"rendered":"https:\/\/www.affinite.fr\/index.php\/2023\/12\/18\/quon-me-critique-sur-mes-cheveux-mais\/"},"modified":"2023-12-18T23:13:31","modified_gmt":"2023-12-18T23:13:31","slug":"quon-me-critique-sur-mes-cheveux-mais","status":"publish","type":"post","link":"http:\/\/www.affinite.fr\/index.php\/2023\/12\/18\/quon-me-critique-sur-mes-cheveux-mais\/","title":{"rendered":"\u00ab\u00a0Qu&rsquo;on me critique sur mes cheveux mais&#8230;\u00a0\u00bb"},"content":{"rendered":"<p> [ad_1]<br \/>\n<br \/><img decoding=\"async\" src=\"https:\/\/img-3.journaldesfemmes.fr\/aNL6cPjitcxzDn1MRMzCzAiHxbo=\/1280x\/smart\/00cd1dee3c214cb5ba1af3688b1eb357\/ccmcms-jdf\/39932908.jpg\" \/><\/p>\n<p>\n                La nouvelle Miss France 2024\u00a0est donc Miss Nord-Pas-de-Calais alias Eve Gilles. La jeune reine de beaut\u00e9 de 20\u00a0ans a fait couler beaucoup d&rsquo;encre en raison de sa coupe courte peu commune dans cet univers. Elle a r\u00e9agi aux critiques alors que, dans le m\u00eame temps, elle est devenue un m\u00e8me sur Twitter.            <\/p>\n<div>\n<p>C&rsquo;est tard le 16 d\u00e9cembre 2023 que l&rsquo;annonce tant attendue est tomb\u00e9e&#8230;\u00a0<a href=\"https:\/\/www.journaldesfemmes.fr\/people\/rendez-vous\/2586346-miss-france-2024-votes-public-et-jury-cadeaux-argent-infos\/\" title=\"C\u00e9r\u00e9monie de Miss France\">Miss France<\/a> 2024 est et restera\u00a0<strong>Eve Gilles, Miss Nord-Pas-de-Calais<\/strong> ! La jolie brunette \u00e0 la coupe gar\u00e7onne, qui n&rsquo;\u00e9tait cependant arriv\u00e9e que 3e des votes du public et doit donc son sacre au jury 100% f\u00e9minin, a \u00e9t\u00e9 victime d&rsquo;un torrent de commentaires positifs comme n\u00e9gatifs. Elle a surtout \u00e9t\u00e9 la cible de remarques dr\u00f4les, son style faisant d&rsquo;elle un m\u00e8me &#8211; une image d\u00e9tourn\u00e9e &#8211; sur Internet.<\/p>\n<h2>Eve Gilles inspire les internautes !<\/h2>\n<p>Si ses cheveux courts ont fini par en agacer plus d&rsquo;un &#8211; sa r\u00e9ponse sur une question sur le harc\u00e8lement scolaire a \u00e9t\u00e9 tr\u00e8s critiqu\u00e9e &#8211;\u00a0\u00a0Eve Gilles a aussi donn\u00e9 aux internautes l&rsquo;occasion de rire un bon coup. La preuve en images :\u00a0<\/p>\n<h2>Apr\u00e8s son sacre, le maire du village offre sa tourn\u00e9e !<\/h2>\n<p>Comme le rapporte <em>Le Parisien<\/em>, en reportage dans la petite ville de\u00a0Qua\u00ebdypre &#8211; d&rsquo;o\u00f9 est originaire Eve Gilles &#8211; l&rsquo;euphorie \u00e9tait \u00e0 son comble lors de la victoire de la jeune femme. \u00ab\u00a0<em><strong>Il y avait une ambiance de folie, toute la salle \u00e9tait debout. Le maire a pay\u00e9 son coup apr\u00e8s l&rsquo;\u00e9lection, \u00e7a a dur\u00e9 tard<\/strong><\/em>\u00ab\u00a0, a ainsi confi\u00e9 un participant.\u00a0<\/p>\n<h2>Eve Gilles s&rsquo;est d\u00e9marqu\u00e9e depuis le d\u00e9but !<\/h2>\n<p>Les candidates \u00e0 Miss France 2024 ont effectu\u00e9 un beau voyage de pr\u00e9paration en Guyane au cours duquel elles ont v\u00e9cu des aventures en for\u00eat, ont appris \u00e0 d\u00e9filer mais ont \u00e9galement pass\u00e9 le <a href=\"https:\/\/www.journaldesfemmes.fr\/people\/actus\/3145990-test-culture-generale-miss-france-2024-niveau-difficile\/\" target=\"_blank\" rel=\"noopener\">redout\u00e9 test de culture g\u00e9n\u00e9rale<\/a>, tr\u00e8s dur cette ann\u00e9e ; et <a href=\"https:\/\/www.journaldesfemmes.fr\/people\/personnalites\/2946773-adeline-vetter-miss-alsace-meilleur-resultat-test-culture-generale-miss-france-2024\/\" target=\"_blank\" rel=\"noopener\">remport\u00e9 par Miss Alsace<\/a>.<\/p>\n<p>Parmi les reines de beaut\u00e9,\u00a0<strong>Miss Nord-Pas-de-Calais sortait d\u00e9j\u00e0 du lot.<\/strong>\u00a0L&rsquo;heureuse \u00e9lue de la r\u00e9gion\u00a0se nomme <strong>Eve Gilles<\/strong> et est <strong>\u00e2g\u00e9e de 20 ans.<\/strong> Elle a \u00e9t\u00e9 sacr\u00e9e le 14 octobre \u00e0\u00a0l&rsquo;Arena de Li\u00e9vin et a r\u00e9ussi \u00e0 succ\u00e9der \u00e0 <a href=\"https:\/\/www.journaldesfemmes.fr\/people\/personnalites\/2867427-indira-ampiotmiss-france-age-infos\/\" title=\"Indira Ampiot\">Indira Ampiot<\/a> et\u00a0a remport\u00e9 le titre de Miss France 2024 ce 16 d\u00e9cembre \u00e0 Dijon.<\/p>\n<h2>Miss Nord-Pas-de-Calais 2023 : cette diff\u00e9rence physique qui a tout chang\u00e9<\/h2>\n<p>Eve Gilles, qui vient du Nord mais dont la maman est d&rsquo;origine r\u00e9unionnaise. a fait<span style=\"font-size: 1rem;\">\u00a0tourner des t\u00eates cette ann\u00e9e.\u00a0Il faut dire qu&rsquo;elle <\/span><strong style=\"font-size: 1rem;\">se d\u00e9marque facilement des autres pr\u00e9tendantes gr\u00e2ce \u00e0 sa <a href=\"https:\/\/www.journaldesfemmes.fr\/beaute\/conseils-cheveux\/2633125-coupe-garconne-femme-coupe-courte\/\" title=\"Coupe gar\u00e7onne\">coupe \u00e0 la gar\u00e7onne<\/a><\/strong><span style=\"font-size: 1rem;\"> que l&rsquo;on a tr\u00e8s rarement l&rsquo;habitude de voir dans le monde des concours de beaut\u00e9. D&rsquo;ailleurs, interrog\u00e9e par TF1 qui dresse son portrait, elle a d\u00e9clar\u00e9 vouloir\u00a0\u00ab\u00a0<\/span><em style=\"font-size: 1rem;\"><strong>casser les codes<\/strong><\/em><span style=\"font-size: 1rem;\">\u00a0\u00bb en participant \u00e0 Miss France.<\/span><\/p>\n<p>\u00ab\u00a0<strong><em>J&rsquo;ai envie d&rsquo;apporter quelque chose de nouveau<\/em><\/strong>\u00ab\u00a0, a confi\u00e9 la ravissante jeune femme,\u00a0originaire de Qua\u00ebdypre, dans les Flandres, \u00e0 <em>TV Mag<\/em>. Il faut dire que sa coupe \u00e0 la gar\u00e7onne lui donne d\u00e9j\u00e0 une vraie particularit\u00e9, puisque rares sont les candidates qui n&rsquo;arborent pas une longue chevelure. \u00ab\u00a0<em><strong>J&rsquo;ai d\u00e9cid\u00e9 de me couper les cheveux sur un coup de t\u00eate<\/strong>.\u00a0Cela faisait sortir quelque chose de moi, <strong>\u00e7a me changeait et me fait para\u00eetre davantage comme une femme forte<\/strong>. C&rsquo;est ce que j&rsquo;ai envie de montrer<\/em>\u00ab\u00a0, a\u00a0expliqu\u00e9 celle qui est \u00e9galement passionn\u00e9e de danse et d&rsquo;\u00e9quitation.<\/p>\n<p>Et elle a \u00e9galement la t\u00eate bien pleine.\u00a0Cette <strong>\u00e9tudiante en deuxi\u00e8me ann\u00e9e licence MIASHS<\/strong> (Math\u00e9matiques et Informatique Appliqu\u00e9es aux Sciences Humaines et sociales) souhaite <strong>devenir statisticienne<\/strong>. Rien que \u00e7a\u00a0!<\/p>\n<h2>Eve Gilles r\u00e9agit aux critiques sur sa coupe et son poids<\/h2>\n<p>La demoiselle ne fait pas l&rsquo;unanimit\u00e9 et ce depuis qu&rsquo;elle a pris la lumi\u00e8re en devenant Miss Nord-Pas-de-Calais. Les photos d&rsquo;elle en maillot de bain, d\u00e9voilant sa silhouette tr\u00e8s tr\u00e8s fine lui ont valu <strong>une campagne de<em> body shaming<\/em> <\/strong>\u00e0 laquelle elle a r\u00e9pondu dans les pages du <em>Parisien<\/em>.<\/p>\n<p>\u00ab\u00a0<em>J&rsquo;ai arr\u00eat\u00e9 de regarder ces commentaires disant que je n&rsquo;ai pas de formes, que machin, que bidule. Qu&rsquo;on me critique sur mes cheveux ne me d\u00e9range pas, je les ai choisis comme \u00e7a et je peux changer. Mais mon corps, je ne le choisis pas. mes formes, je ne les choisis pas. Le m\u00e9tabolisme que j&rsquo;ai, je ne le choisis pas. Ce sont\u00a0des choses, on apprend \u00e0 vivre avec<\/em>\u00ab\u00a0, a r\u00e9pondu Eve Gilles.<\/p>\n<h2>Eve Gilles a failli \u00eatre recal\u00e9e de Miss France !<\/h2>\n<p>Pourtant, Eve Gilles a bien failli ne jamais pouvoir se pr\u00e9senter au concours ! Miss France 2024\u00a0mesure \u00e0 peine <strong>un demi-centim\u00e8tre de moins que le 1,70m r\u00e9glementaire<\/strong>, indique <em>La Voix du Nord<\/em>. Mais finalement, apr\u00e8s avoir \u00e9t\u00e9 mesur\u00e9e une seconde fois, il semblerait que la nordiste soit rentr\u00e9e dans les clous (gr\u00e2ce \u00e0 de nombreux \u00e9tirements).\u00a0Ouf !<\/p>\n<p>\u00ab\u00a0<em>Certains voient ce genre de concours comme <strong>d\u00e9gradants pour le f\u00e9minisme<\/strong>\u00a0: je ne suis pas d&rsquo;accord. Ces concours <strong>mettent les femmes en valeur<\/strong>, et pas juste pour leur beaut\u00e9<\/em>\u00ab\u00a0, a-t-elle d\u00e9clar\u00e9 apr\u00e8s sa victoire \u00e0 l&rsquo;\u00e9lection r\u00e9gionale. Eve Gilles n&rsquo;est d\u00e9cid\u00e9ment pas pass\u00e9e inaper\u00e7ue parmi les trente candidates du concours Miss France.<\/p>\n<\/p><\/div>\n<p>[ad_2]<br \/>\n<br \/><a href=\"https:\/\/www.journaldesfemmes.fr\/people\/personnalites\/2955127-eve-gilles-miss-france-2024-cheveux-corps-critiques-reaction\/\">Source link <\/a><\/p>\n","protected":false},"excerpt":{"rendered":"<p>[ad_1] La nouvelle Miss France 2024\u00a0est donc Miss Nord-Pas-de-Calais alias Eve Gilles. La jeune reine de beaut\u00e9 de 20\u00a0ans a &hellip; <a href=\"http:\/\/www.affinite.fr\/index.php\/2023\/12\/18\/quon-me-critique-sur-mes-cheveux-mais\/\" class=\"more-link\">Plus <span class=\"screen-reader-text\">\u00ab\u00a0Qu&rsquo;on me critique sur mes cheveux mais&#8230;\u00a0\u00bb<\/span> <span class=\"meta-nav\">&rarr;<\/span><\/a><\/p>\n","protected":false},"author":1,"featured_media":9854,"comment_status":"","ping_status":"open","sticky":false,"template":"","format":"standard","meta":{"_sitemap_exclude":false,"_sitemap_priority":"","_sitemap_frequency":"","footnotes":""},"categories":[1],"tags":[],"class_list":["post-9853","post","type-post","status-publish","format-standard","has-post-thumbnail","hentry","category-tous"],"_links":{"self":[{"href":"http:\/\/www.affinite.fr\/index.php\/wp-json\/wp\/v2\/posts\/9853"}],"collection":[{"href":"http:\/\/www.affinite.fr\/index.php\/wp-json\/wp\/v2\/posts"}],"about":[{"href":"http:\/\/www.affinite.fr\/index.php\/wp-json\/wp\/v2\/types\/post"}],"author":[{"embeddable":true,"href":"http:\/\/www.affinite.fr\/index.php\/wp-json\/wp\/v2\/users\/1"}],"replies":[{"embeddable":true,"href":"http:\/\/www.affinite.fr\/index.php\/wp-json\/wp\/v2\/comments?post=9853"}],"version-history":[{"count":0,"href":"http:\/\/www.affinite.fr\/index.php\/wp-json\/wp\/v2\/posts\/9853\/revisions"}],"wp:featuredmedia":[{"embeddable":true,"href":"http:\/\/www.affinite.fr\/index.php\/wp-json\/wp\/v2\/media\/9854"}],"wp:attachment":[{"href":"http:\/\/www.affinite.fr\/index.php\/wp-json\/wp\/v2\/media?parent=9853"}],"wp:term":[{"taxonomy":"category","embeddable":true,"href":"http:\/\/www.affinite.fr\/index.php\/wp-json\/wp\/v2\/categories?post=9853"},{"taxonomy":"post_tag","embeddable":true,"href":"http:\/\/www.affinite.fr\/index.php\/wp-json\/wp\/v2\/tags?post=9853"}],"curies":[{"name":"wp","href":"https:\/\/api.w.org\/{rel}","templated":true}]}}