{"id":9836,"date":"2023-12-15T23:09:05","date_gmt":"2023-12-15T23:09:05","guid":{"rendered":"https:\/\/www.affinite.fr\/index.php\/2023\/12\/15\/son-fils-victor-passe-un-cap-tu-es-extraordinaire\/"},"modified":"2023-12-15T23:09:05","modified_gmt":"2023-12-15T23:09:05","slug":"son-fils-victor-passe-un-cap-tu-es-extraordinaire","status":"publish","type":"post","link":"http:\/\/www.affinite.fr\/index.php\/2023\/12\/15\/son-fils-victor-passe-un-cap-tu-es-extraordinaire\/","title":{"rendered":"son fils Victor passe un cap\u00a0! \u00ab\u00a0Tu es extraordinaire\u00a0\u00bb"},"content":{"rendered":"<p> [ad_1]<br \/>\n<br \/><img decoding=\"async\" src=\"https:\/\/img-3.journaldesfemmes.fr\/pHIXzvV7w1KGcrjWB0s-qoy3aWc=\/1280x\/smart\/1c931cfa786341619ecb37d23c1f943d\/ccmcms-jdf\/39932743.jpg\" \/><\/p>\n<p>\n                Une maman fi\u00e8re de son fils. Luana Belmondo a fait une touchante d\u00e9claration \u00e0 son rejeton, Victor Belmondo, sur son compte Instagram. Le petit-fils de Jean-Paul Belmondo vient de franchir un nouveau cap&#8230;            <\/p>\n<div>\n<p><strong>Luana Belmondo<\/strong>,\u00a0Italienne de c\u0153ur et de nationalit\u00e9, incarne totalement les valeurs du pays : la chaleur, la convivialit\u00e9 et l&rsquo;amour pour sa tribu. Ce 15 d\u00e9cembre, la cheffe cuisini\u00e8re de 52 ans a publi\u00e9 une tendre d\u00e9claration \u00e0 son fils cadet, Victor Belmondo.<\/p>\n<h2>Victor Belmondo franchit un cap, Luana Belmondo lui rend hommage<\/h2>\n<p>La f\u00e9rue de cuisine est l&rsquo;heureuse maman d&rsquo;Alessandro, 32 ans (qui lui a permis d&rsquo;\u00eatre grand-m\u00e8re pour la premi\u00e8re fois en 2022), Victor, 30 ans, et Giacomo, 25\u00a0ans. Ce 15 d\u00e9cembre, elle a tenu \u00e0 exprimer haut et fort son amour maternel pour son rejeton, Victor Belmondo, qui vient de f\u00eater ses 30 ans !<\/p>\n<p>Pour l&rsquo;occasion,\u00a0Luana Belmondo a publi\u00e9 une photo avec des <strong>mots tr\u00e8s touchants :\u00a0<\/strong><em>\u00ab\u00a0En cette journ\u00e9e sp\u00e9ciale, je veux te rappeler \u00e0 quel point <strong>tu es extraordinaire. Ta force, ta gentillesse et ta d\u00e9termination <\/strong>sont si uniques que m\u00eame tout ton entourage est port\u00e9 par toi. Car oui, tu es un <strong>homme sensible qui passe son temps \u00e0 essayer d&rsquo;aider et \u00eatre disponible pour tout le monde<\/strong><\/em>\u00ab\u00a0.<\/p>\n<p>L&rsquo;\u00e9pouse de Paul Belmondo est persuad\u00e9e que ce passage \u00e0 la trentaine sera b\u00e9n\u00e9fique pour son fils :<em> \u00ab\u00a0Je te souhaite que <strong>cette nouvelle d\u00e9cennie (pour moi la plus belle<\/strong>) te r\u00e9serve tout le bonheur et la r\u00e9ussite que tu m\u00e9rites.<strong> Je suis fi\u00e8re de l&rsquo;homme exceptionnel que tu es devenu.<\/strong> Joyeux anniversaire, mon fils che amo cos\u00ec tanto\u00a0\u00bb.<\/em><\/p>\n<h2>Qui est Victor Belmondo ?<\/h2>\n<p><b>Victor Belmondo<\/b>\u00a0est un\u00a0acteur\u00a0fran\u00e7ais, n\u00e9 le\u00a0<time data-sort-value=\"1993-12-15\" datetime=\"1993-12-15\">15\u00a0d\u00e9cembre 1993<\/time>\u00a0\u00e0\u00a0Paris. Il est \u00e9galement<strong> le petit-fils de <a href=\"https:\/\/www.journaldesfemmes.fr\/people\/personnalites\/2846194-jean-paul-belmondo-secrets-blessures-gloire-et-famille\/\" title=\"B\u00e9bel\">Jean-Paul Belmondo<\/a>.<\/strong>\u00a0Il\u00a0est le fruit de l&rsquo;union entre<strong> <\/strong>Paul Belmondo, coureur automobile et Luana Belmondo, pr\u00e9sentatrice de t\u00e9l\u00e9vision<strong>.<\/strong> Influenc\u00e9 par la carri\u00e8re<strong> d&rsquo;acteur de son grand-p\u00e8re Jean-Paul Belmondo,<\/strong> Victor \u00e9tudie \u00e0 l&rsquo;\u00c9cole sup\u00e9rieure d&rsquo;\u00e9tudes cin\u00e9matographiques\u00a0(ESEC).<\/p>\n<p>Il se lance ensuite dans des cours de th\u00e9\u00e2tre.\u00a0Apr\u00e8s son r\u00f4le d&rsquo;assistant metteur en sc\u00e8ne pour la pi\u00e8ce <i>Ghost Light,\u00a0<\/i>il devient acteur dans la pi\u00e8ce <em>Les Couteaux dans le dos.\u00a0<\/em>Victor se fait \u00e9galement une place au cin\u00e9ma, il obtient des r\u00f4les dans\u00a0<i>La Vie tr\u00e8s priv\u00e9e de Monsieur Sim <\/i>de Michel\u00a0Leclerc, <em>Mon b\u00e9b\u00e9<\/em> de Lisa Azuelos ou encore <em>Envole-moi<\/em>\u00a0de\u00a0Christophe Barratier.<\/p>\n<p>Cette ann\u00e9e, le jeune homme continue sa carri\u00e8re d&rsquo;acteur,<strong> <\/strong>notamment dans les\u00a0films <i>Arr\u00eate avec tes mensonges\u00a0<\/i>d&rsquo;Olivier Peyon\u00a0et\u00a0<em>Un coup de d\u00e9s\u00a0<\/em>d&rsquo;Yvan Attal\u00a0ou encore dans la s\u00e9rie<i> Bardot<\/i>\u00a0:\u00a0Roger Vadim\u00a0sur France 3.\u00a0<\/p>\n<\/p><\/div>\n<p>[ad_2]<br \/>\n<br \/><a href=\"https:\/\/www.journaldesfemmes.fr\/people\/actus\/3151308-luana-belmondo-fiere-son-fils-victor-passe-un-cap-tu-es-extraordinaire\/\">Source link <\/a><\/p>\n","protected":false},"excerpt":{"rendered":"<p>[ad_1] Une maman fi\u00e8re de son fils. Luana Belmondo a fait une touchante d\u00e9claration \u00e0 son rejeton, Victor Belmondo, sur &hellip; <a href=\"http:\/\/www.affinite.fr\/index.php\/2023\/12\/15\/son-fils-victor-passe-un-cap-tu-es-extraordinaire\/\" class=\"more-link\">Plus <span class=\"screen-reader-text\">son fils Victor passe un cap\u00a0! \u00ab\u00a0Tu es extraordinaire\u00a0\u00bb<\/span> <span class=\"meta-nav\">&rarr;<\/span><\/a><\/p>\n","protected":false},"author":1,"featured_media":9837,"comment_status":"","ping_status":"open","sticky":false,"template":"","format":"standard","meta":{"_sitemap_exclude":false,"_sitemap_priority":"","_sitemap_frequency":"","footnotes":""},"categories":[1],"tags":[],"class_list":["post-9836","post","type-post","status-publish","format-standard","has-post-thumbnail","hentry","category-tous"],"_links":{"self":[{"href":"http:\/\/www.affinite.fr\/index.php\/wp-json\/wp\/v2\/posts\/9836"}],"collection":[{"href":"http:\/\/www.affinite.fr\/index.php\/wp-json\/wp\/v2\/posts"}],"about":[{"href":"http:\/\/www.affinite.fr\/index.php\/wp-json\/wp\/v2\/types\/post"}],"author":[{"embeddable":true,"href":"http:\/\/www.affinite.fr\/index.php\/wp-json\/wp\/v2\/users\/1"}],"replies":[{"embeddable":true,"href":"http:\/\/www.affinite.fr\/index.php\/wp-json\/wp\/v2\/comments?post=9836"}],"version-history":[{"count":0,"href":"http:\/\/www.affinite.fr\/index.php\/wp-json\/wp\/v2\/posts\/9836\/revisions"}],"wp:featuredmedia":[{"embeddable":true,"href":"http:\/\/www.affinite.fr\/index.php\/wp-json\/wp\/v2\/media\/9837"}],"wp:attachment":[{"href":"http:\/\/www.affinite.fr\/index.php\/wp-json\/wp\/v2\/media?parent=9836"}],"wp:term":[{"taxonomy":"category","embeddable":true,"href":"http:\/\/www.affinite.fr\/index.php\/wp-json\/wp\/v2\/categories?post=9836"},{"taxonomy":"post_tag","embeddable":true,"href":"http:\/\/www.affinite.fr\/index.php\/wp-json\/wp\/v2\/tags?post=9836"}],"curies":[{"name":"wp","href":"https:\/\/api.w.org\/{rel}","templated":true}]}}