{"id":9834,"date":"2023-12-14T23:08:02","date_gmt":"2023-12-14T23:08:02","guid":{"rendered":"https:\/\/www.affinite.fr\/index.php\/2023\/12\/14\/on-pouvait-se-faire-ce-genre-de-petites-phrases\/"},"modified":"2023-12-14T23:08:02","modified_gmt":"2023-12-14T23:08:02","slug":"on-pouvait-se-faire-ce-genre-de-petites-phrases","status":"publish","type":"post","link":"http:\/\/www.affinite.fr\/index.php\/2023\/12\/14\/on-pouvait-se-faire-ce-genre-de-petites-phrases\/","title":{"rendered":"\u00ab\u00a0On pouvait se faire ce genre de petites phrases\u00a0\u00bb"},"content":{"rendered":"<p> [ad_1]<br \/>\n<br \/><img decoding=\"async\" src=\"https:\/\/img-3.journaldesfemmes.fr\/wovc09rtgooE-KVOh4i4dYE4sw0=\/1280x\/smart\/bd7266ff36004f59a6116e2518b52a97\/ccmcms-jdf\/39932596.jpg\" \/><\/p>\n<p>\n                Clara Morgane a r\u00e9agi aux propos d\u00e9rangeants de G\u00e9rard Depardieu, qui ont \u00e9t\u00e9 diffus\u00e9s dans \u00ab\u00a0Compl\u00e9ment d&rsquo;enqu\u00eate\u00a0\u00bb. Alors que la s\u00e9quence a choqu\u00e9, l&rsquo;ancienne star du X a donn\u00e9 son opinion et a tent\u00e9 d&rsquo;expliquer le comportement du com\u00e9dien&#8230;            <\/p>\n<div>\n<p><strong><a href=\"https:\/\/www.journaldesfemmes.fr\/people\/personnalites\/2862093-clara-morgane-mari-fille-dals-cabaret-et-calendriers-sexy-tout-ce-qu-il-faut-savoir\/\" title=\"Clara Morgane\">Clara Morgane<\/a><\/strong> a toujours impos\u00e9 son style. Elle a d\u00e9marr\u00e9 dans le porno, mais en tournant exclusivement avec un partenaire masculin, son petit ami de l&rsquo;\u00e9poque. Depuis, elle a jou\u00e9 avec sa belle plastique en vendant des calendriers de charme ou en \u00e9tant animatrice t\u00e9l\u00e9. Cependant, ce qu&rsquo;elle aime le plus, c&rsquo;est le show. C&rsquo;est pourquoi elle vient de d\u00e9marrer une grande tourn\u00e9e avec <em>Le cabaret de Clara Morgane au 7<sup>\u00e8me<\/sup><\/em> dans toute la France. Invit\u00e9e sur RTL, elle a pris la parole sur les propos probl\u00e9matiques de <a href=\"https:\/\/www.journaldesfemmes.fr\/people\/gerard-depardieu\/\" title=\"G\u00e9rard Depardieu\">G\u00e9rard Depardieu<\/a>, mais elle a une explication au comportement de l&rsquo;acteur&#8230;<\/p>\n<h2>\u00ab\u00a0S&rsquo;il galope, elle jouit\u00a0\u00bb : les propos d\u00e9plac\u00e9s de Depardieu<\/h2>\n<p>Dans le num\u00e9ro de <em>Compl\u00e9ment d&rsquo;enqu\u00eate <\/em>consacr\u00e9 \u00e0 l&rsquo;acteur, <strong>des images tr\u00e8s d\u00e9rangeantes<\/strong> ont \u00e9t\u00e9 montr\u00e9es.\u00a0Le com\u00e9dien, qui \u00e9tait en Cor\u00e9e du Nord pour les 70 ans du r\u00e9gime en 2018, avait \u00e9t\u00e9 film\u00e9 par Yann Moix pour les besoins d&rsquo;un documentaire qui n&rsquo;avait finalement jamais \u00e9t\u00e9 diffus\u00e9.<\/p>\n<p>Mais <em>Compl\u00e9ment d&rsquo;enqu\u00eate<\/em> a visionn\u00e9 les 18 heures d&rsquo;images qui avaient \u00e9t\u00e9 tourn\u00e9es et a diffus\u00e9 des propos scandaleux qu&rsquo;a tenus l&rsquo;acteur durant le tournage.\u00a0Le com\u00e9dien a par exemple l\u00e2ch\u00e9, en voyant une fillette de 11 ans sur un cheval : \u00ab\u00a0<strong><em>Si jamais il galope, elle jouit<\/em><\/strong>\u00ab\u00a0.<\/p>\n<h2>Clara Morgane r\u00e9agit\u00a0: \u00ab\u00a0Il y\u00a0 a des gens qui n&rsquo;ont pas chang\u00e9 d&rsquo;\u00e9poque\u00a0\u00bb<\/h2>\n<p>Clara Morgane a r\u00e9agi \u00e0 ces propos. L&rsquo;ancienne star du X a expliqu\u00e9\u00a0qu&rsquo;<strong>il y a 20\u00a0ans<\/strong> quand elle a d\u00e9marr\u00e9, \u00ab\u00a0<strong><em>on \u00e9tait dans un monde beaucoup plus misogyne<\/em>\u00ab\u00a0<\/strong>. Ce type de comportement \u00e9tait tol\u00e9r\u00e9 : \u00ab\u00a0<strong><em>On pouvait se faire ce genre de petites phrases<\/em><\/strong><em>. Oui c&rsquo;\u00e9tait \u00e9vident, oui c&rsquo;\u00e9tait facile, c&rsquo;\u00e9tait courant<\/em>\u00ab\u00a0.<\/p>\n<p>Et d&rsquo;ajouter\u00a0:\u00a0\u00ab\u00a0<em>En fait, <strong>on a chang\u00e9 d&rsquo;\u00e9poque<\/strong> et moi je suis tr\u00e8s heureuse qu&rsquo;on ait chang\u00e9 d&rsquo;\u00e9poque (\u2026) et de revenir \u00e0 \u00e7a qui est franchement pas si vieux que \u00e7a, \u00e7a me choque parce que je me dis &lsquo;<strong>il y a des gens qui n&rsquo;ont pas chang\u00e9 d&rsquo;\u00e9poque&rsquo;<\/strong><\/em>\u00ab\u00a0.<\/p>\n<h2>Clara Morgane \u00e9voque la \u00ab\u00a0manipulation t\u00e9l\u00e9visuelle\u00a0\u00bb mais a \u00e9t\u00e9 choqu\u00e9e par Depardieu<\/h2>\n<p>L&rsquo;ex actrice \u00e9rotique a \u00e9voqu\u00e9<span style=\"font-size: 1rem;\">\u00a0la s\u00e9quence tr\u00e8s comment\u00e9e dans laquelle <\/span><span style=\"font-size: 1rem;\">l&rsquo;acteur parle du plaisir sexuel<\/span><span style=\"font-size: 1rem;\">\u00a0d&rsquo;une tr\u00e8s jeune fille sur un cheval\u2026 \u00ab\u00a0<\/span><em style=\"font-size: 1rem;\">Alors on l&rsquo;excuse parce que oui, il n&rsquo;a pas 20\u00a0ans, oui il a rat\u00e9 quelques \u00e9tapes, mais <strong>c&rsquo;est quand m\u00eame choquant de sexualiser une petite de fille de 11\u00a0ans<\/strong><\/em><span style=\"font-size: 1rem;\">\u00ab\u00a0.\u00a0<\/span><\/p>\n<p>Elle s&rsquo;est toutefois fait l&rsquo;avocat du diable en rappelant le contexte\u00a0: \u00a0il s&rsquo;agissait d&rsquo;un extrait sur \u00ab\u00a0<em>toute une journ\u00e9e<\/em>\u00a0\u00bb et l&rsquo;\u00e9quipe de <em>Compl\u00e9ment d&rsquo;enqu\u00eate<\/em> l&rsquo;a \u00ab\u00a0<em>mis en exergue<\/em>\u00ab\u00a0.\u00a0\u00ab\u00a0C<em>&lsquo;est un peu de la \u00a0manipulation t\u00e9l\u00e9visuelle<\/em>\u00ab\u00a0, a-t-elle jug\u00e9. En revanche, elle ne minimise par la gravit\u00e9 des paroles de l&rsquo;ami de Fanny Ardant :\u00a0\u00ab\u00a0<strong><em>Le propos est l\u00e0, le propos est choquant et bien s\u00fbr, il m&rsquo;a choqu\u00e9.<\/em>\u00ab\u00a0<\/strong><\/p>\n<\/p><\/div>\n<p>[ad_2]<br \/>\n<br \/><a href=\"https:\/\/www.journaldesfemmes.fr\/people\/actus\/3151242-clara-morgane-son-avis-sur-depardieu-on-a-change-d-epoque\/\">Source link <\/a><\/p>\n","protected":false},"excerpt":{"rendered":"<p>[ad_1] Clara Morgane a r\u00e9agi aux propos d\u00e9rangeants de G\u00e9rard Depardieu, qui ont \u00e9t\u00e9 diffus\u00e9s dans \u00ab\u00a0Compl\u00e9ment d&rsquo;enqu\u00eate\u00a0\u00bb. Alors que &hellip; <a href=\"http:\/\/www.affinite.fr\/index.php\/2023\/12\/14\/on-pouvait-se-faire-ce-genre-de-petites-phrases\/\" class=\"more-link\">Plus <span class=\"screen-reader-text\">\u00ab\u00a0On pouvait se faire ce genre de petites phrases\u00a0\u00bb<\/span> <span class=\"meta-nav\">&rarr;<\/span><\/a><\/p>\n","protected":false},"author":1,"featured_media":9835,"comment_status":"","ping_status":"open","sticky":false,"template":"","format":"standard","meta":{"_sitemap_exclude":false,"_sitemap_priority":"","_sitemap_frequency":"","footnotes":""},"categories":[1],"tags":[],"class_list":["post-9834","post","type-post","status-publish","format-standard","has-post-thumbnail","hentry","category-tous"],"_links":{"self":[{"href":"http:\/\/www.affinite.fr\/index.php\/wp-json\/wp\/v2\/posts\/9834"}],"collection":[{"href":"http:\/\/www.affinite.fr\/index.php\/wp-json\/wp\/v2\/posts"}],"about":[{"href":"http:\/\/www.affinite.fr\/index.php\/wp-json\/wp\/v2\/types\/post"}],"author":[{"embeddable":true,"href":"http:\/\/www.affinite.fr\/index.php\/wp-json\/wp\/v2\/users\/1"}],"replies":[{"embeddable":true,"href":"http:\/\/www.affinite.fr\/index.php\/wp-json\/wp\/v2\/comments?post=9834"}],"version-history":[{"count":0,"href":"http:\/\/www.affinite.fr\/index.php\/wp-json\/wp\/v2\/posts\/9834\/revisions"}],"wp:featuredmedia":[{"embeddable":true,"href":"http:\/\/www.affinite.fr\/index.php\/wp-json\/wp\/v2\/media\/9835"}],"wp:attachment":[{"href":"http:\/\/www.affinite.fr\/index.php\/wp-json\/wp\/v2\/media?parent=9834"}],"wp:term":[{"taxonomy":"category","embeddable":true,"href":"http:\/\/www.affinite.fr\/index.php\/wp-json\/wp\/v2\/categories?post=9834"},{"taxonomy":"post_tag","embeddable":true,"href":"http:\/\/www.affinite.fr\/index.php\/wp-json\/wp\/v2\/tags?post=9834"}],"curies":[{"name":"wp","href":"https:\/\/api.w.org\/{rel}","templated":true}]}}