{"id":9829,"date":"2023-12-13T23:05:06","date_gmt":"2023-12-13T23:05:06","guid":{"rendered":"https:\/\/www.affinite.fr\/index.php\/2023\/12\/13\/qui-a-remporte-la-saison-12\/"},"modified":"2023-12-13T23:05:06","modified_gmt":"2023-12-13T23:05:06","slug":"qui-a-remporte-la-saison-12","status":"publish","type":"post","link":"http:\/\/www.affinite.fr\/index.php\/2023\/12\/13\/qui-a-remporte-la-saison-12\/","title":{"rendered":"qui a remport\u00e9 la saison 12\u00a0?"},"content":{"rendered":"<p> [ad_1]<br \/>\n<br \/><img decoding=\"async\" src=\"https:\/\/img-3.journaldesfemmes.fr\/DwjE0mPrve602DWWT-73O0FgAt0=\/1280x\/smart\/77c1ee152b70476cbe28b3cde2c7d7f0\/ccmcms-jdf\/39927678.jpg\" \/><\/p>\n<p>\n                Qui est le grand gagnant du Meilleur P\u00e2tissier saison 12\u00a0? D\u00e9couvrez son identit\u00e9 et le r\u00e9sum\u00e9 de la soir\u00e9e.            <\/p>\n<div>\n<aside class=\"ccmsummary marqueur_module ccmcss_cms_summary ccmcss_cms_summary--right\">\n<p>Sommaire<\/p>\n<\/aside>\n<p dir=\"ltr\">Pour la grande finale, <a href=\"https:\/\/cuisine.journaldesfemmes.fr\/chefs-et-gastronomie\/2373608-pourquoi-y-a-t-il-des-oursons-de-cyril-lignac-partout-dans-paris\/\" title=\"Cyril Lignac\">Cyril Lignac<\/a> avait pr\u00e9par\u00e9 un d\u00e9fi in\u00e9dit pour les candidats : <strong>pr\u00e9parer une b\u00fbche de No\u00ebl d\u2019au moins un m\u00e8tre de long<\/strong>. Pour l\u2019occasion, les p\u00e2tissiers amateurs d\u00e9j\u00e0 \u00e9limin\u00e9s sont venus rendre visite aux trois finalistes pour les aider (ou les perturber) mais aussi go\u00fbter leurs r\u00e9alisations aux c\u00f4t\u00e9s de Cyril et <a href=\"https:\/\/cuisine.journaldesfemmes.fr\/chefs-et-gastronomie\/2644315-mercotte-secrets\/\" title=\"Mercotte\">Mercotte<\/a>. Les trois candidats ont pr\u00e9sent\u00e9 de tr\u00e8s belles pr\u00e9sentations : Fanny avait r\u00e9alis\u00e9 une b\u00fbche \u00e0 l\u2019abricot et au nougat, Julia \u00e0 la mousse de marron et compt\u00e9e d\u2019agrumes, tandis que Thibaut avait propos\u00e9 deux saveurs, une estivale avec la p\u00eache et la verveine, une autre hivernale avec de la pomme et du kiwi. <strong>Le jury n\u2019a pas r\u00e9ussi \u00e0 d\u00e9partager les candidats et n\u2019a pas attribu\u00e9 de top.<\/strong><\/p>\n<p dir=\"ltr\">Pour la seconde \u00e9preuve, les trois finalistes devaient <strong>r\u00e9aliser un village de No\u00ebl 100% comestible<\/strong> avec l\u2019aide d\u2019un ancien candidat. Fanny, \u00e9paul\u00e9e pendant une heure par Ninon, a pr\u00e9sent\u00e9 une for\u00eat enchant\u00e9e avec une b\u00fbche \u00e0 la r\u00e9glisse que Cyril Lignac a particuli\u00e8rement appr\u00e9ci\u00e9e. Thibaut, avec l\u2019aide d\u2019Emily, a propos\u00e9 un No\u00ebl au coin du feu. Cyril et Mercotte ont eu un v\u00e9ritable coup de coeur pour l\u2019une des cr\u00e9ations, un petit bonhomme au <a href=\"http:\/\/www.affinite.fr\/index.php\/2025\/02\/27\/le-chocolat-et-le-materiel-indispensable-pour-reussir-vos-creations-gourmandes\/\">chocolat<\/a> dulcey et aux agrumes. Enfin, Julia a repr\u00e9sent\u00e9 un No\u00ebl au ski et a bluff\u00e9 le jury avec des saveurs cassis-marron, mangue-passion et kumquat. C\u2019est finalement<strong> Julia qui a remport\u00e9 la saison 12 du Meilleur P\u00e2tissier <\/strong>gr\u00e2ce \u00e0 ses cr\u00e9ations exceptionnelles !<\/p>\n<h2 dir=\"ltr\" id=\"qui-a-remporte-le-meilleur-patissier-saison-12-\">Qui a remport\u00e9 Le Meilleur P\u00e2tissier saison 12 ?<\/h2>\n<p dir=\"ltr\"><strong>Julia est la grande gagnante du Meilleur P\u00e2tissier saison 12.<\/strong> Elle a \u00e9bloui le jury tout au long du concours avec ses cr\u00e9ations savoureuses et d\u00e9licates, mais aussi ses mises en sc\u00e8ne exceptionnelles, comme lors de l&rsquo;\u00e9preuve finale avec son village de No\u00ebl 100% comestible.<\/p>\n<h2 id=\"qui-a-remporte-le-meilleur-patissier-2022-\">Qui \u00e9taient les candidats du Meilleur P\u00e2tissier 2023 ?<\/h2>\n<p>Cette ann\u00e9e, <strong>16\u00a0p\u00e2tissiers amateurs<\/strong> sont sur la ligne de d\u00e9part.\u00a0Lilou, Kheredine, Richard, Ninon, Hafidou&#8230; (Re)d\u00e9couvrez les profils des candidats de la saison 12 du Meilleur P\u00e2tissier :<\/p>\n<h2 id=\"qui-compose-le-jury-du-meilleur-patissier-les-professionnels-\">Qui composait\u00a0le jury du Meilleur P\u00e2tissier ?<\/h2>\n<p>Comme toujours, <strong>Cyril et Mercotte<\/strong> seront les membres du jury de cette saison 12 du Meilleur P\u00e2tissier. Ils seront bien s\u00fbr \u00e9paul\u00e9s par de nombreux <a href=\"https:\/\/cuisine.journaldesfemmes.fr\/chefs-et-gastronomie\/2640259-grands-chefs-et-restaurants-etoiles\/\" title=\"Chef\">chefs<\/a> p\u00e2tissiers de renom comme Pierre Herm\u00e9, Christophe Michalak ou encore Jade Genin.<\/p>\n<h2 id=\"qui-presente-le-meilleur-patissier-\">\u00a0<\/h2>\n<h2 id=\"qui-sont-les-gagnants-du-meilleur-patissier\">Qui sont les gagnants du Meilleur P\u00e2tissier\u00a0?<\/h2>\n<p>Depuis 11\u00a0ans, vous vous en doutez, un grand nombre de candidats a d\u00e9j\u00e0 remport\u00e9 le titre de \u00ab\u00a0Meilleur P\u00e2tissier\u00a0\u00bb. Pour les plus nostalgiques d&rsquo;entre vous, nous avons dress\u00e9 <strong>la liste des gagnants<\/strong> du Meilleur P\u00e2tissier depuis la premi\u00e8re saison.<\/p>\n<h2 id=\"ou-trouver-le-replay-du-meilleur-patissier\">O\u00f9 trouver le replay du Meilleur P\u00e2tissier\u00a0?<\/h2>\n<p>La cha\u00eene M6\u00a0et son service <a href=\"https:\/\/www.6play.fr\/\" target=\"_blank\" rel=\"noopener\">6play <\/a>vous permettent de regarder l&rsquo;\u00e9pisode manqu\u00e9 m\u00eame plusieurs semaines apr\u00e8s la diffusion. Cela vous donnera le temps de prendre des notes et devenir vous aussi un.e as de la p\u00e2tisserie.\u00a0<\/p>\n<p><lt-toolbar contenteditable=\"false\" data-lt-force-appearance=\"light\" style=\"display: none;\"><lt-div class=\"lt-toolbar__wrapper\" style=\"left: 973px; position: absolute !important; top: 173px !important; bottom: auto !important; z-index: 1;\"><lt-div class=\"lt-toolbar__premium-icon\"\/><lt-div class=\"lt-toolbar__status-icon lt-toolbar__status-icon-disconnected wp-exclude-emoji\" title=\"L'extension a \u00e9t\u00e9 mise \u00e0 jour. Veuillez actualiser la page afin de lancer la v\u00e9rification orthographique et grammaticale.\">\u2716<\/lt-div><\/lt-div><\/lt-toolbar><lt-toolbar contenteditable=\"false\" data-lt-adjust-appearance=\"true\" data-lt-force-appearance=\"light\" style=\"display: none;\"><lt-div class=\"lt-toolbar__wrapper\" style=\"left: 973px; position: absolute !important; top: 173px !important; bottom: auto !important; z-index: 1;\"><lt-div class=\"lt-toolbar__status-icon lt-toolbar__status-icon-has-no-errors lt-toolbar__status-icon-has-notification\" title=\"\"\/><lt-div class=\"lt-toolbar__premium-icon-dot\"\/><lt-div class=\"lt-toolbar__status-icon-in-progress\"\/><\/lt-div><\/lt-toolbar><lt-toolbar contenteditable=\"false\" data-lt-adjust-appearance=\"true\" data-lt-force-appearance=\"light\" style=\"display: none;\"><lt-div class=\"lt-toolbar__wrapper\" style=\"left: 973px; position: absolute !important; top: 197px !important; bottom: auto !important; z-index: 1;\"><lt-div class=\"lt-toolbar__status-icon lt-toolbar__status-icon-has-no-errors lt-toolbar__status-icon-has-notification\" title=\"\"\/><lt-div class=\"lt-toolbar__premium-icon-dot\"\/><lt-div class=\"lt-toolbar__status-icon-in-progress\"\/><\/lt-div><\/lt-toolbar><lt-toolbar contenteditable=\"false\" data-lt-adjust-appearance=\"true\" data-lt-force-appearance=\"light\" style=\"display: none;\"><lt-div class=\"lt-toolbar__wrapper\" style=\"left: 973px; position: absolute !important; top: 173px !important; bottom: auto !important; z-index: 1;\"><lt-div class=\"lt-toolbar__status-icon lt-toolbar__status-icon--loading lt-toolbar__status-icon--has-no-errors\" title=\"\"\/><lt-div class=\"lt-toolbar__premium-icon-dot\"\/><\/lt-div><\/lt-toolbar><\/p><\/div>\n<p>[ad_2]<br \/>\n<br \/><a href=\"https:\/\/cuisine.journaldesfemmes.fr\/chefs-et-gastronomie\/2134476-le-meilleur-patissier-qui-a-remporte-la-saison-12\/\">Source link <\/a><\/p>\n","protected":false},"excerpt":{"rendered":"<p>[ad_1] Qui est le grand gagnant du Meilleur P\u00e2tissier saison 12\u00a0? D\u00e9couvrez son identit\u00e9 et le r\u00e9sum\u00e9 de la soir\u00e9e. &hellip; <a href=\"http:\/\/www.affinite.fr\/index.php\/2023\/12\/13\/qui-a-remporte-la-saison-12\/\" class=\"more-link\">Plus <span class=\"screen-reader-text\">qui a remport\u00e9 la saison 12\u00a0?<\/span> <span class=\"meta-nav\">&rarr;<\/span><\/a><\/p>\n","protected":false},"author":1,"featured_media":9786,"comment_status":"","ping_status":"open","sticky":false,"template":"","format":"standard","meta":{"_sitemap_exclude":false,"_sitemap_priority":"","_sitemap_frequency":"","footnotes":""},"categories":[1],"tags":[],"class_list":["post-9829","post","type-post","status-publish","format-standard","has-post-thumbnail","hentry","category-tous"],"_links":{"self":[{"href":"http:\/\/www.affinite.fr\/index.php\/wp-json\/wp\/v2\/posts\/9829"}],"collection":[{"href":"http:\/\/www.affinite.fr\/index.php\/wp-json\/wp\/v2\/posts"}],"about":[{"href":"http:\/\/www.affinite.fr\/index.php\/wp-json\/wp\/v2\/types\/post"}],"author":[{"embeddable":true,"href":"http:\/\/www.affinite.fr\/index.php\/wp-json\/wp\/v2\/users\/1"}],"replies":[{"embeddable":true,"href":"http:\/\/www.affinite.fr\/index.php\/wp-json\/wp\/v2\/comments?post=9829"}],"version-history":[{"count":0,"href":"http:\/\/www.affinite.fr\/index.php\/wp-json\/wp\/v2\/posts\/9829\/revisions"}],"wp:featuredmedia":[{"embeddable":true,"href":"http:\/\/www.affinite.fr\/index.php\/wp-json\/wp\/v2\/media\/9786"}],"wp:attachment":[{"href":"http:\/\/www.affinite.fr\/index.php\/wp-json\/wp\/v2\/media?parent=9829"}],"wp:term":[{"taxonomy":"category","embeddable":true,"href":"http:\/\/www.affinite.fr\/index.php\/wp-json\/wp\/v2\/categories?post=9829"},{"taxonomy":"post_tag","embeddable":true,"href":"http:\/\/www.affinite.fr\/index.php\/wp-json\/wp\/v2\/tags?post=9829"}],"curies":[{"name":"wp","href":"https:\/\/api.w.org\/{rel}","templated":true}]}}