{"id":9815,"date":"2023-12-09T22:51:29","date_gmt":"2023-12-09T22:51:29","guid":{"rendered":"https:\/\/www.affinite.fr\/index.php\/2023\/12\/09\/sa-femme-ses-enfants-sa-carriere-la-mort-de-ses-parents-les-accusations-tout-savoir\/"},"modified":"2023-12-09T22:51:29","modified_gmt":"2023-12-09T22:51:29","slug":"sa-femme-ses-enfants-sa-carriere-la-mort-de-ses-parents-les-accusations-tout-savoir","status":"publish","type":"post","link":"http:\/\/www.affinite.fr\/index.php\/2023\/12\/09\/sa-femme-ses-enfants-sa-carriere-la-mort-de-ses-parents-les-accusations-tout-savoir\/","title":{"rendered":"Sa femme, ses enfants, sa carri\u00e8re, la mort de ses parents, les accusations&#8230; tout savoir"},"content":{"rendered":"<p> [ad_1]<br \/>\n<br \/><img decoding=\"async\" src=\"https:\/\/img-3.journaldesfemmes.fr\/WGZO687CTYxS5udiV0bPkL_hYCQ=\/1280x\/smart\/8287eb2a3db3452ba3a95833bf8ab14a\/ccmcms-jdf\/39930913.jpg\" \/><\/p>\n<p>\n                L&rsquo;animateur Cauet, accus\u00e9 de viols et agressions sexuelles, doit prendre la parole le 10\u00a0d\u00e9cembre dans \u00ab\u00a0C&rsquo;est pas tous les jours dimanche\u00a0\u00bb, sur BFMTV. La star de NRJ r\u00e9pondra aux graves accusations. Voici tout ce qu&rsquo;il faut savoir sur lui.            <\/p>\n<div>\n<aside class=\"ccmsummary marqueur_module ccmcss_cms_summary ccmcss_cms_summary--right\">\n<p>Sommaire<\/p>\n<\/aside>\n<p>A 51 ans (il est\u00a0n\u00e9 le 28 avril 1972 \u00e0 Saint-Quentin, dans l&rsquo;Aisne),\u00a0S\u00e9bastien Cauet\u00a0est dans de sales draps depuis que plusieurs femmes ont t\u00e9moign\u00e9 contre lui de suppos\u00e9s faits de viols et agressions sexuelles.\u00a0<\/p>\n<p>Voici tout ce qu&rsquo;il faut savoir de l&rsquo;animateur qui nie les faits reproch\u00e9s.<\/p>\n<h2 id=\"quel-est-le-premier-metier-de-cauet-\">Quel est le premier m\u00e9tier de Cauet ?<\/h2>\n<p>Toujours dans sa Picardie natale, c&rsquo;est <strong>en tant que DJ<\/strong> qu&rsquo;il officie d&rsquo;abord sur les ondes de NRJ.\u00a0Il anime <strong>les week-ends et les soir\u00e9es disco<\/strong>.\u00a0Affutant son talent sur de nombreuses stations, S\u00e9bastien Cauet devient en 1993\u00a0l&rsquo;<strong>assistant d&rsquo;<a href=\"https:\/\/www.journaldesfemmes.fr\/people\/arthur\/\" title=\"Arthur\">Arthur<\/a> sur Fun Radio<\/strong> et obtient tr\u00e8s vite sa propre \u00e9mission. Il ne recule pas devant ce nouveau d\u00e9fi qui s&rsquo;offre \u00e0 lui, mais cela tourne vite au cauchemar puisqu&rsquo;en janvier 1995, <strong>une mauvaise blague sur les camps de concentration allemands<\/strong>\u00a0lui vaut une<strong> suspension d&rsquo;antenne puis un licenciement pour faute grave.<\/strong>\u00a0<\/p>\n<p>Cauet mettra quelques ann\u00e9es \u00e0 s&rsquo;en remettre, passant de radios en radios jusqu&rsquo;\u00e0 se stabiliser sur <strong>Europe 2<\/strong>\u00a0dont il prend en main la matinale.\u00a0Le succ\u00e8s est au rendez-vous puisqu&rsquo;il <strong>rassemble tous les jours pr\u00e8s de 2\u00a0millions d&rsquo;auditeurs<\/strong> autour de son \u00e9quipe de fid\u00e8le qui se met doucement en place:\u00a0<strong>C\u00e9cile de M\u00e9nibus, Cartman, Miko et Pi\u00e8tre.<\/strong><\/p>\n<h2 id=\"qui-sont-les-parents-de-cauet-\">Qui sont les parents de Cauet ?<\/h2>\n<p>Comme il l&rsquo;a expliqu\u00e9 \u00e0 <a href=\"https:\/\/www.journaldesfemmes.fr\/people\/personnalites\/2722233-sophie-davant\/\" title=\"Sophie Davant\">Sophie Davant<\/a> dans <em>Toute une Histoire<\/em>, son plus grand regret dans la vie <strong>est que ses parents soient morts trop t\u00f4t pour connaitre le succ\u00e8s de leur fils<\/strong>.\u00a0<strong>Sa m\u00e8re est d\u00e9c\u00e9d\u00e9e lorsqu&rsquo;il avait 10\u00a0ans, son p\u00e8re lorsqu&rsquo;il en avait 20.<\/strong> Il racontait \u00e0 leur sujet : \u00ab\u00a0<em><strong>Le d\u00e9c\u00e8s de ma m\u00e8re, c&rsquo;est le<\/strong> <strong>cancer<\/strong> et elle est partie assez rapidement. Je me souviens de tout concernant cette p\u00e9riode, presque minute par minute. L&rsquo;annonce, les cons\u00e9quences de ce qui allait se passer apr\u00e8s, l&rsquo;enterrement&#8230;<\/em> \u00ab\u00a0.<\/p>\n<p>Concernant la mort de son p\u00e8re, il explique : \u00a0\u00bb <em><strong>Il a fallu que j&rsquo;arr\u00eate mon \u00e9cole de commerce car je n&rsquo;avais plus d&rsquo;argent<\/strong> et je vous passe les d\u00e9tails d&rsquo;un enterrement \u00e0 g\u00e9rer quand on a 20\u00a0ans. [&#8230;] Mais vous n&rsquo;avez pas le temps de pleurer car il faut que le lendemain vous fassiez les papiers pour le rapatriement du corps, faire para\u00eetre une annonce dans le journal pour l&rsquo;enterrement&#8230; Tout ce qu&rsquo;en th\u00e9orie vous ne devriez pas faire \u00e0 20\u00a0ans<\/em>\u00ab\u00a0.<\/p>\n<h2 id=\"quelle-est-la-carriere-de-cauet-\">Quelle est la carri\u00e8re de Cauet ?<\/h2>\n<p>Aur\u00e9ol\u00e9 d&rsquo;un beau succ\u00e8s au micro des radios, <strong>Cauet est recrut\u00e9 par TF1\u00a0<\/strong>pour<strong> <\/strong>animer une \u00e9mission hebdomadaire.\u00a0Pour la chaine, il d\u00e9veloppe une \u00e9mission qui\u00a0a pour objet de parodier des \u00e9missions, des s\u00e9ries, publicit\u00e9s.\u00a0<strong><em>La M\u00e9thode Cauet <\/em><\/strong>est n\u00e9e et va connaitre un grand succ\u00e8s <strong>tous les jeudi soirs en deuxi\u00e8me partie<\/strong> de soir\u00e9e<strong> jusqu&rsquo;en 2008<\/strong>.\u00a0<\/p>\n<p>Ses autres \u00e9missions qui suivront sur la TNT\u00a0comme<em>\u00a0Ca va s&rsquo;Cauet<\/em>, <em>Bienvenue chez Cauet<\/em> ou\u00a0<em>Muppets TV<\/em> ne connaitront cependant pas le m\u00eame succ\u00e8s et seront\u00a0vite retir\u00e9es de l&rsquo;antenne ; il passera aussi quelque temps dans <em>TPMP<\/em> aupr\u00e8s de <a href=\"https:\/\/www.journaldesfemmes.fr\/people\/cyril-hanouna\/\" title=\"Cyril Hanouna\">Cyril Hanouna<\/a> comme bref chroniqueur.\u00a0<\/p>\n<p>Aujourd&rsquo;hui, <strong>Cauet est retourn\u00e9 sur NRJ en quotidienne mais, depuis les accusations qui p\u00e8sent contre lui, il a \u00e9t\u00e9 contraint de quitter l&rsquo;antenne le temps que justice se fasse.<\/strong><\/p>\n<div class=\"ccminsert\">\n<p><template data-type=\"embedtag\" data-tagname=\"youtube\"><iframe loading=\"lazy\" allow=\"accelerometer; autoplay; clipboard-write; encrypted-media; gyroscope; picture-in-picture; web-share\" allowfullscreen=\"\" frameborder=\"0\" height=\"315\" src=\"https:\/\/www.youtube.com\/embed\/EQXDMNYQA6A?si=b21fMpdsuUERpiF6\" title=\"YouTube video player\" width=\"560\"><\/iframe><\/template><\/p>\n<\/div>\n<h2 id=\"qui-est-la-femme-de-cauet-\">Qui est la femme de Cauet ?\u00a0<\/h2>\n<p>Si Cauet<strong> a \u00e9t\u00e9 mari\u00e9 pendant une vingtaine d&rsquo;ann\u00e9es \u00e0 une certaine Virginie <\/strong>avec qui il a eu deux enfants (Valmont n\u00e9 le 23\u00a0f\u00e9vrier 2000\u00a0et Ivana n\u00e9e le 25\u00a0mai 2002), il est aujourd&rsquo;hui en couple<strong> avec le mannequin Nathalie Dartois<\/strong>.\u00a0Ils ont fait connaissance lors d&rsquo;une soir\u00e9e et ne se quittent plus depuis.\u00a0<\/p>\n<p>Son divorce, Cauet l&rsquo;avait tr\u00e8s mal v\u00e9cu comme il le disait \u00e0 <em>T\u00e9l\u00e9 Loisirs<\/em> : \u00ab\u00a0<em>J&rsquo;ai trouv\u00e9 qu&rsquo;il y avait une mis\u00e8re, une angoisse de voir tous ces couples qui ne se parlent plus, \u00e0 deux m\u00e8tres l&rsquo;un de l&rsquo;autre, de voir ce commerce de la tristesse des avocats, qui se foutent compl\u00e8tement de leurs clients. Vous allez devant un juge, qui s&rsquo;en fout de vous, qui a dix dossiers avant et trente derri\u00e8re, qui n&rsquo;a m\u00eame pas de compassion. J&rsquo;ai trouv\u00e9 &#8211; peut-\u00eatre parce que je suis hypersensible &#8211; que cet endroit \u00e9tait horrible<\/em>.\u00a0\u00bb<\/p>\n<h2 id=\"cauet-et-ses-enfants\">Cauet et ses enfants<\/h2>\n<p>Cauet et Nathalie Dartois ont r\u00e9ussi \u00e0 composer avec leur pass\u00e9 et \u00e0 cr\u00e9er ce que Cauet <strong>consid\u00e8re \u00eatre \u00ab\u00a0sa magnifique famille\u00a0\u00bb<\/strong>\u00a0comme il le r\u00e9v\u00e9lait \u00e0 <em>T\u00e9l\u00e9 Loisirs<\/em> en 2021 : \u00ab\u00a0<em>Ma ch\u00e9rie avec laquelle je suis a aussi deux enfants, elle les a tr\u00e8s bien \u00e9duqu\u00e9s, avec des valeurs. (\u2026) Ils sont tr\u00e8s intelligents. J&rsquo;aime bien le r\u00f4le de beau-p\u00e8re, c&rsquo;est tr\u00e8s marrant ce r\u00f4le: c&rsquo;est le r\u00f4le de p\u00e8re mais avec une petite pression en moins\u00a0! Je ne suis pas l\u00e0 pour faire de l&rsquo;autorit\u00e9 mais pour \u00eatre de bon conseil, \u00eatre plus cool et passer du bon temps avec eux quand ils en ont envie.\u00a0\u00bb\u00a0<\/em><\/p>\n<h2 id=\"les-accusations-contre-cauet\">Les accusations contre Cauet<\/h2>\n<p>L&rsquo;animateur a \u00e9t\u00e9 <strong>accus\u00e9 en novembre 2023 d&rsquo;agressions sexuelles sur mineure<\/strong> et, en repr\u00e9sailles, <strong>il a port\u00e9\u00a0plainte contre son accusatrice pour harc\u00e8lement moral et diffamation<\/strong>. Dans le m\u00eame temps,\u00a0<em>L&rsquo;Obs<\/em> rapporte qu&rsquo;une femme a d\u00e9pos\u00e9 deux plaintes contre l&rsquo;animateur pour viols, dont l&rsquo;un se serait produit lorsqu&rsquo;elle \u00e9tait mineure et d&rsquo;autres t\u00e9moignages sont alors ajout\u00e9s \u00e0 cette plainte.<\/p>\n<p>S\u00e9bastien Cauet, qui est provisoirement \u00e9cart\u00e9 de l&rsquo;antenne, porte ensuite plainte pour tentative d&rsquo;extorsion de fonds et d\u00e9nonciation calomnieuse. Mais, une semaine apr\u00e8s, <strong>il est vis\u00e9 par deux nouvelles plaintes pour viol et agressions sexuelles<\/strong>&#8230;<\/p>\n<\/p><\/div>\n<p>[ad_2]<br \/>\n<br \/><a href=\"https:\/\/www.journaldesfemmes.fr\/people\/personnalites\/2808297-cauet-age-vie-privee-graves-accusations\/\">Source link <\/a><\/p>\n","protected":false},"excerpt":{"rendered":"<p>[ad_1] L&rsquo;animateur Cauet, accus\u00e9 de viols et agressions sexuelles, doit prendre la parole le 10\u00a0d\u00e9cembre dans \u00ab\u00a0C&rsquo;est pas tous les &hellip; <a href=\"http:\/\/www.affinite.fr\/index.php\/2023\/12\/09\/sa-femme-ses-enfants-sa-carriere-la-mort-de-ses-parents-les-accusations-tout-savoir\/\" class=\"more-link\">Plus <span class=\"screen-reader-text\">Sa femme, ses enfants, sa carri\u00e8re, la mort de ses parents, les accusations&#8230; tout savoir<\/span> <span class=\"meta-nav\">&rarr;<\/span><\/a><\/p>\n","protected":false},"author":1,"featured_media":9816,"comment_status":"","ping_status":"open","sticky":false,"template":"","format":"standard","meta":{"_sitemap_exclude":false,"_sitemap_priority":"","_sitemap_frequency":"","footnotes":""},"categories":[1],"tags":[],"class_list":["post-9815","post","type-post","status-publish","format-standard","has-post-thumbnail","hentry","category-tous"],"_links":{"self":[{"href":"http:\/\/www.affinite.fr\/index.php\/wp-json\/wp\/v2\/posts\/9815"}],"collection":[{"href":"http:\/\/www.affinite.fr\/index.php\/wp-json\/wp\/v2\/posts"}],"about":[{"href":"http:\/\/www.affinite.fr\/index.php\/wp-json\/wp\/v2\/types\/post"}],"author":[{"embeddable":true,"href":"http:\/\/www.affinite.fr\/index.php\/wp-json\/wp\/v2\/users\/1"}],"replies":[{"embeddable":true,"href":"http:\/\/www.affinite.fr\/index.php\/wp-json\/wp\/v2\/comments?post=9815"}],"version-history":[{"count":0,"href":"http:\/\/www.affinite.fr\/index.php\/wp-json\/wp\/v2\/posts\/9815\/revisions"}],"wp:featuredmedia":[{"embeddable":true,"href":"http:\/\/www.affinite.fr\/index.php\/wp-json\/wp\/v2\/media\/9816"}],"wp:attachment":[{"href":"http:\/\/www.affinite.fr\/index.php\/wp-json\/wp\/v2\/media?parent=9815"}],"wp:term":[{"taxonomy":"category","embeddable":true,"href":"http:\/\/www.affinite.fr\/index.php\/wp-json\/wp\/v2\/categories?post=9815"},{"taxonomy":"post_tag","embeddable":true,"href":"http:\/\/www.affinite.fr\/index.php\/wp-json\/wp\/v2\/tags?post=9815"}],"curies":[{"name":"wp","href":"https:\/\/api.w.org\/{rel}","templated":true}]}}