{"id":9806,"date":"2023-12-06T22:47:35","date_gmt":"2023-12-06T22:47:35","guid":{"rendered":"https:\/\/www.affinite.fr\/index.php\/2023\/12\/06\/qui-sont-les-finalistes-de-la-saison-12\/"},"modified":"2023-12-06T22:47:35","modified_gmt":"2023-12-06T22:47:35","slug":"qui-sont-les-finalistes-de-la-saison-12","status":"publish","type":"post","link":"http:\/\/www.affinite.fr\/index.php\/2023\/12\/06\/qui-sont-les-finalistes-de-la-saison-12\/","title":{"rendered":"qui sont les finalistes de la saison 12\u00a0?"},"content":{"rendered":"<p> [ad_1]<br \/>\n<br \/><img decoding=\"async\" src=\"https:\/\/img-3.journaldesfemmes.fr\/DwjE0mPrve602DWWT-73O0FgAt0=\/1280x\/smart\/77c1ee152b70476cbe28b3cde2c7d7f0\/ccmcms-jdf\/39927678.jpg\" \/><\/p>\n<p>\n                L&rsquo;identit\u00e9 des finalistes du Meilleur P\u00e2tissier saison 12\u00a0est enfin connue. D\u00e9couvrez qui a \u00e9t\u00e9 \u00e9limin\u00e9 et qui est encore en lice pour rencontrer le titre\u00a0!            <\/p>\n<div>\n<aside class=\"ccmsummary marqueur_module ccmcss_cms_summary ccmcss_cms_summary--right\">\n<p>Sommaire<\/p>\n<\/aside>\n<p>Cette demi-finale du <strong>Meilleur P\u00e2tissier saison 12 <\/strong>\u00e9tait plac\u00e9e sous le signe des <strong>Ann\u00e9es Folles !<\/strong>\u00a0Pour la premi\u00e8re \u00e9preuve, <a href=\"https:\/\/cuisine.journaldesfemmes.fr\/chefs-et-gastronomie\/2373608-pourquoi-y-a-t-il-des-oursons-de-cyril-lignac-partout-dans-paris\/\" title=\"Cyril Lignac\">Cyril Lignac<\/a> a demand\u00e9 aux candidats de <strong>moderniser le traditionnel croquembouche<\/strong>, dans les formes et les saveurs. \u00ab\u00a0La pi\u00e8ce-mont\u00e9e doit mesurer au minimum 50 cm de hauteur\u00a0\u00bb, a pr\u00e9venu le chef. Les candidats ont rencontr\u00e9 beaucoup de difficult\u00e9s lors de cette \u00e9preuve, notamment li\u00e9s au manque de temps. Malgr\u00e9 cela, <strong>Julia a remport\u00e9 tous les suffrages avec sa pi\u00e8ce-mont\u00e9e en forme d&rsquo;ananas et choux garnis ananas-mangue et passion. <\/strong>\u00ab\u00a0C&rsquo;est juste, net, tu as jou\u00e9 la s\u00e9curit\u00e9\u00a0\u00bb, ont estim\u00e9 Cyril et <a href=\"https:\/\/cuisine.journaldesfemmes.fr\/chefs-et-gastronomie\/2644315-mercotte-secrets\/\" title=\"Mercotte\">Mercotte<\/a>. Thibaut a bluff\u00e9 le jury avec ses choux au jasmin, mais n&rsquo;a malheureusement pas eu le temps de terminer son croquembouche. <strong>Emily a quant \u00e0 elle \u00e9cop\u00e9 d&rsquo;un flop<\/strong> \u00e0 cause de choux peu lev\u00e9s, secs et parfois non garnis.<\/p>\n<p>Pour l&rsquo;\u00e9preuve technique, Mercotte a demand\u00e9 aux candidats de r\u00e9aliser un <strong>g\u00e2teau perles<\/strong>, demandant beaucoup de technique. Ce g\u00e2teau, d\u00e9cor\u00e9 de fleurs, plumes et colliers de perles en p\u00e2te \u00e0 sucre, est compos\u00e9 d&rsquo;une g\u00e9noise glac\u00e9e en noir et blanc, renfermant un confit \u00e0 la framboise et des bulles mol\u00e9culaires de champagne ! Julia est arriv\u00e9e derni\u00e8re, derri\u00e8re Thibaut et Fanny. <strong>Emily fait une belle remont\u00e9e et arrive en t\u00eate du classement !<\/strong><\/p>\n<p>Tout s&rsquo;est donc jou\u00e9 lors de l&rsquo;\u00e9preuve cr\u00e9ative. Pour cela, <strong>les candidats devaient repr\u00e9senter les Ann\u00e9es Folles en g\u00e2teau<\/strong>, sous l\u2019\u0153il de <strong>Bastien Blanc-Tailleur<\/strong>, sp\u00e9cialiste du wedding cake. Thibaut a \u00e9t\u00e9 le coup de coeur du chef gr\u00e2ce \u00e0 son g\u00e2teau au champagne, \u00e0 base d&rsquo;un moelleux au champagne, confit de fraise et litchi, et mousse champagne. \u00ab\u00a0C&rsquo;\u00e9tait sublime, les roses \u00e9taient parfaites, la coupe de champagne en isomalt tr\u00e8s belle&#8230; Tu as mis la barre tr\u00e8s haut, c&rsquo;est un super travail !\u00a0\u00bb Cette ann\u00e9e, personne n&rsquo;a d\u00e9croch\u00e9 de tablier bleu, mais le premier \u00e0 s&rsquo;\u00eatre qualifi\u00e9 pour la<strong> finale est Thibaut ! Julia et Fanny<\/strong> seront \u00e9galement en finale, tandis qu&rsquo;<strong>Emily a \u00e9t\u00e9 \u00e9limin\u00e9e.<\/strong><\/p>\n<h2 id=\"quel-candidat-du-meilleur-patissier-a-ete-elimine-\">Quel candidat du Meilleur P\u00e2tissier a \u00e9t\u00e9 \u00e9limin\u00e9 ?<\/h2>\n<p>Chaque semaine, un candidat est \u00e9limin\u00e9 du Meilleur P\u00e2tissier. Voici l&rsquo;identit\u00e9 des p\u00e2tissiers amateurs qui ont d\u00e9j\u00e0 quitt\u00e9 l&rsquo;aventure :<\/p>\n<ul>\n<li><strong>Semaine 1 :<\/strong> Richard et Lilou<\/li>\n<li><strong>Semaine 2<\/strong> : Christelle<\/li>\n<li><strong>Semaine 3 <\/strong>: Monique<\/li>\n<li><strong>Semaine 4<\/strong> : Ahmet<\/li>\n<li><strong>Semaine 5<\/strong> : Cl\u00e9mence<\/li>\n<li><strong>Semaine 6 :<\/strong> David (finalement de retour en semaine 10)<\/li>\n<li><strong>Semaine 7 <\/strong>: Kheredine<\/li>\n<li><strong>Semaine 8<\/strong> : Ninon (d\u00e9part volontaire)<\/li>\n<li><strong>Semaine 9 <\/strong>: Hafidou<\/li>\n<li><strong>Semaine 10 <\/strong>: Chantal<\/li>\n<li><strong>Semaine 11<\/strong> : David<\/li>\n<li><strong>Semaine 12<\/strong> : Bertrand<\/li>\n<li><strong>Semaine 13 :<\/strong> Emily<\/li>\n<\/ul>\n<h2 id=\"quelles-sont-les-nouveautes-du-meilleur-patissier-saison-12-\">Quelles sont les nouveaut\u00e9s du Meilleur P\u00e2tissier saison 12 ?<\/h2>\n<p>Si Cyril et Mercotte sont toujours les ma\u00eetres de c\u00e9r\u00e9monie du<strong> Meilleur P\u00e2tissier<\/strong> aux c\u00f4t\u00e9s de <strong><a href=\"https:\/\/cuisine.journaldesfemmes.fr\/chefs-et-gastronomie\/2743515-marie-portolano-qui-est-nouvelle-presentatrice-meilleur-patissier\/\" title=\"Marie Portolano\">Marie Portolano<\/a>,<\/strong> les candidats devraient \u00eatre surpris par les nombreuses nouveaut\u00e9s de cette <strong>saison 12.<\/strong>\u00a0Le <strong>d\u00e9fi de Cyril<\/strong> change l\u00e9g\u00e8rement de formule pour revenir \u00e0 l&rsquo;essentiel. Pour cela, le chef a fait appel aux Fran\u00e7ais pour leur demander quel \u00e9tait leur <strong>dessert pr\u00e9f\u00e9r\u00e9<\/strong>. Tarte au citron, tiramisu, flan p\u00e2tissier&#8230; Semaine apr\u00e8s semaine, les p\u00e2tissiers amateurs devront revisiter les desserts simples du quotidien pour convaincre Cyril et Mercotte qu&rsquo;ils m\u00e9ritent leur place dans le concours.<\/p>\n<p>L&rsquo;\u00e9preuve technique de Mercotte est,\u00a0elle aussi, l\u00e9g\u00e8rement modifi\u00e9e et devient&#8230; <strong>L&rsquo;\u00e9preuve technique surprise<\/strong> ! Chaque semaine, Mercotte demandera aux candidats de relever un d\u00e9fi diff\u00e9rent, parfois sans recette, uniquement au go\u00fbt, ou encore apr\u00e8s avoir suivi une masterclass ou un petit conseil d\u00e9voil\u00e9 par un grand chef p\u00e2tissier.\u00a0<em>\u00ab\u00a0Ils donneront\u00a0des astuces simples que les t\u00e9l\u00e9spectateurs voudront certainement reproduire \u00e0 la maison\u00a0\u00bb,<\/em> assure M6. Pour la premi\u00e8re fois, <strong>Mercotte va m\u00eame mettre la main \u00e0 la p\u00e2te et donner une masterclass aux candidats <\/strong>pour reproduire une recette de son fameux grimoire. Autre surprise : <strong>Mohamed, candidat embl\u00e9matique de la saison 10, sera \u00e9galement de la partie sur la th\u00e9matique du trompe-<\/strong><b>l\u2019\u0153il<\/b>.<\/p>\n<p>Quant \u00e0 <strong>l&rsquo;\u00e9preuve cr\u00e9ative<\/strong>, le concept reste le m\u00eame, avec des <a href=\"https:\/\/cuisine.journaldesfemmes.fr\/chefs-et-gastronomie\/2640259-grands-chefs-et-restaurants-etoiles\/\" title=\"Chef\">chefs<\/a> invit\u00e9s habitu\u00e9s de l&rsquo;\u00e9mission comme Christophe Michalak ou Pierre Herm\u00e9, mais aussi quelques nouvelles t\u00eates comme <strong>Jade G\u00e9nin<\/strong>.<em> \u00ab\u00a0L&rsquo;\u00e9preuve aura son lot d&rsquo;\u00e9motions, de belles r\u00e9alisations\u00a0mais aussi de catastrophes\u00a0\u00bb,<\/em> r\u00e9sume M6.<\/p>\n<p>Aussi, pour la premi\u00e8re fois, les candidats sortiront du traditionnel d\u00e9cor de la tente pour r\u00e9aliser <em>une \u00e9preuve en ext\u00e9rieur,<\/em> dans le <strong>parc f\u00e9\u00e9rique de Disneyland Paris<\/strong> ! Enfin, le concours parall\u00e8le de Mercotte sera \u00e9galement de retour et permettra \u00e0 un candidat \u00e9limin\u00e9 de revenir plus tard dans la comp\u00e9tition officielle.\u00a0<\/p>\n<h2 id=\"qui-a-remporte-le-meilleur-patissier-2022-\">Qui sont les candidats du Meilleur P\u00e2tissier 2023 ?<\/h2>\n<p>Cette ann\u00e9e, <strong>16\u00a0p\u00e2tissiers amateurs<\/strong> sont sur la ligne de d\u00e9part.\u00a0Lilou, Kheredine, Richard, Ninon, Hafidou&#8230; Faites connaissance avec les nouveaux candidats qui vous r\u00e9galeront au fil des semaines :<\/p>\n<h2 id=\"qui-compose-le-jury-du-meilleur-patissier-les-professionnels-\">Qui compose le jury du Meilleur P\u00e2tissier ?<\/h2>\n<p>Comme toujours, <strong>Cyril et Mercotte<\/strong> seront les membres du jury de cette saison 12 du Meilleur P\u00e2tissier. Ils seront bien s\u00fbr \u00e9paul\u00e9s par de nombreux chefs p\u00e2tissiers de renom comme Pierre Herm\u00e9, Christophe Michalak ou encore Jade Genin.<\/p>\n<h2 id=\"qui-presente-le-meilleur-patissier-\">Qui pr\u00e9sente Le Meilleur P\u00e2tissier ?<\/h2>\n<p>Apr\u00e8s avoir fait ses preuves lors des deux premi\u00e8res saisons avec les amateurs puis avec les professionnels, <strong>Marie Portolano<\/strong>\u00a0est de retour pour la saison 12 du Meilleur P\u00e2tissier. L&rsquo;animatrice devrait encore nous r\u00e9galer avec son humour et sa bonne humeur. Il s&rsquo;agira n\u00e9anmoins de sa derni\u00e8re saison.<\/p>\n<h2 id=\"qui-sont-les-gagnants-du-meilleur-patissier\">Qui sont les gagnants du Meilleur P\u00e2tissier\u00a0?<\/h2>\n<p>Depuis 11\u00a0ans, vous vous en doutez, un grand nombre de candidats a d\u00e9j\u00e0 remport\u00e9 le titre de \u00ab\u00a0Meilleur P\u00e2tissier\u00a0\u00bb. Pour les plus nostalgiques d&rsquo;entre vous, nous avons dress\u00e9 <strong>la liste des gagnants<\/strong> du Meilleur P\u00e2tissier depuis la premi\u00e8re saison.<\/p>\n<h2 id=\"ou-trouver-le-replay-du-meilleur-patissier\">O\u00f9 trouver le replay du Meilleur P\u00e2tissier\u00a0?<\/h2>\n<p>La cha\u00eene M6\u00a0et son service <a href=\"https:\/\/www.6play.fr\/\" target=\"_blank\" rel=\"noopener\">6play <\/a>vous permettent de regarder l&rsquo;\u00e9pisode manqu\u00e9 m\u00eame plusieurs semaines apr\u00e8s la diffusion. Cela vous donnera le temps de prendre des notes et devenir vous aussi un.e as de la p\u00e2tisserie.\u00a0<\/p>\n<p><lt-toolbar contenteditable=\"false\" data-lt-force-appearance=\"light\" style=\"display: none;\"><lt-div class=\"lt-toolbar__wrapper\" style=\"left: 973px; position: absolute !important; top: 173px !important; bottom: auto !important; z-index: 1;\"><lt-div class=\"lt-toolbar__premium-icon\"\/><lt-div class=\"lt-toolbar__status-icon lt-toolbar__status-icon-disconnected wp-exclude-emoji\" title=\"L'extension a \u00e9t\u00e9 mise \u00e0 jour. Veuillez actualiser la page afin de lancer la v\u00e9rification orthographique et grammaticale.\">\u2716<\/lt-div><\/lt-div><\/lt-toolbar><lt-toolbar contenteditable=\"false\" data-lt-adjust-appearance=\"true\" data-lt-force-appearance=\"light\" style=\"display: none;\"><lt-div class=\"lt-toolbar__wrapper\" style=\"left: 973px; position: absolute !important; top: 173px !important; bottom: auto !important; z-index: 1;\"><lt-div class=\"lt-toolbar__status-icon lt-toolbar__status-icon-has-no-errors lt-toolbar__status-icon-has-notification\" title=\"\"\/><lt-div class=\"lt-toolbar__premium-icon-dot\"\/><lt-div class=\"lt-toolbar__status-icon-in-progress\"\/><\/lt-div><\/lt-toolbar><lt-toolbar contenteditable=\"false\" data-lt-adjust-appearance=\"true\" data-lt-force-appearance=\"light\" style=\"display: none;\"><lt-div class=\"lt-toolbar__wrapper\" style=\"left: 973px; position: absolute !important; top: 197px !important; bottom: auto !important; z-index: 1;\"><lt-div class=\"lt-toolbar__status-icon lt-toolbar__status-icon-has-no-errors lt-toolbar__status-icon-has-notification\" title=\"\"\/><lt-div class=\"lt-toolbar__premium-icon-dot\"\/><lt-div class=\"lt-toolbar__status-icon-in-progress\"\/><\/lt-div><\/lt-toolbar><lt-toolbar contenteditable=\"false\" data-lt-adjust-appearance=\"true\" data-lt-force-appearance=\"light\" style=\"display: none;\"><lt-div class=\"lt-toolbar__wrapper\" style=\"left: 973px; position: absolute !important; top: 173px !important; bottom: auto !important; z-index: 1;\"><lt-div class=\"lt-toolbar__status-icon lt-toolbar__status-icon--loading lt-toolbar__status-icon--has-no-errors\" title=\"\"\/><lt-div class=\"lt-toolbar__premium-icon-dot\"\/><\/lt-div><\/lt-toolbar><\/p><\/div>\n<p>[ad_2]<br \/>\n<br \/><a href=\"https:\/\/cuisine.journaldesfemmes.fr\/chefs-et-gastronomie\/2134476-le-meilleur-patissier-qui-sont-les-finalistes-de-la-saison-12\/\">Source link <\/a><\/p>\n","protected":false},"excerpt":{"rendered":"<p>[ad_1] L&rsquo;identit\u00e9 des finalistes du Meilleur P\u00e2tissier saison 12\u00a0est enfin connue. D\u00e9couvrez qui a \u00e9t\u00e9 \u00e9limin\u00e9 et qui est encore &hellip; <a href=\"http:\/\/www.affinite.fr\/index.php\/2023\/12\/06\/qui-sont-les-finalistes-de-la-saison-12\/\" class=\"more-link\">Plus <span class=\"screen-reader-text\">qui sont les finalistes de la saison 12\u00a0?<\/span> <span class=\"meta-nav\">&rarr;<\/span><\/a><\/p>\n","protected":false},"author":1,"featured_media":9786,"comment_status":"","ping_status":"open","sticky":false,"template":"","format":"standard","meta":{"_sitemap_exclude":false,"_sitemap_priority":"","_sitemap_frequency":"","footnotes":""},"categories":[1],"tags":[],"class_list":["post-9806","post","type-post","status-publish","format-standard","has-post-thumbnail","hentry","category-tous"],"_links":{"self":[{"href":"http:\/\/www.affinite.fr\/index.php\/wp-json\/wp\/v2\/posts\/9806"}],"collection":[{"href":"http:\/\/www.affinite.fr\/index.php\/wp-json\/wp\/v2\/posts"}],"about":[{"href":"http:\/\/www.affinite.fr\/index.php\/wp-json\/wp\/v2\/types\/post"}],"author":[{"embeddable":true,"href":"http:\/\/www.affinite.fr\/index.php\/wp-json\/wp\/v2\/users\/1"}],"replies":[{"embeddable":true,"href":"http:\/\/www.affinite.fr\/index.php\/wp-json\/wp\/v2\/comments?post=9806"}],"version-history":[{"count":0,"href":"http:\/\/www.affinite.fr\/index.php\/wp-json\/wp\/v2\/posts\/9806\/revisions"}],"wp:featuredmedia":[{"embeddable":true,"href":"http:\/\/www.affinite.fr\/index.php\/wp-json\/wp\/v2\/media\/9786"}],"wp:attachment":[{"href":"http:\/\/www.affinite.fr\/index.php\/wp-json\/wp\/v2\/media?parent=9806"}],"wp:term":[{"taxonomy":"category","embeddable":true,"href":"http:\/\/www.affinite.fr\/index.php\/wp-json\/wp\/v2\/categories?post=9806"},{"taxonomy":"post_tag","embeddable":true,"href":"http:\/\/www.affinite.fr\/index.php\/wp-json\/wp\/v2\/tags?post=9806"}],"curies":[{"name":"wp","href":"https:\/\/api.w.org\/{rel}","templated":true}]}}