{"id":9789,"date":"2023-12-01T22:36:39","date_gmt":"2023-12-01T22:36:39","guid":{"rendered":"https:\/\/www.affinite.fr\/index.php\/2023\/12\/01\/ce-detail-physique-qui-va-lui-faire-gagner-des-voix-a-miss-france-2024\/"},"modified":"2023-12-01T22:36:39","modified_gmt":"2023-12-01T22:36:39","slug":"ce-detail-physique-qui-va-lui-faire-gagner-des-voix-a-miss-france-2024","status":"publish","type":"post","link":"http:\/\/www.affinite.fr\/index.php\/2023\/12\/01\/ce-detail-physique-qui-va-lui-faire-gagner-des-voix-a-miss-france-2024\/","title":{"rendered":"ce d\u00e9tail physique qui va lui faire gagner des voix \u00e0 Miss France 2024"},"content":{"rendered":"<p> [ad_1]<br \/>\n<br \/><img decoding=\"async\" src=\"https:\/\/img-3.journaldesfemmes.fr\/BuoIsK6q2MPXCsuvCwxGmtdor-4=\/1280x\/smart\/9cf5f67e2de843838cd2aed0ba08493e\/ccmcms-jdf\/39928742.jpg\" \/><\/p>\n<p>\n                Le 16\u00a0d\u00e9cembre, on saura enfin le nom de la Miss France 2024. Alors que 30\u00a0candidates sont en lice, une en particulier se d\u00e9marque des autres\u00a0: Miss Nord-Pas-de-Calais. La future laur\u00e9ate du concours\u00a0?            <\/p>\n<div>\n<p>Les candidates \u00e0 <a href=\"https:\/\/www.journaldesfemmes.fr\/people\/rendez-vous\/2586346-miss-france-2024-jury-complet-infos\/\" title=\"C\u00e9r\u00e9monie de Miss France\">Miss France<\/a> 2024 ont effectu\u00e9 un beau voyage de pr\u00e9paration en Guyane au cours duquel elles ont v\u00e9cu des aventures en for\u00eat, ont appris \u00e0 d\u00e9filer mais ont \u00e9galement pass\u00e9 le <a href=\"https:\/\/www.journaldesfemmes.fr\/people\/actus\/3145990-test-culture-generale-miss-france-2024-niveau-difficile\/\" target=\"_blank\" rel=\"noopener\">redout\u00e9 test de culture g\u00e9n\u00e9rale<\/a>, tr\u00e8s dur cette ann\u00e9e ; et <a href=\"https:\/\/www.journaldesfemmes.fr\/people\/personnalites\/2946773-adeline-vetter-miss-alsace-meilleur-resultat-test-culture-generale-miss-france-2024\/\" target=\"_blank\" rel=\"noopener\">remport\u00e9 par Miss Alsace<\/a>.<\/p>\n<p>Parmi les reines de beaut\u00e9, une sort du lot :\u00a0<strong>Miss Nord-Pas-de-Calais<\/strong>.\u00a0L&rsquo;heureuse \u00e9lue de la r\u00e9gion\u00a0se nomme <strong>Eve Gilles<\/strong> et est <strong>\u00e2g\u00e9e de 20 ans.<\/strong> Elle a \u00e9t\u00e9 sacr\u00e9e le 14 octobre \u00e0\u00a0l&rsquo;Arena de Li\u00e9vin et tentera de succ\u00e9der \u00e0 <a href=\"https:\/\/www.journaldesfemmes.fr\/people\/personnalites\/2867427-indira-ampiotmiss-france-age-infos\/\" title=\"Indira Ampiot\">Indira Ampiot<\/a> et\u00a0remporter le titre de Miss France 2024 ce 16 d\u00e9cembre \u00e0 Dijon.<\/p>\n<h2>Miss Nord-Pas-de-Calais 2023 : cette diff\u00e9rence physique qui peut tout changer<\/h2>\n<p>Eve Gilles, qui vient du Nord mais dont la maman est d&rsquo;origine r\u00e9unionnaise. va certainement faire tourner des t\u00eates cette ann\u00e9e.\u00a0Il faut dire qu&rsquo;elle <strong>se d\u00e9marque facilement des autres pr\u00e9tendantes gr\u00e2ce \u00e0 sa <a href=\"https:\/\/www.journaldesfemmes.fr\/beaute\/conseils-cheveux\/2633125-coupe-garconne-femme-coupe-courte\/\" title=\"Coupe gar\u00e7onne\">coupe \u00e0 la gar\u00e7onne<\/a><\/strong> que l&rsquo;on a tr\u00e8s rarement l&rsquo;habitude de voir dans le monde des concours de beaut\u00e9. D&rsquo;ailleurs, interrog\u00e9e par TF1 qui dresse son portrait, elle a d\u00e9clar\u00e9 vouloir\u00a0\u00ab\u00a0<em><strong>casser les codes<\/strong><\/em>\u00a0\u00bb en participant \u00e0 Miss France.<\/p>\n<p>\u00ab\u00a0<strong><em>J&rsquo;ai envie d&rsquo;apporter quelque chose de nouveau<\/em><\/strong>\u00ab\u00a0, a confi\u00e9 la ravissante jeune femme,\u00a0originaire de Qua\u00ebdypre, dans les Flandres, \u00e0 <em>TV Mag<\/em>. Il faut dire que sa coupe \u00e0 la gar\u00e7onne lui donne d\u00e9j\u00e0 une vraie particularit\u00e9, puisque rares sont les candidates qui n&rsquo;arborent pas une longue chevelure. \u00ab\u00a0<em><strong>J&rsquo;ai d\u00e9cid\u00e9 de me couper les cheveux sur un coup de t\u00eate<\/strong>.\u00a0Cela faisait sortir quelque chose de moi, <strong>\u00e7a me changeait et me fait para\u00eetre davantage comme une femme forte<\/strong>. C&rsquo;est ce que j&rsquo;ai envie de montrer<\/em>\u00ab\u00a0, a\u00a0expliqu\u00e9 celle qui est \u00e9galement passionn\u00e9e de danse et d&rsquo;\u00e9quitation.<\/p>\n<p>Et elle a \u00e9galement la t\u00eate bien pleine.\u00a0Cette <strong>\u00e9tudiante en deuxi\u00e8me ann\u00e9e licence MIASHS<\/strong> (Math\u00e9matiques et Informatique Appliqu\u00e9es aux Sciences Humaines et sociales) souhaite <strong>devenir statisticienne<\/strong>. Rien que \u00e7a\u00a0!<\/p>\n<h2>Eve Gilles a failli \u00eatre recal\u00e9e de Miss France !<\/h2>\n<p>Pourtant, Eve Gilles a bien failli ne jamais pouvoir se pr\u00e9senter au concours ! La candidate mesure \u00e0 peine <strong>un demi-centim\u00e8tre de moins que le 1,70m r\u00e9glementaire<\/strong>, indique <em>La Voix du Nord<\/em>. Mais finalement, apr\u00e8s avoir \u00e9t\u00e9 mesur\u00e9e une seconde fois, il semblerait que la nordiste soit rentr\u00e9e dans les clous (gr\u00e2ce \u00e0 de nombreux \u00e9tirements).\u00a0Ouf !<\/p>\n<p>\u00ab\u00a0<em>Certains voient ce genre de concours comme <strong>d\u00e9gradants pour le f\u00e9minisme<\/strong>\u00a0: je ne suis pas d&rsquo;accord. Ces concours <strong>mettent les femmes en valeur<\/strong>, et pas juste pour leur beaut\u00e9<\/em>\u00ab\u00a0, a-t-elle d\u00e9clar\u00e9 apr\u00e8s sa victoire. Gageons qu&rsquo;Eve Gilles ne passera pas inaper\u00e7ue parmi les trente candidates du concours Miss France.<\/p>\n<p>Rendez-vous le 16 d\u00e9cembre, depuis Dijon, pour savoir si elle d\u00e9croche la couronne !<\/p>\n<\/p><\/div>\n<p>[ad_2]<br \/>\n<br \/><a href=\"https:\/\/www.journaldesfemmes.fr\/people\/personnalites\/2955127-eve-gilles-miss-nord-pas-de-calais-2023-miss-france-detail-phyique\/\">Source link <\/a><\/p>\n","protected":false},"excerpt":{"rendered":"<p>[ad_1] Le 16\u00a0d\u00e9cembre, on saura enfin le nom de la Miss France 2024. Alors que 30\u00a0candidates sont en lice, une &hellip; <a href=\"http:\/\/www.affinite.fr\/index.php\/2023\/12\/01\/ce-detail-physique-qui-va-lui-faire-gagner-des-voix-a-miss-france-2024\/\" class=\"more-link\">Plus <span class=\"screen-reader-text\">ce d\u00e9tail physique qui va lui faire gagner des voix \u00e0 Miss France 2024<\/span> <span class=\"meta-nav\">&rarr;<\/span><\/a><\/p>\n","protected":false},"author":1,"featured_media":9790,"comment_status":"","ping_status":"open","sticky":false,"template":"","format":"standard","meta":{"_sitemap_exclude":false,"_sitemap_priority":"","_sitemap_frequency":"","footnotes":""},"categories":[1],"tags":[],"class_list":["post-9789","post","type-post","status-publish","format-standard","has-post-thumbnail","hentry","category-tous"],"_links":{"self":[{"href":"http:\/\/www.affinite.fr\/index.php\/wp-json\/wp\/v2\/posts\/9789"}],"collection":[{"href":"http:\/\/www.affinite.fr\/index.php\/wp-json\/wp\/v2\/posts"}],"about":[{"href":"http:\/\/www.affinite.fr\/index.php\/wp-json\/wp\/v2\/types\/post"}],"author":[{"embeddable":true,"href":"http:\/\/www.affinite.fr\/index.php\/wp-json\/wp\/v2\/users\/1"}],"replies":[{"embeddable":true,"href":"http:\/\/www.affinite.fr\/index.php\/wp-json\/wp\/v2\/comments?post=9789"}],"version-history":[{"count":0,"href":"http:\/\/www.affinite.fr\/index.php\/wp-json\/wp\/v2\/posts\/9789\/revisions"}],"wp:featuredmedia":[{"embeddable":true,"href":"http:\/\/www.affinite.fr\/index.php\/wp-json\/wp\/v2\/media\/9790"}],"wp:attachment":[{"href":"http:\/\/www.affinite.fr\/index.php\/wp-json\/wp\/v2\/media?parent=9789"}],"wp:term":[{"taxonomy":"category","embeddable":true,"href":"http:\/\/www.affinite.fr\/index.php\/wp-json\/wp\/v2\/categories?post=9789"},{"taxonomy":"post_tag","embeddable":true,"href":"http:\/\/www.affinite.fr\/index.php\/wp-json\/wp\/v2\/tags?post=9789"}],"curies":[{"name":"wp","href":"https:\/\/api.w.org\/{rel}","templated":true}]}}