{"id":9779,"date":"2023-11-27T22:30:36","date_gmt":"2023-11-27T22:30:36","guid":{"rendered":"https:\/\/www.affinite.fr\/index.php\/2023\/11\/27\/cette-ville-va-faire-un-carton-cet-hiver\/"},"modified":"2023-11-27T22:30:36","modified_gmt":"2023-11-27T22:30:36","slug":"cette-ville-va-faire-un-carton-cet-hiver","status":"publish","type":"post","link":"http:\/\/www.affinite.fr\/index.php\/2023\/11\/27\/cette-ville-va-faire-un-carton-cet-hiver\/","title":{"rendered":"Cette ville va faire un carton cet hiver"},"content":{"rendered":"<p> [ad_1]<br \/>\n<br \/><img decoding=\"async\" src=\"https:\/\/img-3.journaldesfemmes.fr\/QgdbS6rU1dDgwNQ_WHkXU1_9qQA=\/1280x\/smart\/73e2933b20b24c50880d187687116fe9\/ccmcms-jdf\/39926650.jpg\" \/><\/p>\n<p>\n                Cet hiver, plusieurs villes fran\u00e7aises vont faire parler d&rsquo;elles. Mais une en particulier tire son \u00e9pingle du jeu \u00e0 en croire les analyses de Airbnb. Si on met de c\u00f4t\u00e9 les stations de ski, les Fran\u00e7ais cherchent majoritairement \u00e0 visiter cette petite ville class\u00e9e au patrimoine mondial de l&rsquo;UNESCO.            <\/p>\n<div>\n<p>Les locations\u00a0de vacances, pour des s\u00e9jours plus ou moins longs, ont le vent en poupe ces derni\u00e8res ann\u00e9es malgr\u00e9 de plus en plus de restrictions men\u00e9es par les villes et les \u00e9lus. C&rsquo;est pratique et souvent un peu\u00a0moins cher que l&rsquo;h\u00f4tel o\u00f9 il faut payer en plus ses repas au restaurant&#8230; Le g\u00e9ant de la location entre particuliers,\u00a0Airbnb, vient de d\u00e9voiler les r\u00e9sultats d&rsquo;une \u00e9tude dans laquelle on d\u00e9couvre <strong>quelles villes fran\u00e7aises feront le bonheur de l&rsquo;industrie du tourisme cet hiver<\/strong>.<\/p>\n<p>Et la laur\u00e9ate, tr\u00e8s inattendue, est&#8230;\u00a0<\/p>\n<h2>Les stations de ski ont toujours le vent en poupe&#8230;<\/h2>\n<p>Le contraire serait \u00e9tonnant\u00a0: les vacances \u00e0 la neige ont toujours la c\u00f4te aupr\u00e8s des Fran\u00e7ais, du moins les plus ais\u00e9s puisque l&rsquo;inflation est pass\u00e9e par l\u00e0 et pour beaucoup de foyers, il faut faire des sacrifices&#8230; La SNCF a mis en vente la semaine derni\u00e8re les billets pour les vacances scolaires de f\u00e9vrier et tout est parti en quelques minutes.<\/p>\n<p>Airbnb a d\u00e9voil\u00e9 sa m\u00e9thode de calcul pour tirer des enseignements sur les destinations phares de l&rsquo;hiver.\u00a0Des chiffres calcul\u00e9s sur la base des recherches effectu\u00e9es du 1er janvier au 15\u00a0septembre 2023, pour <strong>des dates d&rsquo;arriv\u00e9es comprises entre le 1er novembre et le 31\u00a0d\u00e9cembre 2023\u00a0en France<\/strong>, par rapport \u00e0 la m\u00eame p\u00e9riode en 2022.<\/p>\n<p>La r\u00e9gion Auvergne-Rh\u00f4ne-Alpes fait carton plein. Rien de surprenant donc que la ville qui arrive en t\u00eate des recherches soit\u00a0<strong>La Plagne Tarentaise.<\/strong> Elle fait partie du domaine Paradiski, l&rsquo;un des plus grands domaines skiables du monde. <strong>Dans le reste de ce top 10, on trouve d&rsquo;autres villes \u00e0 la montagne comme Annemasse (en 3e position),\u00a0Montvalezan (6e place) ou encore\u00a0Valmeinier (8e) et\u00a0Tignes (9e)&#8230;<\/strong><\/p>\n<h2>Quelle\u00a0petite ville fran\u00e7aise sera LA destination de cet hiver\u00a0?<\/h2>\n<p>Vous pensez peut-\u00eatre \u00e0 une ville du Sud, pour son climat doux ou \u00e0 une commune avec un \u00e9v\u00e9nement particulier type carnaval comme \u00e0 Dunkerque\u2026 et bien, ce n&rsquo;est pas \u00e7a. Selon le reste du classement, la ville qui tire son \u00e9pingle du jeu et n&rsquo;est pas situ\u00e9e sur un domaine skiable est\u00a0<strong>Villefranche-sur-Sa\u00f4ne<\/strong>.\u00a0<\/p>\n<p>A lire aussi<\/p>\n<p>Elle se trouve <strong>pr\u00e8s de la tr\u00e8s anim\u00e9e ville de Lyon<\/strong>. <strong>Capitale du Beaujolais, cette petite ville d&rsquo;environ 40 000 habitants\u00a0a \u00e9t\u00e9 class\u00e9e au patrimoine mondial de l&rsquo;UNESCO<\/strong>. \u00ab\u00a0<em>Villefranche est le parfait compromis entre une escapade urbaine et une retraite \u00e0 la campagne<\/em>\u00ab\u00a0, peut-on lire dans le communiqu\u00e9 du site.<\/p>\n<p>On y visite quoi ? La Place des Marais, l&rsquo;ancienne abbaye du Joug-Dieu, l&rsquo;\u00e9glise Notre-Dame ou encore la Maison du Patrimoine.<\/p>\n<\/p><\/div>\n<p>[ad_2]<br \/>\n<br \/><a href=\"https:\/\/www.journaldesfemmes.fr\/societe\/actu\/3145094-quelle-ville-a-visiter-en-france-cet-hiver\/\">Source link <\/a><\/p>\n","protected":false},"excerpt":{"rendered":"<p>[ad_1] Cet hiver, plusieurs villes fran\u00e7aises vont faire parler d&rsquo;elles. Mais une en particulier tire son \u00e9pingle du jeu \u00e0 &hellip; <a href=\"http:\/\/www.affinite.fr\/index.php\/2023\/11\/27\/cette-ville-va-faire-un-carton-cet-hiver\/\" class=\"more-link\">Plus <span class=\"screen-reader-text\">Cette ville va faire un carton cet hiver<\/span> <span class=\"meta-nav\">&rarr;<\/span><\/a><\/p>\n","protected":false},"author":1,"featured_media":9780,"comment_status":"","ping_status":"open","sticky":false,"template":"","format":"standard","meta":{"_sitemap_exclude":false,"_sitemap_priority":"","_sitemap_frequency":"","footnotes":""},"categories":[1],"tags":[],"class_list":["post-9779","post","type-post","status-publish","format-standard","has-post-thumbnail","hentry","category-tous"],"_links":{"self":[{"href":"http:\/\/www.affinite.fr\/index.php\/wp-json\/wp\/v2\/posts\/9779"}],"collection":[{"href":"http:\/\/www.affinite.fr\/index.php\/wp-json\/wp\/v2\/posts"}],"about":[{"href":"http:\/\/www.affinite.fr\/index.php\/wp-json\/wp\/v2\/types\/post"}],"author":[{"embeddable":true,"href":"http:\/\/www.affinite.fr\/index.php\/wp-json\/wp\/v2\/users\/1"}],"replies":[{"embeddable":true,"href":"http:\/\/www.affinite.fr\/index.php\/wp-json\/wp\/v2\/comments?post=9779"}],"version-history":[{"count":0,"href":"http:\/\/www.affinite.fr\/index.php\/wp-json\/wp\/v2\/posts\/9779\/revisions"}],"wp:featuredmedia":[{"embeddable":true,"href":"http:\/\/www.affinite.fr\/index.php\/wp-json\/wp\/v2\/media\/9780"}],"wp:attachment":[{"href":"http:\/\/www.affinite.fr\/index.php\/wp-json\/wp\/v2\/media?parent=9779"}],"wp:term":[{"taxonomy":"category","embeddable":true,"href":"http:\/\/www.affinite.fr\/index.php\/wp-json\/wp\/v2\/categories?post=9779"},{"taxonomy":"post_tag","embeddable":true,"href":"http:\/\/www.affinite.fr\/index.php\/wp-json\/wp\/v2\/tags?post=9779"}],"curies":[{"name":"wp","href":"https:\/\/api.w.org\/{rel}","templated":true}]}}