{"id":9769,"date":"2023-11-24T22:25:14","date_gmt":"2023-11-24T22:25:14","guid":{"rendered":"https:\/\/www.affinite.fr\/index.php\/2023\/11\/24\/les-feuilles-mortes-sont-en-retard-alors-il-faudra-faire-doublement-attention-a-votre-jardin-cet-hiver\/"},"modified":"2023-11-24T22:25:14","modified_gmt":"2023-11-24T22:25:14","slug":"les-feuilles-mortes-sont-en-retard-alors-il-faudra-faire-doublement-attention-a-votre-jardin-cet-hiver","status":"publish","type":"post","link":"http:\/\/www.affinite.fr\/index.php\/2023\/11\/24\/les-feuilles-mortes-sont-en-retard-alors-il-faudra-faire-doublement-attention-a-votre-jardin-cet-hiver\/","title":{"rendered":"Les feuilles mortes sont en retard, alors il faudra faire doublement attention \u00e0 votre jardin cet hiver"},"content":{"rendered":"<p> [ad_1]<br \/>\n<br \/><img decoding=\"async\" src=\"https:\/\/img-3.journaldesfemmes.fr\/Du8gXkTbXhqkhaU76F8GxL2_Ai8=\/1280x\/smart\/a9e06fc6692d4cca94f950c7a0da112e\/ccmcms-jdf\/39925352.jpg\" \/><\/p>\n<p>\n                Alors que novembre touche \u00e0 sa fin, une menace inattendue plane\u00a0: des arbres, toujours drap\u00e9s de feuilles, risquent de succomber sous les assauts de l&rsquo;hiver, t\u00e9moins fragiles d&rsquo;un automne boulevers\u00e9 par le changement climatique.            <\/p>\n<div>\n<p>La fin de l&rsquo;ann\u00e9e 2023 est marqu\u00e9e par un ph\u00e9nom\u00e8ne naturel singulier\u00a0: la chute tardive des feuilles des <a href=\"https:\/\/www.journaldesfemmes.fr\/jardin\/encyclopedie-des-plantes\/2562252-arbres\/\" title=\"Arbre\">arbres<\/a>. Habituellement, les arbres se d\u00e9nudent de leurs feuilles en automne, une p\u00e9riode caract\u00e9ris\u00e9e par des temp\u00e9ratures plus fra\u00eeches et des jours raccourcissant. Cette ann\u00e9e, cependant, les feuilles sont rest\u00e9es accroch\u00e9es aux branches bien plus longtemps, suscitant la curiosit\u00e9 et l&rsquo;\u00e9tonnement.<\/p>\n<p>Ce d\u00e9calage s&rsquo;explique principalement par l&rsquo;impact du changement climatique et des conditions m\u00e9t\u00e9orologiques exceptionnelles. L&rsquo;\u00e9t\u00e9 2023\u00a0a \u00e9t\u00e9 particuli\u00e8rement \u00e9prouvant pour la v\u00e9g\u00e9tation, avec des canicules et une <a href=\"https:\/\/www.journaldesfemmes.fr\/jardin\/conseils-jardinage\/2824989-secheresse-2023\/\" title=\"Manque d'eau\">s\u00e9cheresse<\/a> record. Ces conditions extr\u00eames ont contraint les arbres \u00e0 adopter des strat\u00e9gies de survie, notamment en laissant tomber une partie de leurs feuilles pr\u00e9matur\u00e9ment pour \u00e9conomiser de l&rsquo;eau et des ressources.<\/p>\n<p>Cependant, les mois de septembre et d&rsquo;octobre ont connu des temp\u00e9ratures anormalement \u00e9lev\u00e9es, ce qui a prolong\u00e9 la saison de croissance des arbres. En temps normal, la baisse des temp\u00e9ratures et le raccourcissement des jours signalent aux arbres qu&rsquo;il est temps de se pr\u00e9parer pour l&rsquo;hiver en se d\u00e9barrassant de leurs feuilles. Mais cette ann\u00e9e, ces signaux ont \u00e9t\u00e9 retard\u00e9s en raison de la chaleur persistante.<\/p>\n<p>De plus, la pluie abondante qui a suivi l&rsquo;\u00e9t\u00e9 sec a fourni un soulagement et des ressources suppl\u00e9mentaires aux arbres, leur permettant de prolonger la photosynth\u00e8se et de garder leurs feuilles plus longtemps. La photosynth\u00e8se, processus par lequel les feuilles transforment la lumi\u00e8re du soleil en \u00e9nergie, est cruciale pour la croissance et la sant\u00e9 des arbres. La pr\u00e9sence prolong\u00e9e de feuilles vertes indique une saison de croissance \u00e9tendue, permettant aux arbres de compenser en partie les pertes subies pendant l&rsquo;\u00e9t\u00e9.<\/p>\n<h3>A lire aussi\u00a0<\/h3>\n<p>Mais\u00a0cette chute tardive des feuilles n&rsquo;est pas sans cons\u00e9quences. D&rsquo;une part, elle t\u00e9moigne de bouleversements dans les cycles naturels des plantes, refl\u00e9tant une adaptation au changement climatique. D&rsquo;autre part, elle entra\u00eene une fragilisation des arbres. Lorsque les feuilles tombent normalement, elles lib\u00e8rent des nutriments essentiels comme des sucres et de l&rsquo;azote, qui sont r\u00e9absorb\u00e9s par l&rsquo;arbre. Avec la chute tardive des feuilles, ce processus peut \u00eatre perturb\u00e9, privant ainsi l&rsquo;arbre de ressources importantes pour survivre \u00e0 l&rsquo;hiver. Enfin,\u00a0les arbres qui conservent leur feuillage en hiver sont plus susceptibles d&rsquo;\u00eatre endommag\u00e9s par les temp\u00eates et les fortes rafales de vent, car les feuilles augmentent la prise au vent. Donc prudence au jardin et dans les parcs, surtout lorsque le mauvais temps se l\u00e8ve !<\/p>\n<\/p><\/div>\n<p>[ad_2]<br \/>\n<br \/><a href=\"https:\/\/www.journaldesfemmes.fr\/jardin\/jardinage\/3145120-feuilles-tardives\/\">Source link <\/a><\/p>\n","protected":false},"excerpt":{"rendered":"<p>[ad_1] Alors que novembre touche \u00e0 sa fin, une menace inattendue plane\u00a0: des arbres, toujours drap\u00e9s de feuilles, risquent de &hellip; <a href=\"http:\/\/www.affinite.fr\/index.php\/2023\/11\/24\/les-feuilles-mortes-sont-en-retard-alors-il-faudra-faire-doublement-attention-a-votre-jardin-cet-hiver\/\" class=\"more-link\">Plus <span class=\"screen-reader-text\">Les feuilles mortes sont en retard, alors il faudra faire doublement attention \u00e0 votre jardin cet hiver<\/span> <span class=\"meta-nav\">&rarr;<\/span><\/a><\/p>\n","protected":false},"author":1,"featured_media":9770,"comment_status":"","ping_status":"open","sticky":false,"template":"","format":"standard","meta":{"_sitemap_exclude":false,"_sitemap_priority":"","_sitemap_frequency":"","footnotes":""},"categories":[1],"tags":[],"class_list":["post-9769","post","type-post","status-publish","format-standard","has-post-thumbnail","hentry","category-tous"],"_links":{"self":[{"href":"http:\/\/www.affinite.fr\/index.php\/wp-json\/wp\/v2\/posts\/9769"}],"collection":[{"href":"http:\/\/www.affinite.fr\/index.php\/wp-json\/wp\/v2\/posts"}],"about":[{"href":"http:\/\/www.affinite.fr\/index.php\/wp-json\/wp\/v2\/types\/post"}],"author":[{"embeddable":true,"href":"http:\/\/www.affinite.fr\/index.php\/wp-json\/wp\/v2\/users\/1"}],"replies":[{"embeddable":true,"href":"http:\/\/www.affinite.fr\/index.php\/wp-json\/wp\/v2\/comments?post=9769"}],"version-history":[{"count":0,"href":"http:\/\/www.affinite.fr\/index.php\/wp-json\/wp\/v2\/posts\/9769\/revisions"}],"wp:featuredmedia":[{"embeddable":true,"href":"http:\/\/www.affinite.fr\/index.php\/wp-json\/wp\/v2\/media\/9770"}],"wp:attachment":[{"href":"http:\/\/www.affinite.fr\/index.php\/wp-json\/wp\/v2\/media?parent=9769"}],"wp:term":[{"taxonomy":"category","embeddable":true,"href":"http:\/\/www.affinite.fr\/index.php\/wp-json\/wp\/v2\/categories?post=9769"},{"taxonomy":"post_tag","embeddable":true,"href":"http:\/\/www.affinite.fr\/index.php\/wp-json\/wp\/v2\/tags?post=9769"}],"curies":[{"name":"wp","href":"https:\/\/api.w.org\/{rel}","templated":true}]}}