{"id":9765,"date":"2023-11-22T22:21:33","date_gmt":"2023-11-22T22:21:33","guid":{"rendered":"https:\/\/www.affinite.fr\/index.php\/2023\/11\/22\/cette-candidate-a-perdu-pourtant-tout-le-monde-ne-parle-que-delle\/"},"modified":"2023-11-22T22:21:33","modified_gmt":"2023-11-22T22:21:33","slug":"cette-candidate-a-perdu-pourtant-tout-le-monde-ne-parle-que-delle","status":"publish","type":"post","link":"http:\/\/www.affinite.fr\/index.php\/2023\/11\/22\/cette-candidate-a-perdu-pourtant-tout-le-monde-ne-parle-que-delle\/","title":{"rendered":"Cette candidate a perdu pourtant tout le monde ne parle que d&rsquo;elle\u00a0!"},"content":{"rendered":"<p> [ad_1]<br \/>\n<br \/><img decoding=\"async\" src=\"https:\/\/img-3.journaldesfemmes.fr\/R_6C42rqzFWJ_JlBSF0KcrFkxEE=\/1280x\/smart\/d293ee5af37e4765b0126f7bec75b76c\/ccmcms-jdf\/39925279.jpg\" \/><\/p>\n<p>\n                Alors que c&rsquo;est la Miss Nicaragua, Sheynnis Palacios, qui a remport\u00e9 le titre de Miss Univers 2023, une autre candidate est, presque, en train de lui voler la vedette. Laquelle et pourquoi\u00a0?            <\/p>\n<div>\n<p>Ces derniers jours, le monde des reines de beaut\u00e9 \u00e9tait en \u00e9bullition \u00e0 cause du concours de <a href=\"https:\/\/www.journaldesfemmes.fr\/people\/rendez-vous\/2712839-miss-univers-2024-diane-leyre-classement-et-gagnante\/\" title=\"Miss Univers\">Miss Univers<\/a> 2023.\u00a0La candidate fran\u00e7aise, Diane Leyre,\u00a0n&rsquo;est m\u00eame pas arriv\u00e9e dans les 20\u00a0premi\u00e8res. Cela a \u00e9t\u00e9 une vraie d\u00e9ception pour la <a href=\"https:\/\/www.journaldesfemmes.fr\/people\/rendez-vous\/2586346-miss-france-2024-date-lieu-candidate-nouvelles-infos\/\" title=\"C\u00e9r\u00e9monie de Miss France\">Miss France<\/a> et ses soutiens&#8230;<\/p>\n<p>En revanche, <strong>bien que perdante elle aussi, Miss N\u00e9pal semble avoir tout gagn\u00e9 car depuis quelques heures, la Toile ne parle plus que d&rsquo;elle, faisant presque de l&rsquo;ombre \u00e0 la laur\u00e9ate<\/strong>,\u00a0Sheynnis Palacios&#8230;<\/p>\n<h2>Une candidate <em>plus size<\/em> sur sc\u00e8ne : la seule du concours<\/h2>\n<p>Cette ann\u00e9e, une candidate avec des formes (des vraies de vraies), jamais vues dans ce type de concours, participait \u00e0 l&rsquo;\u00e9lection suivie dans le monde entier. C&rsquo;est une premi\u00e8re. <strong>Ovationn\u00e9e par le public au moment de son passage<\/strong>, Miss N\u00e9pal, alias\u00a0<strong>Jane Dipika Garrett<\/strong>, a marqu\u00e9 les esprits et depuis on ne parle que d&rsquo;elle sur les r\u00e9seaux sociaux et dans les m\u00e9dias.\u00a0<b>La reine de beaut\u00e9 \u00e9tait la seule candidate <em>plus size<\/em> du concours.<\/b><\/p>\n<p>Si la jeune femme, <strong>infirmi\u00e8re de profession \u00e2g\u00e9e de 23\u00a0ans<\/strong> a tent\u00e9 l&rsquo;aventure, c&rsquo;est justement pour casser les codes et pr\u00f4ner le<em> <a href=\"https:\/\/www.journaldesfemmes.fr\/societe\/guide-pratique\/2705943-body-positive\/\" title=\"Body positivisme\">body positive<\/a><\/em>. \u00ab\u00a0<em>Je me bats pour une cause, je repr\u00e9sente tellement de femmes dans le monde. <strong>Je veux montrer qu&rsquo;il n&rsquo;existe pas qu&rsquo;un seul type de beaut\u00e9. La taille z\u00e9ro n&rsquo;est pas un standard de beaut\u00e9, 80% des femmes ne sont pas comme \u00e7a\u00a0\u00bb,<\/strong><\/em> a-t-elle expliqu\u00e9 au YouTubeur Luis Portelles.<em> <\/em><\/p>\n<p>\u00ab\u00a0<em>Magnifique et s\u00fbr d&rsquo;elle \u00e0 100%<\/em>\u00a0\u00bb ; \u00ab\u00a0<em>Elle est en feu et incroyable<\/em>\u00a0\u00bb ; \u00ab\u00a0<em>Bien mieux que les squelettes habituelles<\/em>\u00a0\u00bb ou encore \u00ab\u00a0<em>Elle est belle, elle a un beau corps, dommage y&rsquo;a pas des corps comme elle a Miss Univers,\u00a0les meufs rondes peuvent aussi d\u00e9filer<\/em>\u00ab\u00a0, peut-on lire sur Twitter. On vous \u00e9pargne les commentaires odieux sur ses kilos en trop&#8230;.<\/p>\n<h2>Miss N\u00e9pal ne pla\u00eet pas \u00e0 Sylvie Tellier&#8230;<\/h2>\n<p>Tout le monde ne parle que d&rsquo;elle et m\u00eame\u00a0l&rsquo;ancienne directrice du comit\u00e9 Miss France, <a href=\"https:\/\/www.journaldesfemmes.fr\/people\/personnalites\/2819565-sylvie-tellier-age-mari-enfants-vie-privee\/\" title=\"Miss France 2002\">Sylvie Tellier<\/a>.\u00a0Si beaucoup sont heureux de la participation de Jane Dipika Garrett au concours, ce n&rsquo;est pas le cas de la m\u00e8re d&rsquo;Oscar, Margaux et Rom\u00e9o, laquelle\u00a0commentait le programme sur Paris Premi\u00e8re et n&rsquo;a pas h\u00e9sit\u00e9 \u00e0 dire qu&rsquo;elle trouvait <strong>Miss N\u00e9pal \u00ab\u00a0<em>pas gracieuse<\/em>\u00a0\u00bb <\/strong>et qu&rsquo;elle <strong>\u00ab\u00a0<em>n&rsquo;\u00e9tait pas pour la discrimination positive<\/em>\u00ab\u00a0.<\/strong><\/p>\n<p>Tout de suite, la future pr\u00e9sidente du jury de Miss France 2024\u00a0a \u00e9t\u00e9 <strong>catalogu\u00e9e comme grossophobe<\/strong>. Attaqu\u00e9e, elle s&rsquo;est d\u00e9fendue sur son compte Instagram. \u00ab\u00a0<em>Je ne trouvais pas Miss N\u00e9pal t\u00e9l\u00e9g\u00e9nique et ses formes n&rsquo;ont rien \u00e0 voir l\u00e0-dedans<\/em>\u00ab\u00a0. En tout cas, l&rsquo;aspirante au titre d\u00e9chue a remport\u00e9 une victoire\u00a0: celle de la notori\u00e9t\u00e9.<\/p>\n<\/p><\/div>\n<p>[ad_2]<br \/>\n<br \/><a href=\"https:\/\/www.journaldesfemmes.fr\/people\/actus\/3144990-miss-univers-2023-candidate-du-nepal-buzz\/\">Source link <\/a><\/p>\n","protected":false},"excerpt":{"rendered":"<p>[ad_1] Alors que c&rsquo;est la Miss Nicaragua, Sheynnis Palacios, qui a remport\u00e9 le titre de Miss Univers 2023, une autre &hellip; <a href=\"http:\/\/www.affinite.fr\/index.php\/2023\/11\/22\/cette-candidate-a-perdu-pourtant-tout-le-monde-ne-parle-que-delle\/\" class=\"more-link\">Plus <span class=\"screen-reader-text\">Cette candidate a perdu pourtant tout le monde ne parle que d&rsquo;elle\u00a0!<\/span> <span class=\"meta-nav\">&rarr;<\/span><\/a><\/p>\n","protected":false},"author":1,"featured_media":9766,"comment_status":"","ping_status":"open","sticky":false,"template":"","format":"standard","meta":{"_sitemap_exclude":false,"_sitemap_priority":"","_sitemap_frequency":"","footnotes":""},"categories":[1],"tags":[],"class_list":["post-9765","post","type-post","status-publish","format-standard","has-post-thumbnail","hentry","category-tous"],"_links":{"self":[{"href":"http:\/\/www.affinite.fr\/index.php\/wp-json\/wp\/v2\/posts\/9765"}],"collection":[{"href":"http:\/\/www.affinite.fr\/index.php\/wp-json\/wp\/v2\/posts"}],"about":[{"href":"http:\/\/www.affinite.fr\/index.php\/wp-json\/wp\/v2\/types\/post"}],"author":[{"embeddable":true,"href":"http:\/\/www.affinite.fr\/index.php\/wp-json\/wp\/v2\/users\/1"}],"replies":[{"embeddable":true,"href":"http:\/\/www.affinite.fr\/index.php\/wp-json\/wp\/v2\/comments?post=9765"}],"version-history":[{"count":0,"href":"http:\/\/www.affinite.fr\/index.php\/wp-json\/wp\/v2\/posts\/9765\/revisions"}],"wp:featuredmedia":[{"embeddable":true,"href":"http:\/\/www.affinite.fr\/index.php\/wp-json\/wp\/v2\/media\/9766"}],"wp:attachment":[{"href":"http:\/\/www.affinite.fr\/index.php\/wp-json\/wp\/v2\/media?parent=9765"}],"wp:term":[{"taxonomy":"category","embeddable":true,"href":"http:\/\/www.affinite.fr\/index.php\/wp-json\/wp\/v2\/categories?post=9765"},{"taxonomy":"post_tag","embeddable":true,"href":"http:\/\/www.affinite.fr\/index.php\/wp-json\/wp\/v2\/tags?post=9765"}],"curies":[{"name":"wp","href":"https:\/\/api.w.org\/{rel}","templated":true}]}}