{"id":9761,"date":"2023-11-21T22:19:02","date_gmt":"2023-11-21T22:19:02","guid":{"rendered":"https:\/\/www.affinite.fr\/index.php\/2023\/11\/21\/mariages-fous-enfants-armes-alcool-fille-agressee-tout-savoir-sur-le-chanteur\/"},"modified":"2023-11-21T22:19:02","modified_gmt":"2023-11-21T22:19:02","slug":"mariages-fous-enfants-armes-alcool-fille-agressee-tout-savoir-sur-le-chanteur","status":"publish","type":"post","link":"http:\/\/www.affinite.fr\/index.php\/2023\/11\/21\/mariages-fous-enfants-armes-alcool-fille-agressee-tout-savoir-sur-le-chanteur\/","title":{"rendered":"Mariages fous, enfants, armes, alcool, fille agress\u00e9e&#8230; Tout savoir sur le chanteur"},"content":{"rendered":"<p> [ad_1]<br \/>\n<br \/><img decoding=\"async\" src=\"https:\/\/img-3.journaldesfemmes.fr\/WfzA9ziCw-orlb9A39TvQPrLAd0=\/1280x\/smart\/968fc63fff8e40008d662759d7ac3508\/ccmcms-jdf\/39924968.jpg\" \/><\/p>\n<p>\n                Connaissez-vous vraiment Daniel Guichard\u00a0? Premier job, noces insens\u00e9es, passion avec une h\u00f4tesse de l&rsquo;air, fille agress\u00e9e, nouvelle passion pour les armes, alcoolisme&#8230; Secrets et folles anecdotes du chanteur de \u00ab\u00a0La Tendresse\u00a0\u00bb et \u00ab\u00a0Mon Vieux\u00a0\u00bb.            <\/p>\n<div>\n<aside class=\"ccmsummary marqueur_module ccmcss_cms_summary ccmcss_cms_summary--right\">\n<p>Sommaire<\/p>\n<\/aside>\n<p><strong>Daniel Guichard <\/strong>n&rsquo;a pas fini de donner de la voix, puisqu&rsquo;il se produit toujours sur sc\u00e8ne \u00e0 74 ans Il a m\u00eame entam\u00e9\u00a0<strong>sa tourn\u00e9e Si c&rsquo;\u00e9tait \u00e0 refaire<\/strong>, en 2023, qui avait \u00e9t\u00e9 report\u00e9e \u00e0 cause du coronavirus. Saviez-vous que l&rsquo;interpr\u00e8te de <em>La Tendresse<\/em> avait commenc\u00e9 par d\u00e9charger les fromages aux Halles de Paris, qu&rsquo;il apprenait \u00e0 manier les armes,\u00a0qu&rsquo;il avait \u00e9t\u00e9 <strong>alcoolique <\/strong>et qu&rsquo;il avait\u00a0<strong>\u00e9pous\u00e9 sa femme trois fois<\/strong>?\u00a0Secrets de ce chanteur plein de surprises&#8230;<\/p>\n<h2>Les derni\u00e8res infos sur Daniel Guichard<\/h2>\n<h2 id=\"daniel-guichard--son-premier-job\">Daniel Guichard : son premier job<\/h2>\n<p>Daniel Guichard na\u00eet \u00e0 Paris le 21\u00a0novembre 1948. Son p\u00e8re, d&rsquo;origine bretonne, est <strong>soudeur en usine<\/strong>, et sa m\u00e8re est d&rsquo;origine russe, polonaise et ukrainienne. A seulement 15\u00a0ans, le jeune adolescent perd son p\u00e8re, <strong>quitte le lyc\u00e9e<\/strong> et d\u00e9cide de commencer \u00e0 travailler. Son <strong>premier boulot<\/strong>? Il <strong>d\u00e9charge les fromages<\/strong> aux Halles de Paris.\u00a0<\/p>\n<p>Mais le jeune homme souhaite par-dessus tout faire carri\u00e8re dans la musique. Il d\u00e9cide alors <strong>d&rsquo;encha\u00eener les auditions<\/strong> dans plusieurs maisons de disques\u2026 jusqu&rsquo;\u00e0 <strong>signer avec Barclay,<\/strong> o\u00f9 il travaille au stock. Pas encore la vie de paillettes dont il r\u00eave. Le soir, il se produit donc dans les <strong>cabarets de Montmartre ou de Saint-Germain-des-Pr\u00e9s<\/strong> et finit par enregistrer des disques, \u00e0 la fin des ann\u00e9es 60, qui ne lui permettent pas de se faire conna\u00eetre du grand public.<\/p>\n<h2 id=\"daniel-guichard-naurait-pas-du-chanter-la-tendresse\">Daniel Guichard n&rsquo;aurait pas d\u00fb chanter La Tendresse<\/h2>\n<p>Les ann\u00e9es 70\u00a0sont celles de la cons\u00e9cration pour Daniel Guichard, qui sort <strong>son tube <em>La Tendresse<\/em><\/strong>. Et pourtant, la chanson n&rsquo;aurait pas d\u00fb \u00eatre interpr\u00e9t\u00e9e par lui \u00e0 l&rsquo;origine. C&rsquo;est \u00e0 <strong><a href=\"https:\/\/www.journaldesfemmes.fr\/people\/personnalites\/2870577-mireille-mathieu-vie-privee-coupe-famille-enfants-secrets\/\" title=\"Mireille Mathieu\">Mireille Mathieu<\/a><\/strong> que l&rsquo;on avait d&rsquo;abord propos\u00e9 ce titre, mais l&rsquo;impresario de celle-ci, Johnny Stark, l&rsquo;avait alors refus\u00e9\u2026 au grand bonheur de Daniel Guichard! Au d\u00e9but pourtant, le d\u00e9marrage est difficile: les radios ne souhaitent pas diffuser le titre. Puis, les discoth\u00e8ques le passent pendant l&rsquo;\u00e9t\u00e9 pour les slows&#8230; et la chanson devient un tube!<\/p>\n<div class=\"ccminsert\">\n<p><template data-type=\"embedtag\" data-tagname=\"youtube\"><iframe loading=\"lazy\" allow=\"accelerometer; autoplay; clipboard-write; encrypted-media; gyroscope; picture-in-picture\" allowfullscreen=\"\" frameborder=\"0\" height=\"315\" src=\"https:\/\/www.youtube.com\/embed\/B7uWQWbYnbc\" title=\"YouTube video player\" width=\"560\"><\/iframe><\/template><\/p>\n<\/div>\n<h2 id=\"daniel-guichard-a-creesa-radio-pirate\">Daniel Guichard a cr\u00e9\u00e9\u00a0sa radio pirate<\/h2>\n<p>Rapidement, le chanteur multi-casquettes se lance dans la production et distribue, entre autres, le groupe <strong>La Souris D\u00e9glingu\u00e9e, <a href=\"https:\/\/www.journaldesfemmes.fr\/people\/personnalites\/2878031-salvatore-adamo-sante-age-vie-privee-que-devient-il-argent-documentaire\/\" title=\"Salvatore Adamo\">Salvatore Adamo<\/a> ou Alain Barri\u00e8re<\/strong>. Dans les ann\u00e9es 80, il cr\u00e9e m\u00eame sa propre<strong> radio pirate<\/strong> depuis son jardin, <em>Radio Bocal<\/em>, qui diffuse de la chanson fran\u00e7aise en continu.\u00a0<\/p>\n<h2 id=\"daniel-guichard-etait-alcoolique\">Daniel Guichard \u00e9tait alcoolique<\/h2>\n<p>Daniel Guichard a beau \u00eatre enivr\u00e9 de sc\u00e8ne et de chansons, il a \u00e9galement \u00e9t\u00e9 accro \u00e0 l&rsquo;alcool. Le chanteur encha\u00eenait <em>\u00ab\u00a0<strong>3\u00a0ou 4\u00a0bouteilles par jour<\/strong>\u00ab\u00a0<\/em> de whisky-coca et fumait \u00ab\u00a0<em>autant de <strong>paquets de Gitanes<\/strong><\/em>\u00ab\u00a0, avait-il racont\u00e9 dans<em> Ici Paris<\/em>. C&rsquo;est en plongeant dans la notori\u00e9t\u00e9 que le chanteur a, du m\u00eame coup, sombr\u00e9 dans l&rsquo;alcool: \u00ab\u00a0<em>Imaginez ce que j&rsquo;ai v\u00e9cu quand je faisais pr\u00e8s de 200\u00a0concerts par an! Imaginez quelqu&rsquo;un dans ce cas de figure, qui n&rsquo;aime pas monter dans une voiture, d\u00e9teste la route, les mondanit\u00e9s\u2026 Et qui n&rsquo;est pas toujours bien entour\u00e9. Il y a deux options: soit vous passez votre temps \u00e0 vous foutre sur la gueule avec tout le monde, soit vous picolez pour oublier<\/em>\u00ab\u00a0. Heureusement, apr\u00e8s une p\u00e9riode difficile, l&rsquo;artiste a pu <strong>combattre son addiction<\/strong> il y a plus de 30\u00a0ans.\u00a0<\/p>\n<p>Apr\u00e8s son divorce d&rsquo;avec sa premi\u00e8re femme Claudine en 1977, Daniel Guichard <strong>\u00e9pouse Michelle<\/strong>, son ancienne attach\u00e9e de presse, dont il se s\u00e9pare quelques ann\u00e9es plus tard. Dans les ann\u00e9es 80, le chanteur rencontre la femme de sa vie, sur un vol Karachi-P\u00e9kin. Celle qui le fait alors chavirer est <strong>h\u00f4tesse de l&rsquo;air<\/strong>. \u00ab\u00a0<em>Je passais mon temps \u00e0 sonner l&rsquo;h\u00f4tesse de l&rsquo;air pour qu&rsquo;elle m&rsquo;apporte du champagne. C&rsquo;\u00e9tait Christine<\/em>\u00ab\u00a0, avait-il racont\u00e9 \u00e0 <a href=\"https:\/\/www.closermag.fr\/people\/interview-daniel-guichard-je-vais-epouser-christine-une-troisieme-fois-en-chine-906673\" target=\"_blank\" rel=\"noopener\"><em>Closer<\/em><\/a>. D\u00e9sireux de conna\u00eetre la charmante jeune femme, Daniel Guichard invite tout l&rsquo;\u00e9quipage \u00e0 d\u00eener\u2026 et finit par <strong>s\u00e9duire Christine.<\/strong>\u00a0<\/p>\n<h2 id=\"daniel-guichard-a-epouse-la-meme-femme-trois-fois\">Daniel Guichard a \u00e9pous\u00e9 la m\u00eame femme trois fois<\/h2>\n<p>Follement amoureux de Christine, le chanteur l&rsquo;\u00e9pouse en 1991, puis en 2002, et en 2019. Pour cette <strong>troisi\u00e8me c\u00e9l\u00e9bration<\/strong>, les \u00e9poux <strong>proclament leur amour en Chine<\/strong>, pour une c\u00e9r\u00e9monie intimiste entour\u00e9s de leur famille et amis proches. \u00ab\u00a0<em>Nous le faisons pour nos enfants. Ils \u00e9taient trop jeunes et n&rsquo;ont pas vraiment v\u00e9cu le <strong>deuxi\u00e8me mariage<\/strong><\/em>\u00ab\u00a0, avait-il confi\u00e9 \u00e0 <em>Closer<\/em>.\u00a0<\/p>\n<h2 id=\"daniel-guichard--ses-enfants\">Daniel Guichard : ses enfants<\/h2>\n<p>Aujourd&rsquo;hui, Daniel Guichard est p\u00e8re de <strong>Gwena\u00eblle<\/strong>, 52\u00a0ans, <strong>Armelle<\/strong>, 47\u00a0ans, <strong>Ana\u00ebl<\/strong>, 45\u00a0ans, n\u00e9es de sa premi\u00e8re union, <strong>Emmanuelle<\/strong>, fruit de son amour avec sa deuxi\u00e8me \u00e9pouse, et <strong>Gabriel<\/strong>, 32\u00a0ans, <strong>Jo\u00ebl<\/strong>, 28\u00a0ans et<strong> Rapha\u00ebl<\/strong>, 23\u00a0ans, les enfants qu&rsquo;il a eues avec celle qui partage toujours sa vie, Christine.\u00a0<\/p>\n<div class=\"ccminsert\">\n<p><template data-type=\"embedtag\" data-tagname=\"youtube\"><iframe loading=\"lazy\" allow=\"accelerometer; autoplay; clipboard-write; encrypted-media; gyroscope; picture-in-picture\" allowfullscreen=\"\" frameborder=\"0\" height=\"315\" src=\"https:\/\/www.youtube.com\/embed\/x8l43czQAy4\" title=\"YouTube video player\" width=\"560\"><\/iframe><\/template><\/p>\n<\/div>\n<h2 id=\"daniel-guichard--sa-fille-agressee-a-cause-de-sa-celebrite\">Daniel Guichard : sa fille, agress\u00e9e \u00e0 cause de sa c\u00e9l\u00e9brit\u00e9<\/h2>\n<p>Pour ses a\u00een\u00e9s, la c\u00e9l\u00e9brit\u00e9 de Daniel Guichard a \u00e9t\u00e9 compliqu\u00e9e \u00e0 g\u00e9rer. Dans les ann\u00e9es 70, alors que le chanteur \u00e9tait au summum du succ\u00e8s, sa fille a\u00een\u00e9e a subi les tristes cons\u00e9quences de la <strong>notori\u00e9t\u00e9 de son p\u00e8re<\/strong>. \u00ab\u00a0<em>Un enseignant de l&rsquo;\u00e9cole communale a <strong>chop\u00e9 par les cheveux, sans raison<\/strong>, ma fille Gwena\u00eblle qui avait 10\u00a0ans, et<strong> l&rsquo;a fait tomber<\/strong> en lui disant: &lsquo;Ce n&rsquo;est pas parce que tu es la fille de Daniel Guichard que\u2026&rsquo; J&rsquo;ai profit\u00e9 d&rsquo;un moment o\u00f9 il surveillait la cantine pour le clouer au mur. Et j&rsquo;ai port\u00e9 plainte. Je ne voulais pas que ma fille soit encore perturb\u00e9e. Il y avait<strong> beaucoup de jalousie<\/strong><\/em>\u00ab\u00a0, a-t-il racont\u00e9 \u00e0 <a href=\"https:\/\/www.closermag.fr\/people\/interview-daniel-guichard-je-vais-epouser-christine-une-troisieme-fois-en-chine-906673\" target=\"_blank\" rel=\"noopener\"><em>Closer<\/em><\/a>.\u00a0<\/p>\n<h2 id=\"daniel-guichard-sest-inscrit-a-un-club-de-tir\">Daniel Guichard s&rsquo;est inscrit \u00e0 un club de tir<\/h2>\n<p>Daniel Guichard, qui consid\u00e8re que l&rsquo;ins\u00e9curit\u00e9 est grimpante en France, s&rsquo;est inscrit \u00e0 un<strong> club de tir<\/strong> pour \u00ab\u00a0<strong><em>se pr\u00e9parer \u00e0 se d\u00e9fendre<\/em><\/strong>\u00ab\u00a0, a-t-il confi\u00e9 sur la cha\u00eene YouTube des Incorrectibles. Le chanteur n&rsquo;h\u00e9site d&rsquo;ailleurs pas \u00e0 faire comprendre que, selon lui, faire justice soi m\u00eame est pr\u00e9f\u00e9rable.\u00a0\u00ab\u00a0<em>On vous prend par les \u00e9paules, on vous am\u00e8ne \u00e0 la police. La police va vous dire &lsquo;vous \u00eates vraiment s\u00fbr que vous voulez d\u00e9poser plainte\u00a0?&rsquo; Pas que l&rsquo;on ne veut pas mais que \u00e7a ne sert \u00e0 rien. Dans une heure, il est dehors et il va nous cracher dessus<\/em>\u00ab\u00a0, a-t-il expliqu\u00e9.<\/p>\n<div class=\"ccminsert\">\n<p><template data-type=\"embedtag\" data-tagname=\"youtube\"><iframe loading=\"lazy\" allow=\"accelerometer; autoplay; clipboard-write; encrypted-media; gyroscope; picture-in-picture\" allowfullscreen=\"\" frameborder=\"0\" height=\"315\" src=\"https:\/\/www.youtube.com\/embed\/veYbWrvYNMg\" title=\"YouTube video player\" width=\"560\"><\/iframe><\/template><\/p>\n<\/div>\n<h2 id=\"\">\u00a0<\/h2>\n<h2 id=\"daniel-guichard-ne-veut-plus-ressembler-a-johnny\">Daniel Guichard ne veut plus ressembler \u00e0 Johnny<\/h2>\n<p>Tr\u00e8s t\u00f4t, Daniel Guichard s&rsquo;est rendu compte de la n\u00e9cessit\u00e9 de garder les pieds sur terre, malgr\u00e9 la c\u00e9l\u00e9brit\u00e9. \u00ab\u00a0<em><strong>\u00c0 20\u00a0ans<\/strong>, je voulais <strong>ressembler \u00e0 Johnny<\/strong>. Les belles voitures, les villas, les piscines, j&rsquo;ai eu pas mal de ces trucs-l\u00e0, mais je me suis aper\u00e7u que la plupart de ces choses n&rsquo;\u00e9taient pas indispensables<\/em>\u00ab\u00a0, avait-il confi\u00e9 \u00e0 <em>Ici Paris<\/em>.<\/p>\n<\/p><\/div>\n<p>[ad_2]<br \/>\n<br \/><a href=\"https:\/\/www.journaldesfemmes.fr\/people\/personnalites\/2760029-daniel-guichard-age-chansons-tournee-femme-christine-enfants-alcool-club-tir\/\">Source link <\/a><\/p>\n","protected":false},"excerpt":{"rendered":"<p>[ad_1] Connaissez-vous vraiment Daniel Guichard\u00a0? Premier job, noces insens\u00e9es, passion avec une h\u00f4tesse de l&rsquo;air, fille agress\u00e9e, nouvelle passion pour &hellip; <a href=\"http:\/\/www.affinite.fr\/index.php\/2023\/11\/21\/mariages-fous-enfants-armes-alcool-fille-agressee-tout-savoir-sur-le-chanteur\/\" class=\"more-link\">Plus <span class=\"screen-reader-text\">Mariages fous, enfants, armes, alcool, fille agress\u00e9e&#8230; Tout savoir sur le chanteur<\/span> <span class=\"meta-nav\">&rarr;<\/span><\/a><\/p>\n","protected":false},"author":1,"featured_media":9762,"comment_status":"","ping_status":"open","sticky":false,"template":"","format":"standard","meta":{"_sitemap_exclude":false,"_sitemap_priority":"","_sitemap_frequency":"","footnotes":""},"categories":[1],"tags":[],"class_list":["post-9761","post","type-post","status-publish","format-standard","has-post-thumbnail","hentry","category-tous"],"_links":{"self":[{"href":"http:\/\/www.affinite.fr\/index.php\/wp-json\/wp\/v2\/posts\/9761"}],"collection":[{"href":"http:\/\/www.affinite.fr\/index.php\/wp-json\/wp\/v2\/posts"}],"about":[{"href":"http:\/\/www.affinite.fr\/index.php\/wp-json\/wp\/v2\/types\/post"}],"author":[{"embeddable":true,"href":"http:\/\/www.affinite.fr\/index.php\/wp-json\/wp\/v2\/users\/1"}],"replies":[{"embeddable":true,"href":"http:\/\/www.affinite.fr\/index.php\/wp-json\/wp\/v2\/comments?post=9761"}],"version-history":[{"count":0,"href":"http:\/\/www.affinite.fr\/index.php\/wp-json\/wp\/v2\/posts\/9761\/revisions"}],"wp:featuredmedia":[{"embeddable":true,"href":"http:\/\/www.affinite.fr\/index.php\/wp-json\/wp\/v2\/media\/9762"}],"wp:attachment":[{"href":"http:\/\/www.affinite.fr\/index.php\/wp-json\/wp\/v2\/media?parent=9761"}],"wp:term":[{"taxonomy":"category","embeddable":true,"href":"http:\/\/www.affinite.fr\/index.php\/wp-json\/wp\/v2\/categories?post=9761"},{"taxonomy":"post_tag","embeddable":true,"href":"http:\/\/www.affinite.fr\/index.php\/wp-json\/wp\/v2\/tags?post=9761"}],"curies":[{"name":"wp","href":"https:\/\/api.w.org\/{rel}","templated":true}]}}