{"id":9736,"date":"2023-11-14T21:27:46","date_gmt":"2023-11-14T21:27:46","guid":{"rendered":"https:\/\/www.affinite.fr\/index.php\/2023\/11\/14\/les-meilleures-recettes-de-tartes-dautomne\/"},"modified":"2023-11-14T21:27:46","modified_gmt":"2023-11-14T21:27:46","slug":"les-meilleures-recettes-de-tartes-dautomne","status":"publish","type":"post","link":"http:\/\/www.affinite.fr\/index.php\/2023\/11\/14\/les-meilleures-recettes-de-tartes-dautomne\/","title":{"rendered":"Les meilleures recettes de tartes d&#039;automne"},"content":{"rendered":"<p> [ad_1]<br \/>\n<\/p>\n<p>Ah l&#039;automne, cette belle saison de cueillettes et de vendanges pleine de couleurs. Pommes, poires, figues, noix&#8230;. Les fruits s&#039;en donnent \u00e0 c\u0153ur joie pour nous proposer leurs d\u00e9lices.<\/p>\n<p>Je vous invite \u00e0 (re)d\u00e9couvrir mes<b>\u00a0<span style=\"font-size: large\">meilleures<\/span><\/b>\u00a0<span><b style=\"font-size: x-large\">recettes de tartes d&#039;automne<\/b>.<\/span><\/p>\n<p><span>Vous allez vous faire plaisir en les pr\u00e9parant et autant en les d\u00e9gustant ou en r\u00e9galant vos proches !<br \/><\/span><\/p>\n<\/p>\n<p><\/p>\n<div class=\"separator\" style=\"clear: both;text-align: center\"><a href=\"https:\/\/www.iletaitunefoislapatisserie.com\/2023\/11\/recettes-tarte-automne.html\" style=\"margin-left: 1em;margin-right: 1em\"><img decoding=\"async\" alt=\"recette-tarte-automne\" border=\"0\" data-original-height=\"675\" data-original-width=\"1200\" src=\"https:\/\/blogger.googleusercontent.com\/img\/b\/R29vZ2xl\/AVvXsEhcy0CuqzREwZ60uv4jCP7YZMZXpNsPXBYL0_74OKFNGAwn2RKh8ACV8pvRPVqZo7HkFxUlZVxPt0oiDtCbk7g9Ah5h8S5FeqlxwKc8NJvp9mJrd8vjuymFDun0KTiF3EUkQmNU8ARoYeB3qg4dzlgSYYhp0OrtrD2MivzrQXQ68VrKOWYH6Q4PI0KKiuo\/s16000\/Tartes%20d&#039;automne%20recettes.png\" title=\"recette de tarte d&#039;automne\"><\/a><\/div>\n<p><span><\/p>\n<div class=\"separator\" style=\"clear: both;text-align: center\"><\/div>\n<p><\/span><br \/><a href=\"https:\/\/www.iletaitunefoislapatisserie.com\/2023\/11\/recettes-tarte-automne.html#more\">&#8230; la suite par ici<\/a><br \/>\n<br \/>[ad_2]<br \/>\n<br \/><a href=\"https:\/\/www.iletaitunefoislapatisserie.com\/2023\/11\/recettes-tarte-automne.html\">Source link <\/a><\/p>\n","protected":false},"excerpt":{"rendered":"<p>[ad_1] Ah l&#039;automne, cette belle saison de cueillettes et de vendanges pleine de couleurs. Pommes, poires, figues, noix&#8230;. Les fruits &hellip; <a href=\"http:\/\/www.affinite.fr\/index.php\/2023\/11\/14\/les-meilleures-recettes-de-tartes-dautomne\/\" class=\"more-link\">Plus <span class=\"screen-reader-text\">Les meilleures recettes de tartes d&#039;automne<\/span> <span class=\"meta-nav\">&rarr;<\/span><\/a><\/p>\n","protected":false},"author":1,"featured_media":9737,"comment_status":"","ping_status":"open","sticky":false,"template":"","format":"standard","meta":{"_sitemap_exclude":false,"_sitemap_priority":"","_sitemap_frequency":"","footnotes":""},"categories":[1],"tags":[],"class_list":["post-9736","post","type-post","status-publish","format-standard","has-post-thumbnail","hentry","category-tous"],"_links":{"self":[{"href":"http:\/\/www.affinite.fr\/index.php\/wp-json\/wp\/v2\/posts\/9736"}],"collection":[{"href":"http:\/\/www.affinite.fr\/index.php\/wp-json\/wp\/v2\/posts"}],"about":[{"href":"http:\/\/www.affinite.fr\/index.php\/wp-json\/wp\/v2\/types\/post"}],"author":[{"embeddable":true,"href":"http:\/\/www.affinite.fr\/index.php\/wp-json\/wp\/v2\/users\/1"}],"replies":[{"embeddable":true,"href":"http:\/\/www.affinite.fr\/index.php\/wp-json\/wp\/v2\/comments?post=9736"}],"version-history":[{"count":0,"href":"http:\/\/www.affinite.fr\/index.php\/wp-json\/wp\/v2\/posts\/9736\/revisions"}],"wp:featuredmedia":[{"embeddable":true,"href":"http:\/\/www.affinite.fr\/index.php\/wp-json\/wp\/v2\/media\/9737"}],"wp:attachment":[{"href":"http:\/\/www.affinite.fr\/index.php\/wp-json\/wp\/v2\/media?parent=9736"}],"wp:term":[{"taxonomy":"category","embeddable":true,"href":"http:\/\/www.affinite.fr\/index.php\/wp-json\/wp\/v2\/categories?post=9736"},{"taxonomy":"post_tag","embeddable":true,"href":"http:\/\/www.affinite.fr\/index.php\/wp-json\/wp\/v2\/tags?post=9736"}],"curies":[{"name":"wp","href":"https:\/\/api.w.org\/{rel}","templated":true}]}}