{"id":9734,"date":"2023-11-13T22:03:05","date_gmt":"2023-11-13T22:03:05","guid":{"rendered":"https:\/\/www.affinite.fr\/index.php\/2023\/11\/13\/florent-manaudou-recadre-sechement-emmanuel-macron-apres-son-coup-de-pression-pour-les-jo-2024\/"},"modified":"2023-11-13T22:03:05","modified_gmt":"2023-11-13T22:03:05","slug":"florent-manaudou-recadre-sechement-emmanuel-macron-apres-son-coup-de-pression-pour-les-jo-2024","status":"publish","type":"post","link":"http:\/\/www.affinite.fr\/index.php\/2023\/11\/13\/florent-manaudou-recadre-sechement-emmanuel-macron-apres-son-coup-de-pression-pour-les-jo-2024\/","title":{"rendered":"Florent Manaudou recadre s\u00e8chement Emmanuel Macron apr\u00e8s son coup de pression pour les JO 2024"},"content":{"rendered":"<p> [ad_1]<br \/>\n<br \/><img decoding=\"async\" src=\"https:\/\/img-3.journaldesfemmes.fr\/MhQezYe49flEy7XO4O79q5A94JA=\/1280x\/smart\/de340e751e524346acec5034752775c5\/ccmcms-jdf\/39922042.jpg\" \/><\/p>\n<p>\n                Ce samedi 11\u00a0novembre 2023, l&rsquo;ambiance \u00e9tait \u00e9lectrique sur le plateau de \u00ab\u00a0Quelle \u00e9poque\u00a0!\u00a0\u00bb, l&rsquo;\u00e9mission pr\u00e9sent\u00e9e par L\u00e9a Salam\u00e9 sur France 2. Florent Manaudou a en effet tenu \u00e0 calmer les ardeurs du pr\u00e9sident de la R\u00e9publique, Emmanuel Macron.            <\/p>\n<div>\n<p>Invit\u00e9 sur le plateau de <em>Quelle \u00e9poque, <\/em>l&rsquo;\u00e9mission de <a href=\"https:\/\/www.journaldesfemmes.fr\/people\/personnalites\/2754589-lea-salame-age-pere-mari-fils-raphael-glucksmann-interview-oeed-onpc\/\" title=\"L\u00e9a Salam\u00e9\">L\u00e9a Salam\u00e9<\/a> avec\u00a0Christophe Dechavanne, le nageur\u00a0<strong>Florent Manaudou en a profit\u00e9 pour remettre quelques pendules \u00e0 l&rsquo;heure.<\/strong> \u00c0 commencer par celles du pr\u00e9sident de la R\u00e9publique, <a href=\"https:\/\/www.journaldesfemmes.fr\/people\/personnalites\/2875543-emmanuel-macron-politique-vie-privee-age-bio\/\" title=\"Emmanuel Macron\">Emmanuel Macron<\/a>.\u00a0<\/p>\n<h2>Le tacle bien piquant de Florent Manaudou \u00e0 Emmanuel Macron\u00a0<\/h2>\n<p>C&rsquo;est un Florent Manaudou plut\u00f4t remont\u00e9 qui a r\u00e9pondu aux questions de L\u00e9a Salam\u00e9 sur France 2&#8230;\u00a0\u00c0 l&rsquo;aube des Jeux Olympiques de 2024\u00a0&#8211; qui auront lieu\u00a0du 26\u00a0juillet au 11\u00a0ao\u00fbt prochain -, le nageur \u00e2g\u00e9 de\u00a033 ans a\u00a0recadr\u00e9 Emmanuel Macron, <strong>jugeant les ambitions affich\u00e9es par le chef de l&rsquo;Etat envers les sportifs fran\u00e7ais\u00a0bien trop hautes.<\/strong><\/p>\n<p>\u00c0 huit mois des Jeux, le pr\u00e9sident de la R\u00e9publique a en effet d\u00e9j\u00e0 annonc\u00e9 publiquement<strong> son objectif pour les Bleus\u00a0: celui de terminer dans le top 5 au tableau des m\u00e9dailles.<\/strong> <em>\u00ab\u00a0Il peut faire ce qu&rsquo;il veut, \u00e7a ne changera pas\u2026\u00a0\u00bb<\/em>, a directement r\u00e9agi le fr\u00e8re de <a href=\"https:\/\/www.journaldesfemmes.fr\/people\/personnalites\/2750257-laure-manaudou-age-vie-privee-infos\/\" title=\"Laure Manaudou\">Laure Manaudou<\/a>. Il a renvoy\u00e9 le pr\u00e9sident dans les cordes et s&rsquo;explique.<\/p>\n<p>Florent Manaudou, lui-m\u00eame m\u00e9daill\u00e9 olympique, a ajout\u00e9 :<strong><em> \u00ab\u00a0Je vais me faire des ennemis mais on n&rsquo;est pas du tout un pays de sport.\u00a0<\/em><\/strong><em>On a des tr\u00e8s bons talents, mais par contre si tu vas dans les pays anglophones, quand tu vois les infrastructures qu&rsquo;il y a\u2026<\/em><strong><em> Ils ont r\u00e9duit de 4\u00a0\u00e0 2\u00a0les heures de cours d&rsquo;EPS\u00a0\u00bb<\/em><\/strong>.<\/p>\n<h2>Ce que reproche pr\u00e9cis\u00e9ment Florent Manaudou<\/h2>\n<p>Le nageur, qui briguera une quatri\u00e8me m\u00e9daille olympique \u00e0 Paris dans quelques mois, a poursuivi sur sa lanc\u00e9e <strong>en pointant vivement du doigt le manque de moyens dans le sport en France<\/strong>, et ce d\u00e8s l&rsquo;\u00e9cole. <em>\u00ab\u00a0<strong>On ne peut pas dire : &lsquo;Je veux \u00eatre la meilleure nation&rsquo; en mettant les moyens comme \u00e7a. Ce n&rsquo;est pas possible<\/strong>\u00ab\u00a0,<\/em> a-t-il ajout\u00e9, visant alors le chef de l&rsquo;\u00e9tat qui avait mis un coup de pression aux athl\u00e8tes fran\u00e7ais apr\u00e8s les derniers JO&#8230;<\/p>\n<p>Des sommes d&rsquo;argent bien trop basses allou\u00e9es au sport donc, auxquelles vient s&rsquo;ajouter un autre point cl\u00e9 selon Florent Manaudou\u00a0: le temps qui joue quelque peu contre nous. <em>\u00ab\u00a0<strong>Des m\u00e9dailles, on va en gagner, et certainement plus, mais on a mis des choses en place il y a deux ans. Pour pr\u00e9parer des Jeux olympiques, il faut s&rsquo;y prendre 10-12\u00a0ans \u00e0 l&rsquo;avance.<\/strong> J&rsquo;ai vu les Anglais le faire en 2012. Ils ont mis \u00e9norm\u00e9ment de choses en place vers 2009-2010\u00a0et ils ont explos\u00e9 en 2016-2020&Prime;<\/em>, a-t-il comment\u00e9.<\/p>\n<p>Et \u00e0 celui qui est candidat pour \u00eatre porte-drapeau en 2024\u00a0de conclure\u00a0:\u00a0<strong><em>\u00ab\u00a0Est-ce qu&rsquo;on est en retard\u00a0? On verra. Mais on ne peut pas doubler le nombre de m\u00e9dailles juste parce qu&rsquo;on a mis des choses en place au cours des deux derni\u00e8res ann\u00e9es. Ce n&rsquo;est pas possible\u00a0\u00bb<\/em><\/strong>. Voil\u00e0 qui a le m\u00e9rite d&rsquo;\u00eatre clair\u00a0!<\/p>\n<\/p><\/div>\n<p>[ad_2]<br \/>\n<br \/><a href=\"https:\/\/www.journaldesfemmes.fr\/people\/actus\/3142710-florent-manaudou-recadre-emmanuel-macron-polemique-medailles-au-jo-de-paris\/\">Source link <\/a><\/p>\n","protected":false},"excerpt":{"rendered":"<p>[ad_1] Ce samedi 11\u00a0novembre 2023, l&rsquo;ambiance \u00e9tait \u00e9lectrique sur le plateau de \u00ab\u00a0Quelle \u00e9poque\u00a0!\u00a0\u00bb, l&rsquo;\u00e9mission pr\u00e9sent\u00e9e par L\u00e9a Salam\u00e9 sur &hellip; <a href=\"http:\/\/www.affinite.fr\/index.php\/2023\/11\/13\/florent-manaudou-recadre-sechement-emmanuel-macron-apres-son-coup-de-pression-pour-les-jo-2024\/\" class=\"more-link\">Plus <span class=\"screen-reader-text\">Florent Manaudou recadre s\u00e8chement Emmanuel Macron apr\u00e8s son coup de pression pour les JO 2024<\/span> <span class=\"meta-nav\">&rarr;<\/span><\/a><\/p>\n","protected":false},"author":1,"featured_media":9735,"comment_status":"","ping_status":"open","sticky":false,"template":"","format":"standard","meta":{"_sitemap_exclude":false,"_sitemap_priority":"","_sitemap_frequency":"","footnotes":""},"categories":[1],"tags":[],"class_list":["post-9734","post","type-post","status-publish","format-standard","has-post-thumbnail","hentry","category-tous"],"_links":{"self":[{"href":"http:\/\/www.affinite.fr\/index.php\/wp-json\/wp\/v2\/posts\/9734"}],"collection":[{"href":"http:\/\/www.affinite.fr\/index.php\/wp-json\/wp\/v2\/posts"}],"about":[{"href":"http:\/\/www.affinite.fr\/index.php\/wp-json\/wp\/v2\/types\/post"}],"author":[{"embeddable":true,"href":"http:\/\/www.affinite.fr\/index.php\/wp-json\/wp\/v2\/users\/1"}],"replies":[{"embeddable":true,"href":"http:\/\/www.affinite.fr\/index.php\/wp-json\/wp\/v2\/comments?post=9734"}],"version-history":[{"count":0,"href":"http:\/\/www.affinite.fr\/index.php\/wp-json\/wp\/v2\/posts\/9734\/revisions"}],"wp:featuredmedia":[{"embeddable":true,"href":"http:\/\/www.affinite.fr\/index.php\/wp-json\/wp\/v2\/media\/9735"}],"wp:attachment":[{"href":"http:\/\/www.affinite.fr\/index.php\/wp-json\/wp\/v2\/media?parent=9734"}],"wp:term":[{"taxonomy":"category","embeddable":true,"href":"http:\/\/www.affinite.fr\/index.php\/wp-json\/wp\/v2\/categories?post=9734"},{"taxonomy":"post_tag","embeddable":true,"href":"http:\/\/www.affinite.fr\/index.php\/wp-json\/wp\/v2\/tags?post=9734"}],"curies":[{"name":"wp","href":"https:\/\/api.w.org\/{rel}","templated":true}]}}