{"id":9654,"date":"2023-10-21T21:24:47","date_gmt":"2023-10-21T21:24:47","guid":{"rendered":"https:\/\/www.affinite.fr\/index.php\/2023\/10\/21\/cette-methode-a-la-francaise-que-vous-devriez-appliquer-au-travail-est-saluee-par-des-chercheurs\/"},"modified":"2023-10-21T21:24:47","modified_gmt":"2023-10-21T21:24:47","slug":"cette-methode-a-la-francaise-que-vous-devriez-appliquer-au-travail-est-saluee-par-des-chercheurs","status":"publish","type":"post","link":"http:\/\/www.affinite.fr\/index.php\/2023\/10\/21\/cette-methode-a-la-francaise-que-vous-devriez-appliquer-au-travail-est-saluee-par-des-chercheurs\/","title":{"rendered":"Cette \u00ab\u00a0m\u00e9thode \u00e0 la fran\u00e7aise\u00a0\u00bb que vous devriez appliquer au travail est salu\u00e9e par des chercheurs\u00a0!"},"content":{"rendered":"<p> [ad_1]<br \/>\n<br \/><img decoding=\"async\" src=\"https:\/\/img-3.journaldesfemmes.fr\/8Di5ThSq7nFzAos3XERj2AwHFqg=\/1280x\/smart\/d3c674817adb434189e8a1291b6a5326\/ccmcms-jdf\/39672478.jpg\" \/><\/p>\n<p>\n                En France, le travail est un sujet de crispation entre salari\u00e9s et employeurs&#8230; Pour votre bien-\u00eatre, voici ce que vous devriez vous forcer \u00e0 faire si ce n&rsquo;est pas encore le cas, m\u00eame les chercheurs \u00e9trangers approuvent.            <\/p>\n<div>\n<p>Pour avoir <strong>un meilleur \u00e9quilibre entre vie professionnelle et vie personnelle<\/strong> &#8211; ce que la g\u00e9n\u00e9ration Z, aux portes du monde du travail priorise par dessus tout &#8211; et ainsi \u00eatre plus productif au travail, des experts recommandent de se d\u00e9connecter enti\u00e8rement de ses mails apr\u00e8s les horaires de bureau. Et la loi est de votre c\u00f4t\u00e9.\u00a0<\/p>\n<p>Surtout,\u00a0<strong>il ne faut pas h\u00e9siter\u00a0le faire selon ces chercheurs <\/strong>!<\/p>\n<h2>Un signal clair et net envoy\u00e9 \u00e0 vos interlocuteurs<\/h2>\n<p>Les experts conseillent de programmer un mail \u00ab\u00a0<em>d&rsquo;absence<\/em>\u00ab\u00a0, similaire \u00e0 celui que vous programmeriez si vous \u00e9tiez en vacances, en dehors de vos horaires classiques de bureau,<strong> afin d&rsquo;\u00e9tablir une r\u00e9elle limite entre travail et vie personnelle.<\/strong><\/p>\n<p>De plus, ce mail <strong>fera comprendre \u00e0 vos interlocuteurs qu&rsquo;ils ne doivent pas attendre une r\u00e9ponse imm\u00e9diate de votre part<\/strong>. Ils recommandent d&rsquo;avoir de meilleures r\u00e8gles concernant les mails pour que tous respectent le temps des uns et des autres loin de leurs courriels.<\/p>\n<h2>4 r\u00e8gles pour un meilleur \u00e9quilibre entre vie professionnelle\u00a0et personnelle<\/h2>\n<p>Apr\u00e8s avoir<strong> \u00e9tudi\u00e9\u00a062 \u00e9tudes sur les mails professionnels<\/strong>, les chercheurs ont \u00e9tabli une strat\u00e9gie en quatre \u00e9tapes :<\/p>\n<ul>\n<li><strong>Se fixer des limites<\/strong> :\u00a0des heures pendant lesquelles vous ne consultez pas vos mails. Attention \u00e0 bien s&rsquo;y tenir et \u00e0 en informer vos coll\u00e8gues et vos proches.<\/li>\n<li><strong>D\u00e9sactiver les notifications des mails<\/strong> et se concentrer sur les messages les plus importants, plut\u00f4t que d&rsquo;essayer de r\u00e9pondre \u00e0 absolument tout.<\/li>\n<li><strong>\u00catre courtois <\/strong>dans vos mails et \u00e9changes.<\/li>\n<li><strong>Tous les mails professionnels doivent concerner le travail\u00a0<\/strong>pour que les employ\u00e9s restent concentr\u00e9s\u00a0et que les messages soient efficaces.<\/li>\n<\/ul>\n<p>L&rsquo;auteure\u00a0principale de l&rsquo;analyse et experte en\u00a0psychologie organisationnelle \u00e0\u00a0l&rsquo;universit\u00e9 du Sussex, Emma Russell, a expliqu\u00e9 au <em>Daily Mail\u00a0<\/em>: \u00ab\u00a0<em>Cela signifie que chacun devrait avoir du temps libre pour envoyer des mails chaque jour et ne devrait pas \u00eatre tenu de r\u00e9pondre instantan\u00e9ment<\/em>\u00ab\u00a0.<\/p>\n<p><strong>Les chercheurs conseillent l&rsquo;approche qu&rsquo;ils appellent \u00ab\u00a0<em>\u00e0 la fran\u00e7aise<\/em>\u00ab\u00a0, c&rsquo;est-\u00e0-dire de totalement interdire les courriels en dehors des heures de travail. <\/strong>En France, un employeur ne peut pas attendre de son salari\u00e9 une r\u00e9ponse par t\u00e9l\u00e9phone ou mail en dehors de ses heures de travail.\u00a0<\/p>\n<\/p><\/div>\n<p>[ad_2]<br \/>\n<br \/><a href=\"https:\/\/www.journaldesfemmes.fr\/societe\/actu\/2944941-mails-en-dehors-des-heures-de-travail-interdiction-en-france\/\">Source link <\/a><\/p>\n","protected":false},"excerpt":{"rendered":"<p>[ad_1] En France, le travail est un sujet de crispation entre salari\u00e9s et employeurs&#8230; Pour votre bien-\u00eatre, voici ce que &hellip; <a href=\"http:\/\/www.affinite.fr\/index.php\/2023\/10\/21\/cette-methode-a-la-francaise-que-vous-devriez-appliquer-au-travail-est-saluee-par-des-chercheurs\/\" class=\"more-link\">Plus <span class=\"screen-reader-text\">Cette \u00ab\u00a0m\u00e9thode \u00e0 la fran\u00e7aise\u00a0\u00bb que vous devriez appliquer au travail est salu\u00e9e par des chercheurs\u00a0!<\/span> <span class=\"meta-nav\">&rarr;<\/span><\/a><\/p>\n","protected":false},"author":1,"featured_media":9655,"comment_status":"","ping_status":"open","sticky":false,"template":"","format":"standard","meta":{"_sitemap_exclude":false,"_sitemap_priority":"","_sitemap_frequency":"","footnotes":""},"categories":[1],"tags":[],"class_list":["post-9654","post","type-post","status-publish","format-standard","has-post-thumbnail","hentry","category-tous"],"_links":{"self":[{"href":"http:\/\/www.affinite.fr\/index.php\/wp-json\/wp\/v2\/posts\/9654"}],"collection":[{"href":"http:\/\/www.affinite.fr\/index.php\/wp-json\/wp\/v2\/posts"}],"about":[{"href":"http:\/\/www.affinite.fr\/index.php\/wp-json\/wp\/v2\/types\/post"}],"author":[{"embeddable":true,"href":"http:\/\/www.affinite.fr\/index.php\/wp-json\/wp\/v2\/users\/1"}],"replies":[{"embeddable":true,"href":"http:\/\/www.affinite.fr\/index.php\/wp-json\/wp\/v2\/comments?post=9654"}],"version-history":[{"count":0,"href":"http:\/\/www.affinite.fr\/index.php\/wp-json\/wp\/v2\/posts\/9654\/revisions"}],"wp:featuredmedia":[{"embeddable":true,"href":"http:\/\/www.affinite.fr\/index.php\/wp-json\/wp\/v2\/media\/9655"}],"wp:attachment":[{"href":"http:\/\/www.affinite.fr\/index.php\/wp-json\/wp\/v2\/media?parent=9654"}],"wp:term":[{"taxonomy":"category","embeddable":true,"href":"http:\/\/www.affinite.fr\/index.php\/wp-json\/wp\/v2\/categories?post=9654"},{"taxonomy":"post_tag","embeddable":true,"href":"http:\/\/www.affinite.fr\/index.php\/wp-json\/wp\/v2\/tags?post=9654"}],"curies":[{"name":"wp","href":"https:\/\/api.w.org\/{rel}","templated":true}]}}