{"id":9631,"date":"2023-10-14T21:00:48","date_gmt":"2023-10-14T21:00:48","guid":{"rendered":"https:\/\/www.affinite.fr\/index.php\/2023\/10\/14\/son-ex-pierre-palmade-sera-t-il-invite\/"},"modified":"2023-10-14T21:00:48","modified_gmt":"2023-10-14T21:00:48","slug":"son-ex-pierre-palmade-sera-t-il-invite","status":"publish","type":"post","link":"http:\/\/www.affinite.fr\/index.php\/2023\/10\/14\/son-ex-pierre-palmade-sera-t-il-invite\/","title":{"rendered":"son ex Pierre Palmade sera-t-il invit\u00e9\u00a0?"},"content":{"rendered":"<p> [ad_1]<br \/>\n<br \/><img decoding=\"async\" src=\"https:\/\/img-3.journaldesfemmes.fr\/pv8g9iD6pIHRIfEVXp03Y_Eujfo=\/1280x\/smart\/7737186b154f4679a6b1b676abba7ea3\/ccmcms-jdf\/39671343.jpg\" \/><\/p>\n<p>\n                L&rsquo;ex-amant de Pierre Palmade, J\u00e9r\u00e9my Bellet, va se marier et il a r\u00e9cemment fait des essayages de tenue au palais Vivienne, o\u00f9 se d\u00e9roulera la c\u00e9r\u00e9monie qui devrait \u00eatre, selon lui, digne d&rsquo;un \u00ab\u00a0mariage princier\u00a0\u00bb. Mais son ex-compagnon Pierre Palmade fera-t-il partie des invit\u00e9s\u00a0?            <\/p>\n<div>\n<p><strong>J\u00e9r\u00e9my Bellet<\/strong>, l&rsquo;ex-compagnon de <a href=\"https:\/\/www.journaldesfemmes.fr\/people\/personnalites\/2891097-pierre-palmade-cocaine-vie-privee-justice-mariage-bio\/\" title=\"Pierre Palmade\">Pierre Palmade<\/a>, nage dans le bonheur.\u00a0Le jeune homme de 25 ans a annonc\u00e9 qu&rsquo;il se mariait avec une personne dont il tait le nom. La c\u00e9r\u00e9monie aura lieu le 13 janvier et, avant le grand jour, il a tenu \u00e0 faire des essayages au <strong>palais Vivienne, o\u00f9 se d\u00e9roulera la c\u00e9r\u00e9monie<\/strong>, auxquels le <em>Journal des Femmes<\/em> a assist\u00e9.<\/p>\n<h2>J\u00e9r\u00e9my Bellet \u00ab\u00a0stress\u00e9\u00a0\u00bb par son mariage<\/h2>\n<p>Mais \u00e0 quelques semaines de la c\u00e9r\u00e9monie, comment se sent J\u00e9r\u00e9my Bellet ? \u00ab\u00a0<em>Je me sens tr\u00e8s bien, impatient, mais <strong>un peu stress\u00e9<\/strong> parce que ce n&rsquo;est pas un mariage commun, il est tr\u00e8s attendu. Et puis, on ne se marie qu&rsquo;une fois<\/em>\u00ab\u00a0, nous a-t-il confi\u00e9. En outre, l&rsquo;artiste et mannequin fran\u00e7ais a <strong>toujours r\u00eav\u00e9 de se marier<\/strong> ! \u00ab\u00a0<em>Je voulais vraiment faire les choses en grand. C&rsquo;est un mariage un peu princier<\/em>\u00ab\u00a0, a ajout\u00e9 celui qui est tr\u00e8s heureux que Pierre-Jean Chalen\u00e7on lui ait propos\u00e9 de<strong> lui ouvrir les portes de son palais pour la r\u00e9ception<\/strong>.<\/p>\n<h2>J\u00e9remy Bellet a-t-il \u00e9t\u00e9 contact\u00e9 par Pierre Palmade ?<\/h2>\n<p>Si depuis l&rsquo;annonce de son mariage, il a re\u00e7u un flot de messages homophobes, J\u00e9r\u00e9my Bellet tient \u00e0 \u00ab\u00a0<em>rester fort<\/em>\u00a0\u00bb et \u00e0 ne pas laisser sa joie se ternir. L&rsquo;artiste a heureusement re\u00e7u le soutien de moult personnalit\u00e9s, qui sont ses amis, comme l&rsquo;acteur Thierry Samitier, l&rsquo;ex-finaliste de Secret Story Cindy Lopes ou encore l&rsquo;actrice Fiona G\u00e9lin. Toutefois, <strong>il n&rsquo;a pas re\u00e7u de message de f\u00e9licitations de son ex-compagnon, Pierre Palmade<\/strong>. \u00ab\u00a0<em>Je pense qu&rsquo;il doit \u00eatre au courant, mais je n&rsquo;ai pas eu de retour. En m\u00eame temps, cela me permet de tourner la page et mettre \u00e7a derri\u00e8re moi<\/em>\u00ab\u00a0, a-t-il d\u00e9clar\u00e9.<\/p>\n<h2>J\u00e9r\u00e9my Bellet se marie : Julie Pietri, une \u00ab\u00a0\u00e9vidence\u00a0\u00bb pour le jeune homme<\/h2>\n<p>En juillet, l&rsquo;ex-amant de Pierre Palmade a r\u00e9v\u00e9l\u00e9 sur son compte Instagram que \u00ab\u00a0<em>l&rsquo;hymne<\/em>\u00a0\u00bb de son mariage serait le titre <em>Eve, l\u00e8ve-toi<\/em>, tube des ann\u00e9es 80 interpr\u00e9t\u00e9 par la charismatique <strong><a href=\"https:\/\/www.journaldesfemmes.fr\/people\/personnalites\/2810213-julie-pietri-age-chansons-tournee-fille-couple-mari-cancer\/\" title=\"Julie Pietri\">Julie Pietri<\/a><\/strong>. \u00ab\u00a0<em>Une musique qui me touche depuis enfant et qui est si proche de mes engagements<\/em>\u00ab\u00a0, a d&rsquo;abord expliqu\u00e9 le jeune homme de 25 ans.<\/p>\n<p>\u00ab\u00a0<em>Lorsque je t&rsquo;ai vu ce week-end ma ch\u00e8re Julie, <strong>cette chanson m&rsquo;est apparue comme une \u00e9vidence<\/strong><\/em>\u00ab\u00a0, a ajout\u00e9 J\u00e9r\u00e9my Bellet, qui affiche r\u00e9guli\u00e8rement son combat contre le harc\u00e8lement scolaire sur les r\u00e9seaux sociaux. \u00ab\u00a0<em>Levons nous\u00a0! Battons nous contre la haine et l&rsquo;intol\u00e9rance\u00a0! Luttons ensemble contre le harc\u00e8lement, un d\u00e9lit qui d\u00e9truit la vie de tant d&rsquo;enfants. Le combat de ma vie<\/em>\u00ab\u00a0, a-t-il conclu.<\/p>\n<h2>L&rsquo;ex-amant de Pierre Palmade se marie : qui sont ses c\u00e9l\u00e8bres t\u00e9moins ?<\/h2>\n<p>Julie Pietri aura donc un r\u00f4le de taille dans la <strong>c\u00e9r\u00e9monie de mariage de J\u00e9r\u00e9my Bellet<\/strong> ! Mais elle ne sera pas la seule star impliqu\u00e9e dans cette r\u00e9ception, puisque l&rsquo;actrice <strong>Fiona G\u00e9lin<\/strong>, sa \u00ab\u00a0<em>marraine de c\u0153ur<\/em>\u00ab\u00a0, sera le t\u00e9moin du jeune homme, tout comme son ami <strong>Pierre-Jean Chalen\u00e7on<\/strong>, l&rsquo;ancien acheteur de <em>Affaire Conclue<\/em>, mais aussi <strong>Pascal le grand fr\u00e8re<\/strong> et <strong>Sophie Darel<\/strong>.<\/p>\n<div class=\"ccminsert\">\n<div class=\"jEmbedTagPlaceholder twitter-placeholder\"><template data-type=\"embedtag\" data-tagname=\"twitter\"><\/p>\n<blockquote class=\"twitter-tweet\">\n<p dir=\"ltr\" lang=\"fr\">Vive le mari\u00e9 ! Heureuse nouvelle J\u00e9r\u00e9my Bellet ! Je serai ton t\u00e9moin. \u00c0 d\u00e9faut d&rsquo;\u00eatre ton ch\u00e9ri je serai \u00e0 tes c\u00f4t\u00e9s. Pour le meilleur et pour le pire ! \u00c0 ton premier mariage ! <a href=\"https:\/\/t.co\/YDybWuSZQs\">pic.twitter.com\/YDybWuSZQs<\/a><\/p>\n<p>\u2014 Pierre-Jean Chalen\u00e7on &#8211; Palais Vivienne (@JeanChalencon) <a href=\"https:\/\/twitter.com\/JeanChalencon\/status\/1678720196142399488?ref_src=twsrc%5Etfw\">July 11, 2023<\/a><\/p><\/blockquote>\n<p><\/template><\/div>\n<\/div>\n<p>\u00ab\u00a0<em>Vive le mari\u00e9\u00a0! Heureuse nouvelle J\u00e9r\u00e9my Bellet\u00a0! Je<strong> serai ton t\u00e9moin. \u00c0 d\u00e9faut d&rsquo;\u00eatre ton ch\u00e9ri je serai \u00e0 tes c\u00f4t\u00e9s.<\/strong> Pour le meilleur et pour le pire.\u00a0\u00c0 ton premier mariage<\/em>\u00ab\u00a0, s&rsquo;\u00e9tait r\u00e9joui sur Twitter le f\u00e9ru de Napol\u00e9on, qui avait d\u00e9j\u00e0 confi\u00e9 \u00eatre \u00ab\u00a0<em>amoureux<\/em>\u00a0\u00bb de J\u00e9r\u00e9my Bellet, quelques mois plus t\u00f4t. \u00ab\u00a0<em>Amoureux&#8230; Je t&rsquo;aime tout simplement mon c\u0153ur. Mon J\u00e9r\u00e9my Bellet. Vive l&rsquo;Amour&#8230; Notre histoire est belle. Je t&rsquo;aime plus que d&rsquo;amiti\u00e9&#8230; moins que d&rsquo;Amour. Ton c\u0153ur \u00e9tant h\u00e9las d\u00e9j\u00e0 pris. Le drame de ma vie<\/em>\u00ab\u00a0, avait-il alors d\u00e9clar\u00e9 sur Twitter.<\/p>\n<\/p><\/div>\n<p><script async src=\"http:\/\/platform.twitter.com\/widgets.js\" charset=\"utf-8\"><\/script><br \/>\n<br \/>[ad_2]<br \/>\n<br \/><a href=\"https:\/\/www.journaldesfemmes.fr\/people\/actus\/2939091-jeremy-bellet-pierre-palmade-mariage-palmade-exclu\/\">Source link <\/a><\/p>\n","protected":false},"excerpt":{"rendered":"<p>[ad_1] L&rsquo;ex-amant de Pierre Palmade, J\u00e9r\u00e9my Bellet, va se marier et il a r\u00e9cemment fait des essayages de tenue au &hellip; <a href=\"http:\/\/www.affinite.fr\/index.php\/2023\/10\/14\/son-ex-pierre-palmade-sera-t-il-invite\/\" class=\"more-link\">Plus <span class=\"screen-reader-text\">son ex Pierre Palmade sera-t-il invit\u00e9\u00a0?<\/span> <span class=\"meta-nav\">&rarr;<\/span><\/a><\/p>\n","protected":false},"author":1,"featured_media":9632,"comment_status":"","ping_status":"open","sticky":false,"template":"","format":"standard","meta":{"_sitemap_exclude":false,"_sitemap_priority":"","_sitemap_frequency":"","footnotes":""},"categories":[1],"tags":[],"class_list":["post-9631","post","type-post","status-publish","format-standard","has-post-thumbnail","hentry","category-tous"],"_links":{"self":[{"href":"http:\/\/www.affinite.fr\/index.php\/wp-json\/wp\/v2\/posts\/9631"}],"collection":[{"href":"http:\/\/www.affinite.fr\/index.php\/wp-json\/wp\/v2\/posts"}],"about":[{"href":"http:\/\/www.affinite.fr\/index.php\/wp-json\/wp\/v2\/types\/post"}],"author":[{"embeddable":true,"href":"http:\/\/www.affinite.fr\/index.php\/wp-json\/wp\/v2\/users\/1"}],"replies":[{"embeddable":true,"href":"http:\/\/www.affinite.fr\/index.php\/wp-json\/wp\/v2\/comments?post=9631"}],"version-history":[{"count":0,"href":"http:\/\/www.affinite.fr\/index.php\/wp-json\/wp\/v2\/posts\/9631\/revisions"}],"wp:featuredmedia":[{"embeddable":true,"href":"http:\/\/www.affinite.fr\/index.php\/wp-json\/wp\/v2\/media\/9632"}],"wp:attachment":[{"href":"http:\/\/www.affinite.fr\/index.php\/wp-json\/wp\/v2\/media?parent=9631"}],"wp:term":[{"taxonomy":"category","embeddable":true,"href":"http:\/\/www.affinite.fr\/index.php\/wp-json\/wp\/v2\/categories?post=9631"},{"taxonomy":"post_tag","embeddable":true,"href":"http:\/\/www.affinite.fr\/index.php\/wp-json\/wp\/v2\/tags?post=9631"}],"curies":[{"name":"wp","href":"https:\/\/api.w.org\/{rel}","templated":true}]}}