{"id":9603,"date":"2023-10-07T20:49:22","date_gmt":"2023-10-07T20:49:22","guid":{"rendered":"https:\/\/www.affinite.fr\/index.php\/2023\/10\/07\/dans-ce-pays-les-gens-preferent-nettement-les-arbres-a-leurs-voisins-et-ont-une-drole-de-pratique\/"},"modified":"2023-10-07T20:49:22","modified_gmt":"2023-10-07T20:49:22","slug":"dans-ce-pays-les-gens-preferent-nettement-les-arbres-a-leurs-voisins-et-ont-une-drole-de-pratique","status":"publish","type":"post","link":"http:\/\/www.affinite.fr\/index.php\/2023\/10\/07\/dans-ce-pays-les-gens-preferent-nettement-les-arbres-a-leurs-voisins-et-ont-une-drole-de-pratique\/","title":{"rendered":"Dans ce pays, les gens pr\u00e9f\u00e8rent nettement les arbres \u00e0 leurs voisins et ont une dr\u00f4le de pratique"},"content":{"rendered":"<p> [ad_1]<br \/>\n<br \/><img decoding=\"async\" src=\"https:\/\/img-3.journaldesfemmes.fr\/wOD_HtZDBdyoMnqqDGBRL1_Cd80=\/1280x\/smart\/015fa3e4ea0d44f1a49cf6150684c19c\/ccmcms-jdf\/39669546.jpg\" \/><\/p>\n<p>\n                Dans ce pays, les habitants ont une relation plus privil\u00e9gi\u00e9e avec les arbres qu&rsquo;avec leurs voisins, d\u00e9voile une surprenante \u00e9tude. O\u00f9 \u00e7a et pourquoi\u00a0? On vous explique.            <\/p>\n<div>\n<p>Vous entendez votre voisin mettre sa clef dans sa porte alors que vous alliez sortir et vous attendez qu&rsquo;il parte avant de quitter votre domicile ? C&rsquo;est un signe que vous n&rsquo;\u00eates sans doute pas tr\u00e8s fan de vos voisins et <strong>ce sentiment est largement partag\u00e9 par une partie de la population d&rsquo;un autre pays d&rsquo;Europe<\/strong>&#8230;<\/p>\n<h2>Arbre ou voisin :\u00a0 dans ce pays, ils ont choisi !<\/h2>\n<p>En effet, les sujets de la Sa Majest\u00e9 <a href=\"https:\/\/www.journaldesfemmes.fr\/people\/personnalites\/2844410-prince-charles-le-nouveau-roi-d-angleterre-regne\/\" title=\"Charles 3\">Charles III<\/a> ont \u00e9t\u00e9 pass\u00e9s \u00e0 la moulinette d&rsquo;une \u00e9tude men\u00e9e par\u00a0l&rsquo;universit\u00e9 de Derby, laquelle a consult\u00e9 plus de 1800 adultes. Et les r\u00e9sultats sont \u00e9tonnants !\u00a0<strong>16 % des personnes interrog\u00e9es se sentent tr\u00e8s proches des arbres, mais seulement 7 % d&rsquo;entre elles se sentent proches d&rsquo;un de leurs voisins<\/strong>. La moiti\u00e9 du groupe peut m\u00eame <strong>citer son\u00a0arbre favori<\/strong>. <a href=\"https:\/\/www.journaldesfemmes.fr\/jardin\/encyclopedie-des-plantes\/2404284-chene\/\" title=\"Ch\u00eanes\">Ch\u00eane<\/a>, Pin,\u00a0Saule pleureur&#8230;\u00a0lequel est le v\u00f4tre ?<\/p>\n<p>Par dessus le march\u00e9, le <em>Daily Mail<\/em> rapporte que, ces derni\u00e8res ann\u00e9es,\u00a0les Britanniques<strong> ont commenc\u00e9 \u00e0 adopter une pratique qui peut faire sourire ou donner envie de se moquer :\u00a0le \u00ab\u00a0bain de for\u00eat\u00a0\u00bb<\/strong>. Une\u00a0pratique japonaise &#8211; dite\u00a0Shinrin-Yoku &#8211; de relaxation douce qui existe depuis les ann\u00e9es 1980 et consiste en des sorties contemplatives des arbres, des c\u00e2lins aux arbres ou diverses exp\u00e9riences sensorielles&#8230;\u00a0<\/p>\n<h2>La relation avec les arbres importante pour&#8230;<\/h2>\n<p>Miles Richardson, un professeur de l&rsquo;Universit\u00e9 de Derby, sp\u00e9cialis\u00e9 dans\u00a0les facteurs humains et le lien avec la nature, a expliqu\u00e9 au <em>Daily Mail<\/em> : \u00ab\u00a0<em>Bien qu&rsquo;il puisse sembler inhabituel d&rsquo;interroger les gens sur leur relation avec les arbres, nous avons constat\u00e9 que ce sont les personnes qui se sentent proches du monde naturel qui prennent des mesures positives \u00e0 son \u00e9gard<\/em>\u00ab\u00a0.<strong> Il a insist\u00e9 que cette connexion \u00ab\u00a0<em>renforce notre d\u00e9sir de prot\u00e9ger et de restaurer les environnements naturels<\/em>\u00ab\u00a0.\u00a0<\/strong><\/p>\n<div class=\"ccminsert\">\n<p><template data-type=\"embedtag\" data-tagname=\"youtube\"><iframe loading=\"lazy\" allow=\"accelerometer; autoplay; clipboard-write; encrypted-media; gyroscope; picture-in-picture; web-share\" allowfullscreen=\"\" frameborder=\"0\" height=\"315\" src=\"https:\/\/www.youtube.com\/embed\/3sh_q5m-Z4Y?si=tOaZ9L4puPcaLLCa\" title=\"YouTube video player\" width=\"560\"><\/iframe><\/template><\/p>\n<\/div>\n<p>De plus, une seconde \u00e9tude, r\u00e9alis\u00e9e aupr\u00e8s des habitants de la for\u00eat nationale de Mersey et du parc national de Brecon Beacons, a r\u00e9v\u00e9l\u00e9 que <strong>86 % des habitants pensent que les arbres sont importants pour la sant\u00e9<\/strong>.<\/p>\n<p>Et vous, vous aimez vos voisins ou vous pr\u00e9f\u00e9rez les arbres ?<\/p>\n<\/p><\/div>\n<p>[ad_2]<br \/>\n<br \/><a href=\"https:\/\/www.journaldesfemmes.fr\/societe\/actu\/2945121-article-etudes-voisins-arbres-pratique-etonnante\/\">Source link <\/a><\/p>\n","protected":false},"excerpt":{"rendered":"<p>[ad_1] Dans ce pays, les habitants ont une relation plus privil\u00e9gi\u00e9e avec les arbres qu&rsquo;avec leurs voisins, d\u00e9voile une surprenante &hellip; <a href=\"http:\/\/www.affinite.fr\/index.php\/2023\/10\/07\/dans-ce-pays-les-gens-preferent-nettement-les-arbres-a-leurs-voisins-et-ont-une-drole-de-pratique\/\" class=\"more-link\">Plus <span class=\"screen-reader-text\">Dans ce pays, les gens pr\u00e9f\u00e8rent nettement les arbres \u00e0 leurs voisins et ont une dr\u00f4le de pratique<\/span> <span class=\"meta-nav\">&rarr;<\/span><\/a><\/p>\n","protected":false},"author":1,"featured_media":9604,"comment_status":"","ping_status":"open","sticky":false,"template":"","format":"standard","meta":{"_sitemap_exclude":false,"_sitemap_priority":"","_sitemap_frequency":"","footnotes":""},"categories":[1],"tags":[],"class_list":["post-9603","post","type-post","status-publish","format-standard","has-post-thumbnail","hentry","category-tous"],"_links":{"self":[{"href":"http:\/\/www.affinite.fr\/index.php\/wp-json\/wp\/v2\/posts\/9603"}],"collection":[{"href":"http:\/\/www.affinite.fr\/index.php\/wp-json\/wp\/v2\/posts"}],"about":[{"href":"http:\/\/www.affinite.fr\/index.php\/wp-json\/wp\/v2\/types\/post"}],"author":[{"embeddable":true,"href":"http:\/\/www.affinite.fr\/index.php\/wp-json\/wp\/v2\/users\/1"}],"replies":[{"embeddable":true,"href":"http:\/\/www.affinite.fr\/index.php\/wp-json\/wp\/v2\/comments?post=9603"}],"version-history":[{"count":0,"href":"http:\/\/www.affinite.fr\/index.php\/wp-json\/wp\/v2\/posts\/9603\/revisions"}],"wp:featuredmedia":[{"embeddable":true,"href":"http:\/\/www.affinite.fr\/index.php\/wp-json\/wp\/v2\/media\/9604"}],"wp:attachment":[{"href":"http:\/\/www.affinite.fr\/index.php\/wp-json\/wp\/v2\/media?parent=9603"}],"wp:term":[{"taxonomy":"category","embeddable":true,"href":"http:\/\/www.affinite.fr\/index.php\/wp-json\/wp\/v2\/categories?post=9603"},{"taxonomy":"post_tag","embeddable":true,"href":"http:\/\/www.affinite.fr\/index.php\/wp-json\/wp\/v2\/tags?post=9603"}],"curies":[{"name":"wp","href":"https:\/\/api.w.org\/{rel}","templated":true}]}}