{"id":9599,"date":"2023-10-07T07:05:57","date_gmt":"2023-10-07T07:05:57","guid":{"rendered":"https:\/\/www.affinite.fr\/index.php\/2023\/10\/07\/cheesecake-aux-poires-et-aux-noix-de-pecan\/"},"modified":"2023-10-07T07:05:57","modified_gmt":"2023-10-07T07:05:57","slug":"cheesecake-aux-poires-et-aux-noix-de-pecan","status":"publish","type":"post","link":"http:\/\/www.affinite.fr\/index.php\/2023\/10\/07\/cheesecake-aux-poires-et-aux-noix-de-pecan\/","title":{"rendered":"Cheesecake aux poires et aux noix de p\u00e9can"},"content":{"rendered":"<p> [ad_1]<br \/>\n<\/p>\n<div>\n<p><img itemprop=\"image\" class=\"aligncenter size-full wp-image-43786\" data-src=\"https:\/\/static.chefnini.com\/wp-content\/uploads\/2023\/01\/cheesecake-poire-pecan3.jpg\" alt=\"\" width=\"830\" height=\"553\" srcset=\"https:\/\/static.chefnini.com\/wp-content\/uploads\/2023\/01\/cheesecake-poire-pecan3.jpg 830w, https:\/\/static.chefnini.com\/wp-content\/uploads\/2023\/01\/cheesecake-poire-pecan3-300x200.jpg 300w, https:\/\/static.chefnini.com\/wp-content\/uploads\/2023\/01\/cheesecake-poire-pecan3-768x512.jpg 768w, https:\/\/static.chefnini.com\/wp-content\/uploads\/2023\/01\/cheesecake-poire-pecan3-450x300.jpg 450w\" sizes=\"(max-width: 830px) 100vw, 830px\"\/><\/p>\n<p itemprop=\"description\">Bonne nouvelle, l\u2019automne est l\u00e0 et je peux enfin vous partager cette recette qui attendait depuis quelques temps dans mes brouillons. ^^<\/p>\n<p>Question cheesecake, il y a en quelque sorte 2 clans : sans cuisson ou avec cuisson. Vous faites partie duquel ?<\/p>\n<p>J\u2019esp\u00e8re que vous aimez les cheesecakes sans cuisson car c\u2019est cette version que je vous propose. \ud83d\ude42 Une cr\u00e8me parfum\u00e9e \u00e0 la vanille, une base de biscuits sp\u00e9culoos et un topping de poires, noix de p\u00e9can et sirop d\u2019\u00e9rable. Un mariage automnal qui marche \u00e0 tous les coups !<\/p>\n<p><img itemprop=\"image\" class=\"aligncenter size-full wp-image-43787\" data-src=\"https:\/\/static.chefnini.com\/wp-content\/uploads\/2023\/01\/cheesecake-poire-pecan5.jpg\" alt=\"\" width=\"830\" height=\"553\" srcset=\"https:\/\/static.chefnini.com\/wp-content\/uploads\/2023\/01\/cheesecake-poire-pecan5.jpg 830w, https:\/\/static.chefnini.com\/wp-content\/uploads\/2023\/01\/cheesecake-poire-pecan5-300x200.jpg 300w, https:\/\/static.chefnini.com\/wp-content\/uploads\/2023\/01\/cheesecake-poire-pecan5-768x512.jpg 768w, https:\/\/static.chefnini.com\/wp-content\/uploads\/2023\/01\/cheesecake-poire-pecan5-450x300.jpg 450w\" sizes=\"(max-width: 830px) 100vw, 830px\"\/> <img itemprop=\"image\" class=\"aligncenter size-full wp-image-43788\" data-src=\"https:\/\/static.chefnini.com\/wp-content\/uploads\/2023\/01\/cheesecake-poire-pecan6.jpg\" alt=\"\" width=\"500\" height=\"750\" srcset=\"https:\/\/static.chefnini.com\/wp-content\/uploads\/2023\/01\/cheesecake-poire-pecan6.jpg 500w, https:\/\/static.chefnini.com\/wp-content\/uploads\/2023\/01\/cheesecake-poire-pecan6-200x300.jpg 200w\" sizes=\"(max-width: 500px) 100vw, 500px\"\/><\/p>\n<h3 itemprop=\"recipeYield\">Pour 6 personnes :<\/h3>\n<ul>\n<li itemprop=\"ingredients\">200 g de biscuits sp\u00e9culoos<\/li>\n<li itemprop=\"ingredients\">80 g de beurre<\/li>\n<li itemprop=\"ingredients\">400 g de Cream Cheese (type Philadelphia)<\/li>\n<li itemprop=\"ingredients\">30 cl de cr\u00e8me fleurette (enti\u00e8re et bien froide)<\/li>\n<li itemprop=\"ingredients\">120 g de sucre en poudre<\/li>\n<li itemprop=\"ingredients\">2 poires<\/li>\n<li itemprop=\"ingredients\">6 g de feuilles de g\u00e9latine<\/li>\n<li itemprop=\"ingredients\">2 gousses de vanille<\/li>\n<li itemprop=\"ingredients\">Quelques cerneaux de noix de p\u00e9can<\/li>\n<li itemprop=\"ingredients\">1 filet de sirop d\u2019\u00e9rable<\/li>\n<\/ul>\n<div itemprop=\"recipeInstructions\">\n<p><img itemprop=\"image\" class=\"aligncenter size-full wp-image-43789\" data-src=\"https:\/\/static.chefnini.com\/wp-content\/uploads\/2023\/01\/cheesecake-poire-pecan7.jpg\" alt=\"\" width=\"500\" height=\"750\" srcset=\"https:\/\/static.chefnini.com\/wp-content\/uploads\/2023\/01\/cheesecake-poire-pecan7.jpg 500w, https:\/\/static.chefnini.com\/wp-content\/uploads\/2023\/01\/cheesecake-poire-pecan7-200x300.jpg 200w\" sizes=\"(max-width: 500px) 100vw, 500px\"\/><\/p>\n<p>1- Mixez les biscuits sp\u00e9culoos en fine poudre.<\/p>\n<p>2- Faites fondre le beurre, versez sur la poudre de biscuits et m\u00e9langez.<\/p>\n<p>3- Placez une feuille de papier sulfuris\u00e9 sur un plat et d\u00e9posez un cercle \u00e0 p\u00e2tisserie de 20 cm de diam\u00e8tre.<\/p>\n<p>4- Tapissez le fond avec les biscuits. Tassez bien avec le dos d\u2019une cuill\u00e8re.<\/p>\n<p>5- Placez au r\u00e9frig\u00e9rateur en attendant de faire la suite de la recette.<\/p>\n<p>6- Placez les feuilles de g\u00e9latine dans de l\u2019eau froide pour les faire ramollir.<\/p>\n<p>7- Versez la cr\u00e8me fleurette dans un grand saladier. Ajoutez le sucre et les graines des gousse de vanille.<\/p>\n<p>8- Fouettez au batteur \u00e9lectrique jusqu\u2019\u00e0 obtenir une cr\u00e8me ferme.<\/p>\n<p>9- M\u00e9langez \u00e0 part le cream cheese dans un saladier pour le d\u00e9tendre et incorporez d\u00e9licatement la cr\u00e8me fouett\u00e9e.<\/p>\n<p>10- Versez les feuilles de g\u00e9latine ramollies avec une cuill\u00e8re \u00e0 soupe d\u2019eau dans une petite casserole et faites fondre sur feu doux.<\/p>\n<p>11-Versez dans la cr\u00e8me mont\u00e9e et m\u00e9langez pour incorporer rapidement la g\u00e9latine.<\/p>\n<p>12- Reprenez le cercle \u00e0 p\u00e2tisserie et versez la cr\u00e8me. Lissez \u00e0 la spatule et placez au frais pour 4 heures, minimum.<\/p>\n<p>13- Retirez le papier sulfuris\u00e9 et passez la lame d\u2019un couteau tout autour pour d\u00e9coller le cercle.<\/p>\n<p>14- Au moment de servir, \u00e9pluchez les poires et coupez-les en lamelles.<\/p>\n<p>15- Placez les poires sur le cheesecake et d\u00e9corez de noix de p\u00e9can.<\/p>\n<p>16- Arrosez d\u2019un filet de sirop d\u2019\u00e9rable.<\/p>\n<p><img itemprop=\"image\" class=\"aligncenter size-full wp-image-43790\" data-src=\"https:\/\/static.chefnini.com\/wp-content\/uploads\/2023\/01\/cheesecake-poire-pecan8.jpg\" alt=\"\" width=\"830\" height=\"553\" srcset=\"https:\/\/static.chefnini.com\/wp-content\/uploads\/2023\/01\/cheesecake-poire-pecan8.jpg 830w, https:\/\/static.chefnini.com\/wp-content\/uploads\/2023\/01\/cheesecake-poire-pecan8-300x200.jpg 300w, https:\/\/static.chefnini.com\/wp-content\/uploads\/2023\/01\/cheesecake-poire-pecan8-768x512.jpg 768w, https:\/\/static.chefnini.com\/wp-content\/uploads\/2023\/01\/cheesecake-poire-pecan8-450x300.jpg 450w\" sizes=\"(max-width: 830px) 100vw, 830px\"\/><\/p>\n<\/div>\n<p> <!-- recipeInstructions --> \t\t\t\t\t\t\t\t\t<\/div>\n<p>[ad_2]<br \/>\n<br \/><a href=\"https:\/\/www.chefnini.com\/cheesecake-aux-poires-et-aux-noix-de-pecan\/\">Source link <\/a><\/p>\n","protected":false},"excerpt":{"rendered":"<p>[ad_1] Bonne nouvelle, l\u2019automne est l\u00e0 et je peux enfin vous partager cette recette qui attendait depuis quelques temps dans &hellip; <a href=\"http:\/\/www.affinite.fr\/index.php\/2023\/10\/07\/cheesecake-aux-poires-et-aux-noix-de-pecan\/\" class=\"more-link\">Plus <span class=\"screen-reader-text\">Cheesecake aux poires et aux noix de p\u00e9can<\/span> <span class=\"meta-nav\">&rarr;<\/span><\/a><\/p>\n","protected":false},"author":1,"featured_media":9600,"comment_status":"","ping_status":"open","sticky":false,"template":"","format":"standard","meta":{"_sitemap_exclude":false,"_sitemap_priority":"","_sitemap_frequency":"","footnotes":""},"categories":[1],"tags":[],"class_list":["post-9599","post","type-post","status-publish","format-standard","has-post-thumbnail","hentry","category-tous"],"_links":{"self":[{"href":"http:\/\/www.affinite.fr\/index.php\/wp-json\/wp\/v2\/posts\/9599"}],"collection":[{"href":"http:\/\/www.affinite.fr\/index.php\/wp-json\/wp\/v2\/posts"}],"about":[{"href":"http:\/\/www.affinite.fr\/index.php\/wp-json\/wp\/v2\/types\/post"}],"author":[{"embeddable":true,"href":"http:\/\/www.affinite.fr\/index.php\/wp-json\/wp\/v2\/users\/1"}],"replies":[{"embeddable":true,"href":"http:\/\/www.affinite.fr\/index.php\/wp-json\/wp\/v2\/comments?post=9599"}],"version-history":[{"count":0,"href":"http:\/\/www.affinite.fr\/index.php\/wp-json\/wp\/v2\/posts\/9599\/revisions"}],"wp:featuredmedia":[{"embeddable":true,"href":"http:\/\/www.affinite.fr\/index.php\/wp-json\/wp\/v2\/media\/9600"}],"wp:attachment":[{"href":"http:\/\/www.affinite.fr\/index.php\/wp-json\/wp\/v2\/media?parent=9599"}],"wp:term":[{"taxonomy":"category","embeddable":true,"href":"http:\/\/www.affinite.fr\/index.php\/wp-json\/wp\/v2\/categories?post=9599"},{"taxonomy":"post_tag","embeddable":true,"href":"http:\/\/www.affinite.fr\/index.php\/wp-json\/wp\/v2\/tags?post=9599"}],"curies":[{"name":"wp","href":"https:\/\/api.w.org\/{rel}","templated":true}]}}