{"id":9593,"date":"2023-10-05T20:45:45","date_gmt":"2023-10-05T20:45:45","guid":{"rendered":"https:\/\/www.affinite.fr\/index.php\/2023\/10\/05\/projets-personnels-et-maternite-la-star-se-justifie-sur-son-absence-au-cinema\/"},"modified":"2023-10-05T20:45:45","modified_gmt":"2023-10-05T20:45:45","slug":"projets-personnels-et-maternite-la-star-se-justifie-sur-son-absence-au-cinema","status":"publish","type":"post","link":"http:\/\/www.affinite.fr\/index.php\/2023\/10\/05\/projets-personnels-et-maternite-la-star-se-justifie-sur-son-absence-au-cinema\/","title":{"rendered":"\u00ab\u00a0Projets personnels\u00a0\u00bb et maternit\u00e9, la star se justifie sur son absence au cin\u00e9ma"},"content":{"rendered":"<p> [ad_1]<br \/>\n<br \/><img decoding=\"async\" src=\"https:\/\/img-3.journaldesfemmes.fr\/YVRGTIZrnSTJNwyMYSiUJpTztrw=\/1280x\/smart\/856d844bb1864485ac67c4205ddb9f5b\/ccmcms-jdf\/39668962.jpg\" \/><\/p>\n<p>\n                Disparue du cin\u00e9ma pendant plusieurs ann\u00e9es, Audrey Tautou fait son come back. L&rsquo;occasion pour la populaire actrice de s&rsquo;expliquer avec franchise sur ce retour, volontaire, dans l&rsquo;ombre&#8230;            <\/p>\n<div>\n<p>En 2019, apr\u00e8s son r\u00f4le dans\u00a0<em>The Jesus Rolls<\/em>,<strong> <a href=\"https:\/\/www.journaldesfemmes.fr\/people\/personnalites\/2713805-audrey-tautou-vie\/\" title=\"Audrey Tautou\">Audrey Tautou<\/a> a fait le choix de se retirer totalement de la vie publique. <\/strong>Et elle a d\u00e9sert\u00e9 les plateaux de cin\u00e9ma <strong>pour se consacrer \u00e0 sa nouvelle vie de m\u00e8re<\/strong>, et \u00e0 deux autres de ses passions\u00a0: le dessin et la photographie.\u00a0<\/p>\n<h2>Audrey Tautou de retour \u00e0 son rythme sur le devant de la sc\u00e8ne\u00a0<\/h2>\n<p>Mais ce temps semble r\u00e9volu\u2026 Du moins partiellement. En effet, le mercredi 11\u00a0octobre prochain, Audrey Tautou sera de retour dans le 7e art puisqu&rsquo;elle<strong> pr\u00eatera sa voix \u00e0 l&rsquo;un des personnages du film d&rsquo;animation\u00a0<em>Nina et le secret du h\u00e9risson<\/em>.<\/strong>\u00a0Mieux encore, les plus chanceux pourront<strong> <\/strong>la retrouver sur les planches de la Seine Musicale \u00e0 Paris en janvier. \u00a0Et pour cause,<strong> l&rsquo;actrice aujourd&rsquo;hui \u00e2g\u00e9e de 47\u00a0ans jouera dans la pi\u00e8ce <em>Charlotte<\/em><\/strong>, adapt\u00e9e du roman de David Foenkinos.<\/p>\n<p>C&rsquo;est donc dans ce cadre que celle qui a \u00e9t\u00e9 propuls\u00e9e sur le devant de la sc\u00e8ne avec le succ\u00e8s du film<em>\u00a0<a href=\"https:\/\/www.journaldesfemmes.fr\/people\/actus\/2916147-vanessa-paradis-film-amelie-poulain-fille-lily-rose\/\" target=\"_blank\" rel=\"noopener\">Le Fabuleux Destin d&rsquo;Am\u00e9lie Poulain<\/a><\/em>, est enfin sortie du silence. C&rsquo;\u00e9tait ce jeudi 5\u00a0octobre dans les colonnes de\u00a0<em>L&rsquo;Obs<\/em>.\u00a0<\/p>\n<h2>Devenue m\u00e8re d&rsquo;une petite fille, Audrey Tautou a voulu se <em>\u00ab\u00a0consacrer \u00e0 ses projets personnels\u00a0\u00bb<\/em><\/h2>\n<p><strong>Devenue m\u00e8re d&rsquo;une petite fille, n\u00e9e au Vietnam,\u00a0adopt\u00e9e\u00a02019<\/strong>, l&rsquo;actrice raconte : <strong><em>\u00ab\u00a0Je dois dire aussi que ma vie a \u00e9norm\u00e9ment chang\u00e9 avec la maternit\u00e9. Je passe le plus de temps possible avec ma fille (&#8230;)\u00a0<\/em><\/strong><em>Sur un tournage, tout est organis\u00e9, hi\u00e9rarchis\u00e9, rien n&rsquo;est laiss\u00e9 au hasard. Nous sommes de bons petits soldats, du moins c&rsquo;est ainsi que je le vivais\u00a0\u00bb<\/em>.\u00a0<\/p>\n<p>Aujourd&rsquo;hui, Audrey Tautou se consacre donc \u00e0 ses deux autres passions\u00a0: la photographie et le dessin. D&rsquo;ailleurs, <strong>elle travaille actuellement sur l&rsquo;illustration d&rsquo;un livre pour enfants\u00a0qu&rsquo;elle a elle-m\u00eame \u00e9crit.<\/strong>\u00a0\u00ab\u00a0<em>Je voulais prendre le temps et disposer de ma libert\u00e9 d&rsquo;esprit pour me consacrer \u00e0 mes projets personnels, entam\u00e9s il y a longtemps. Comme je suis autodidacte, tout me prend beaucoup de temps. Je me suis lanc\u00e9e dans toutes ces aventures sans trop r\u00e9aliser \u00e0 quel point ce serait difficile<\/em>\u00ab\u00a0, a-t-elle ensuite d\u00e9taill\u00e9.<\/p>\n<\/p><\/div>\n<p>[ad_2]<br \/>\n<br \/><a href=\"https:\/\/www.journaldesfemmes.fr\/people\/actus\/2953231-audrey-tautou-devenue-maman-se-justifie-sur-son-retrait-du-cinema\/\">Source link <\/a><\/p>\n","protected":false},"excerpt":{"rendered":"<p>[ad_1] Disparue du cin\u00e9ma pendant plusieurs ann\u00e9es, Audrey Tautou fait son come back. L&rsquo;occasion pour la populaire actrice de s&rsquo;expliquer &hellip; <a href=\"http:\/\/www.affinite.fr\/index.php\/2023\/10\/05\/projets-personnels-et-maternite-la-star-se-justifie-sur-son-absence-au-cinema\/\" class=\"more-link\">Plus <span class=\"screen-reader-text\">\u00ab\u00a0Projets personnels\u00a0\u00bb et maternit\u00e9, la star se justifie sur son absence au cin\u00e9ma<\/span> <span class=\"meta-nav\">&rarr;<\/span><\/a><\/p>\n","protected":false},"author":1,"featured_media":9594,"comment_status":"","ping_status":"open","sticky":false,"template":"","format":"standard","meta":{"_sitemap_exclude":false,"_sitemap_priority":"","_sitemap_frequency":"","footnotes":""},"categories":[1],"tags":[],"class_list":["post-9593","post","type-post","status-publish","format-standard","has-post-thumbnail","hentry","category-tous"],"_links":{"self":[{"href":"http:\/\/www.affinite.fr\/index.php\/wp-json\/wp\/v2\/posts\/9593"}],"collection":[{"href":"http:\/\/www.affinite.fr\/index.php\/wp-json\/wp\/v2\/posts"}],"about":[{"href":"http:\/\/www.affinite.fr\/index.php\/wp-json\/wp\/v2\/types\/post"}],"author":[{"embeddable":true,"href":"http:\/\/www.affinite.fr\/index.php\/wp-json\/wp\/v2\/users\/1"}],"replies":[{"embeddable":true,"href":"http:\/\/www.affinite.fr\/index.php\/wp-json\/wp\/v2\/comments?post=9593"}],"version-history":[{"count":0,"href":"http:\/\/www.affinite.fr\/index.php\/wp-json\/wp\/v2\/posts\/9593\/revisions"}],"wp:featuredmedia":[{"embeddable":true,"href":"http:\/\/www.affinite.fr\/index.php\/wp-json\/wp\/v2\/media\/9594"}],"wp:attachment":[{"href":"http:\/\/www.affinite.fr\/index.php\/wp-json\/wp\/v2\/media?parent=9593"}],"wp:term":[{"taxonomy":"category","embeddable":true,"href":"http:\/\/www.affinite.fr\/index.php\/wp-json\/wp\/v2\/categories?post=9593"},{"taxonomy":"post_tag","embeddable":true,"href":"http:\/\/www.affinite.fr\/index.php\/wp-json\/wp\/v2\/tags?post=9593"}],"curies":[{"name":"wp","href":"https:\/\/api.w.org\/{rel}","templated":true}]}}