{"id":9583,"date":"2023-10-02T20:40:43","date_gmt":"2023-10-02T20:40:43","guid":{"rendered":"https:\/\/www.affinite.fr\/index.php\/2023\/10\/02\/pour-etre-sur-de-passer-noel-en-famille-reservez-vos-billets-de-train-a-cette-date\/"},"modified":"2023-10-02T20:40:43","modified_gmt":"2023-10-02T20:40:43","slug":"pour-etre-sur-de-passer-noel-en-famille-reservez-vos-billets-de-train-a-cette-date","status":"publish","type":"post","link":"http:\/\/www.affinite.fr\/index.php\/2023\/10\/02\/pour-etre-sur-de-passer-noel-en-famille-reservez-vos-billets-de-train-a-cette-date\/","title":{"rendered":"Pour \u00eatre s\u00fbr de passer No\u00ebl en famille, r\u00e9servez vos billets de train \u00e0 cette date"},"content":{"rendered":"<p> [ad_1]<br \/>\n<br \/><img decoding=\"async\" src=\"https:\/\/img-3.journaldesfemmes.fr\/cNEgQgvoxy7mFPVKVdLNUS37sXA=\/1280x\/smart\/137e1c94d77e4974b10c2e5459615783\/ccmcms-jdf\/39666476.jpg\" \/><\/p>\n<p>\n                Si vous voulez f\u00eater No\u00ebl avec vos proches, mieux vaut r\u00e9server ses billets de train le plus t\u00f4t possible, d\u00e8s le d\u00e9but du mois d&rsquo;octobre. Car cette ann\u00e9e, un d\u00e9tail risque bien de chambouler l&rsquo;organisation de bon nombre de familles.            <\/p>\n<div>\n<p>En r\u00e8gle g\u00e9n\u00e9rale, les familles prennent le temps de s&rsquo;organiser en amont pour <strong>r\u00e9unir toute la famille \u00e0 l&rsquo;occasion des f\u00eates de No\u00ebl. <\/strong>Si papi et mamie, les cousins ou les oncles et tantes n&rsquo;habitent pas dans la m\u00eame ville, les f\u00eates de fin d&rsquo;ann\u00e9e sont toujours une bonne occasion de se retrouver tous ensemble.\u00a0Mais cette ann\u00e9e, cela risque d&rsquo;\u00eatre la course et les routes pourraient bien \u00eatre encore plus bond\u00e9es que les ann\u00e9es pr\u00e9c\u00e9dentes. Mais pourquoi ? Aussi, <strong>si vous pr\u00e9voyez de prendre le train, voici la date \u00e0 laquelle r\u00e9server vos billets<\/strong> pour \u00eatre s\u00fbrs d&rsquo;obtenir des places.<\/p>\n<h2>Pourquoi le week-end de\u00a0No\u00ebl va poser probl\u00e8me cette ann\u00e9e aux familles ?<\/h2>\n<p>Si en 2023, le <strong>week-end de\u00a0No\u00ebl<\/strong> risque de donner quelques sueurs froides aux familles, c&rsquo;est<strong> \u00e0 cause du calendrier scolaire des enfants<\/strong>.<strong>\u00a0<\/strong>Vous le savez, les <strong><a href=\"https:\/\/www.journaldesfemmes.fr\/maman\/guide-sorties-et-fetes-en-famille\/2613151-dates-vacances-noel-2022-2023\/\" title=\"Vacances de No\u00ebl\">vacances de No\u00ebl<\/a><\/strong> <strong>sont communes aux trois zones acad\u00e9miques<\/strong>, ce qui signifie que tous les \u00e9coliers sont en cong\u00e9s en m\u00eame temps. L&rsquo;ann\u00e9e derni\u00e8re, les \u00e9l\u00e8ves de la zone A, B et C n&rsquo;avaient plus \u00e9cole d\u00e8s le samedi 17 d\u00e9cembre 2022. Cette ann\u00e9e, la date des vacances est bien diff\u00e9rente, puisque<strong> les \u00e9coliers seront tous en vacances le samedi 23\u00a0d\u00e9cembre 2023, autrement dit la veille du r\u00e9veillon de\u00a0No\u00ebl. <\/strong>R\u00e9sultat <strong>: <\/strong>tout le monde va devoir voyager le m\u00eame jour pour passer le r\u00e9veillon en famille.\u00a0<\/p>\n<h2>Les solutions \u00e0 envisager pour passer les f\u00eates de No\u00ebl en famille<\/h2>\n<p>Vous l&rsquo;aurez compris, le trafic pour le week-end de No\u00ebl s&rsquo;annonce tr\u00e8s charg\u00e9, aussi bien sur les routes que dans les gares. Contact\u00e9 par notre r\u00e9daction, le service de presse SNCF Voyageurs nous a assur\u00e9 que <em>\u00ab\u00a0comme \u00e0 chaque week-end dit &lsquo;de grands de d\u00e9parts&rsquo;, <strong>le maximum des trains TGV et INTERCITES seront engag\u00e9s afin de satisfaire la demande.<\/strong>\u00ab\u00a0<\/em>\u00a0Le train est d&rsquo;ailleurs une bonne solution pour \u00e9viter les bouchons sur la route. Mais encore faut-il avoir un billet de train. Pour cette p\u00e9riode, il est souvent conseill\u00e9 de <strong>r\u00e9server en avance sa place<\/strong>.\u00a0<\/p>\n<h2>La date \u00e0 laquelle r\u00e9server ses billets de train pour les f\u00eates de No\u00ebl<\/h2>\n<p>La SNCF ouvre la vente de ses billets de train, TGV Inoui, OUIGO et Intercit\u00e9s, pour la p\u00e9riode des f\u00eates de fin d&rsquo;ann\u00e9e <strong>d\u00e8s le mercredi 4 octobre 2023<\/strong>. \u00c0 cette date, la compagnie ferroviaire\u00a0annonce que les voyageurs pourront profiter des <strong><em>\u00ab\u00a0meilleurs prix\u00a0\u00bb<\/em><\/strong> pour des trajets en TGV Inoui\u00a0effectu\u00e9s du dimanche\u00a010 d\u00e9cembre 2023 au mardi 9 janvier 2024. Du c\u00f4t\u00e9 des <strong>trains OUIGO<\/strong>, le TGV version low cost de la SNCF, les billets qui seront mis en vente seront ceux pour des trajets compris entre le 10 d\u00e9cembre 2023 et le 5 juillet 2024.<\/p>\n<\/p><\/div>\n<p>[ad_2]<br \/>\n<br \/><a href=\"https:\/\/www.journaldesfemmes.fr\/maman\/magazine\/2946403-noel-en-famille-billets-de-train-date-octobre\/\">Source link <\/a><\/p>\n","protected":false},"excerpt":{"rendered":"<p>[ad_1] Si vous voulez f\u00eater No\u00ebl avec vos proches, mieux vaut r\u00e9server ses billets de train le plus t\u00f4t possible, &hellip; <a href=\"http:\/\/www.affinite.fr\/index.php\/2023\/10\/02\/pour-etre-sur-de-passer-noel-en-famille-reservez-vos-billets-de-train-a-cette-date\/\" class=\"more-link\">Plus <span class=\"screen-reader-text\">Pour \u00eatre s\u00fbr de passer No\u00ebl en famille, r\u00e9servez vos billets de train \u00e0 cette date<\/span> <span class=\"meta-nav\">&rarr;<\/span><\/a><\/p>\n","protected":false},"author":1,"featured_media":9584,"comment_status":"","ping_status":"open","sticky":false,"template":"","format":"standard","meta":{"_sitemap_exclude":false,"_sitemap_priority":"","_sitemap_frequency":"","footnotes":""},"categories":[1],"tags":[],"class_list":["post-9583","post","type-post","status-publish","format-standard","has-post-thumbnail","hentry","category-tous"],"_links":{"self":[{"href":"http:\/\/www.affinite.fr\/index.php\/wp-json\/wp\/v2\/posts\/9583"}],"collection":[{"href":"http:\/\/www.affinite.fr\/index.php\/wp-json\/wp\/v2\/posts"}],"about":[{"href":"http:\/\/www.affinite.fr\/index.php\/wp-json\/wp\/v2\/types\/post"}],"author":[{"embeddable":true,"href":"http:\/\/www.affinite.fr\/index.php\/wp-json\/wp\/v2\/users\/1"}],"replies":[{"embeddable":true,"href":"http:\/\/www.affinite.fr\/index.php\/wp-json\/wp\/v2\/comments?post=9583"}],"version-history":[{"count":0,"href":"http:\/\/www.affinite.fr\/index.php\/wp-json\/wp\/v2\/posts\/9583\/revisions"}],"wp:featuredmedia":[{"embeddable":true,"href":"http:\/\/www.affinite.fr\/index.php\/wp-json\/wp\/v2\/media\/9584"}],"wp:attachment":[{"href":"http:\/\/www.affinite.fr\/index.php\/wp-json\/wp\/v2\/media?parent=9583"}],"wp:term":[{"taxonomy":"category","embeddable":true,"href":"http:\/\/www.affinite.fr\/index.php\/wp-json\/wp\/v2\/categories?post=9583"},{"taxonomy":"post_tag","embeddable":true,"href":"http:\/\/www.affinite.fr\/index.php\/wp-json\/wp\/v2\/tags?post=9583"}],"curies":[{"name":"wp","href":"https:\/\/api.w.org\/{rel}","templated":true}]}}