{"id":9577,"date":"2023-09-30T19:32:52","date_gmt":"2023-09-30T19:32:52","guid":{"rendered":"https:\/\/www.affinite.fr\/index.php\/2023\/09\/30\/entremets-petales-vanille-chocolat-pour-epater-vos-invites\/"},"modified":"2023-09-30T19:32:52","modified_gmt":"2023-09-30T19:32:52","slug":"entremets-petales-vanille-chocolat-pour-epater-vos-invites","status":"publish","type":"post","link":"http:\/\/www.affinite.fr\/index.php\/2023\/09\/30\/entremets-petales-vanille-chocolat-pour-epater-vos-invites\/","title":{"rendered":"Entremets p\u00e9tales vanille chocolat pour \u00e9pater vos invit\u00e9s"},"content":{"rendered":"<p> [ad_1]<br \/>\n<\/p>\n<div class=\"hrecipe\">\n<div dir=\"ltr\" style=\"text-align: left\">Cet <span style=\"font-size: large\"><b><span class=\"fn\">entremets vanille <a href=\"http:\/\/www.affinite.fr\/index.php\/2025\/02\/27\/le-chocolat-et-le-materiel-indispensable-pour-reussir-vos-creations-gourmandes\/\">chocolat<\/a><\/span><\/b><\/span> est vraiment trop beau \ud83d\ude0dAvec son look en forme de fleur, il sera du plus bel offert sur votre table, en plus d&#039;\u00eatre absolument d\u00e9licieux !<\/p>\n<p><i class=\"fab fa-youtube\"><\/i> La recette en vid\u00e9o est ici : <span class=\"lienamazon\"><a href=\"https:\/\/youtu.be\/y6NiuezA6RM\" target=\"_blank\" rel=\"noopener\">Entremets vanille chocolat en vid\u00e9o<\/a><\/span>.<\/div>\n<div dir=\"ltr\" style=\"text-align: left\">\n <\/div>\n<div dir=\"ltr\" style=\"text-align: left\">\n<div style=\"text-align: center\"><a href=\"https:\/\/www.iletaitunefoislapatisserie.com\/2023\/09\/entremets-vanille-chocolat.html\" style=\"margin-left: 1em;margin-right: 1em\"><img decoding=\"async\" alt=\"recette-entremets-vanille-chocolat\" border=\"0\" data-original-height=\"800\" data-original-width=\"1200\" src=\"https:\/\/blogger.googleusercontent.com\/img\/b\/R29vZ2xl\/AVvXsEjjoRtVX7zMSwkk4QWLj80BpJoZOvELhn1wUxKIiplvTsonQV4ihmDfWq-RVM4vNCkXOIfScHhSi2PSVD8vGDiAouJLjVqcHbhnDgrb4_y9MAiECeuQV0RRMUItvxh3RgR7gw8nIAZ3onl-B2rs4e6n0D1ej2RZZd-5Mf1adkN7QsmJIr5PyFcFYovJcq0\/s16000\/entremets-vanille-chocolat.jpg\" title=\"recette entremets vanille chocolat\" class=\"photo\"><\/a><\/div>\n<\/div>\n<\/div>\n<p><a href=\"https:\/\/www.iletaitunefoislapatisserie.com\/2023\/09\/recette-entremets-vanille-chocolat-petales.html#more\">&#8230; la suite par ici<\/a><br \/>\n<br \/>[ad_2]<br \/>\n<br \/><a href=\"https:\/\/www.iletaitunefoislapatisserie.com\/2023\/09\/recette-entremets-vanille-chocolat-petales.html\">Source link <\/a><\/p>\n","protected":false},"excerpt":{"rendered":"<p>[ad_1] Cet entremets vanille chocolat est vraiment trop beau \ud83d\ude0dAvec son look en forme de fleur, il sera du plus &hellip; <a href=\"http:\/\/www.affinite.fr\/index.php\/2023\/09\/30\/entremets-petales-vanille-chocolat-pour-epater-vos-invites\/\" class=\"more-link\">Plus <span class=\"screen-reader-text\">Entremets p\u00e9tales vanille chocolat pour \u00e9pater vos invit\u00e9s<\/span> <span class=\"meta-nav\">&rarr;<\/span><\/a><\/p>\n","protected":false},"author":1,"featured_media":9578,"comment_status":"","ping_status":"open","sticky":false,"template":"","format":"standard","meta":{"_sitemap_exclude":false,"_sitemap_priority":"","_sitemap_frequency":"","footnotes":""},"categories":[1],"tags":[],"class_list":["post-9577","post","type-post","status-publish","format-standard","has-post-thumbnail","hentry","category-tous"],"_links":{"self":[{"href":"http:\/\/www.affinite.fr\/index.php\/wp-json\/wp\/v2\/posts\/9577"}],"collection":[{"href":"http:\/\/www.affinite.fr\/index.php\/wp-json\/wp\/v2\/posts"}],"about":[{"href":"http:\/\/www.affinite.fr\/index.php\/wp-json\/wp\/v2\/types\/post"}],"author":[{"embeddable":true,"href":"http:\/\/www.affinite.fr\/index.php\/wp-json\/wp\/v2\/users\/1"}],"replies":[{"embeddable":true,"href":"http:\/\/www.affinite.fr\/index.php\/wp-json\/wp\/v2\/comments?post=9577"}],"version-history":[{"count":0,"href":"http:\/\/www.affinite.fr\/index.php\/wp-json\/wp\/v2\/posts\/9577\/revisions"}],"wp:featuredmedia":[{"embeddable":true,"href":"http:\/\/www.affinite.fr\/index.php\/wp-json\/wp\/v2\/media\/9578"}],"wp:attachment":[{"href":"http:\/\/www.affinite.fr\/index.php\/wp-json\/wp\/v2\/media?parent=9577"}],"wp:term":[{"taxonomy":"category","embeddable":true,"href":"http:\/\/www.affinite.fr\/index.php\/wp-json\/wp\/v2\/categories?post=9577"},{"taxonomy":"post_tag","embeddable":true,"href":"http:\/\/www.affinite.fr\/index.php\/wp-json\/wp\/v2\/tags?post=9577"}],"curies":[{"name":"wp","href":"https:\/\/api.w.org\/{rel}","templated":true}]}}