{"id":9523,"date":"2023-09-15T19:48:30","date_gmt":"2023-09-15T19:48:30","guid":{"rendered":"https:\/\/www.affinite.fr\/index.php\/2023\/09\/15\/ce-medicament-ne-doit-pas-etre-pris-pour-dormir-surtout-apres-65-ans\/"},"modified":"2023-09-15T19:48:30","modified_gmt":"2023-09-15T19:48:30","slug":"ce-medicament-ne-doit-pas-etre-pris-pour-dormir-surtout-apres-65-ans","status":"publish","type":"post","link":"http:\/\/www.affinite.fr\/index.php\/2023\/09\/15\/ce-medicament-ne-doit-pas-etre-pris-pour-dormir-surtout-apres-65-ans\/","title":{"rendered":"Ce m\u00e9dicament ne doit pas \u00eatre pris pour dormir, surtout apr\u00e8s 65\u00a0ans"},"content":{"rendered":"<p> [ad_1]<br \/>\n<br \/><img decoding=\"async\" src=\"https:\/\/img-3.journaldesfemmes.fr\/UBmQgtU0PYGX3PETd6eJVXM6ymk=\/1280x\/smart\/d30038dd1920438c97dbecb092620eac\/ccmcms-jdf\/39662295.jpg\" \/><\/p>\n<p>\n                L&rsquo;Agence du m\u00e9dicament met en garde contre l&rsquo;utilisation non autoris\u00e9e de la mians\u00e9rine pour lutter contre les troubles du sommeil. Sa prise expose les patients \u00e0 des effets ind\u00e9sirables potentiellement graves.            <\/p>\n<div>\n<p>Pr\u00eat \u00e0 tout pour r\u00e9ussir \u00e0 trouver le sommeil ? Faites attention aux m\u00e9dicaments que vous prenez, rappelle l&rsquo;Agence nationale de s\u00e9curit\u00e9 du m\u00e9dicament et des produits de sant\u00e9\u00a0(<a href=\"https:\/\/ansm.sante.fr\/informations-de-securite\/medicaments-a-base-de-mianserine-rappel-du-bon-usage-et-des-risques-deffets-indesirables-graves-notamment-chez-les-patients-ages\" target=\"_blank\" rel=\"noopener\">ANSM<\/a>) dans un communiqu\u00e9 du 14 septembre. Elle alerte pr\u00e9cis\u00e9ment cette fois sur\u00a0<strong>la mians\u00e9rine.\u00a0<\/strong>Des<strong> utilisations non conformes <\/strong>de m\u00e9dicaments \u00e0 base de <a href=\"https:\/\/sante.journaldesfemmes.fr\/fiches-medicaments\/2777029-mianserine-effet-secondaires-posologie-sommeil-danger-remplacer\/\" title=\"Mians\u00e9rine\">mians\u00e9rine<\/a> ont \u00e9t\u00e9 observ\u00e9es,\u00a0notamment dans la prise en charge de troubles du sommeil<strong> chez les plus de 65\u00a0ans<\/strong>. L&rsquo;Agence rappelle que cette <strong>mol\u00e9cule <a href=\"https:\/\/sante.journaldesfemmes.fr\/fiches-medicaments\/2848169-psychotrope-definition-liste-effets-drogues\/\" title=\"Psychotropes\">psychotrope<\/a><\/strong> est uniquement autoris\u00e9e en France pour<strong>\u00a0les patients souffrant d&rsquo;\u00e9pisodes d\u00e9pressifs majeurs <\/strong>et qu&rsquo;elle n&rsquo;a pas re\u00e7u d&rsquo;autorisation de mise sur le march\u00e9 (AMM) pour traiter les <a href=\"https:\/\/sante.journaldesfemmes.fr\/fiches-sante-du-quotidien\/2794059-troubles-du-sommeil-liste-causes-consequences-qui-consulter-traitement\/\" title=\"Trouble du sommeil\">troubles du sommeil<\/a>.<\/p>\n<p>En prenant le m\u00e9dicament en dehors de son autorisation de mise sur le march\u00e9, les patients s&rsquo;exposent \u00e0 des<strong> effets ind\u00e9sirables potentiellement graves<\/strong> tels que :<\/p>\n<ul>\n<li><strong>des cas exceptionnels<\/strong>\u00a0<strong>d&rsquo;agranulocytose (anomalie sanguine)<\/strong>. C&rsquo;est pourquoi un contr\u00f4le de l&rsquo;<a href=\"https:\/\/sante.journaldesfemmes.fr\/fiches-anatomie-et-examens\/2521355-nfs-hemogramme-normes-analyse-resultats-prise-de-sang\/\" title=\"NFS\">h\u00e9mogramme<\/a> est recommand\u00e9, notamment lorsque le patient pr\u00e9sente une fi\u00e8vre, une angine ou d&rsquo;autres signes d&rsquo;infection,<\/li>\n<li>des effets ind\u00e9sirables\u00a0<strong>\u00e0 type de <a href=\"https:\/\/sante.journaldesfemmes.fr\/fiches-sante-du-quotidien\/2649651-somnolence-diurne-c-est-quoi-quelles-solutions\/\" title=\"Somnolence\">somnolence<\/a><\/strong>\u00a0<strong>tr\u00e8s fr\u00e9quents <\/strong>et susceptibles d&rsquo;avoir des cons\u00e9quences importantes notamment chez les patients \u00e2g\u00e9s,<\/li>\n<li>des <strong>h\u00e9patites<\/strong>,<\/li>\n<li>des <strong><a href=\"https:\/\/sante.journaldesfemmes.fr\/fiches-sante-du-quotidien\/2524303-convulsion-crise-definition-symptomes-cause-que-faire\/\" title=\"Convulsion\">convulsions<\/a><\/strong>,<\/li>\n<li>des risques d&rsquo;<strong>apparition de comportements de type suicidaire <\/strong>chez les patients d\u00e9pressifs ou chez les patients ayant des ant\u00e9c\u00e9dents de comportement de type suicide.<\/li>\n<\/ul>\n<p>L&rsquo;Agence de sant\u00e9\u00a0insiste \u00e9galement sur le fait qu&rsquo;une <strong>atteinte h\u00e9patique s\u00e9v\u00e8re est une contre-indication<\/strong> \u00e0 la prise de m\u00e9dicaments \u00e0 base de mians\u00e9rine.\u00a0Plusieurs laboratoires commercialisent des <a href=\"https:\/\/sante.journaldesfemmes.fr\/fiches-medicaments\/2742789-antidepresseurs-liste-effets-indications-sevrage-alcool-leger-puissant-ordonnance\/\" title=\"Antid\u00e9presseur\">antid\u00e9presseurs<\/a> \u00e0 base de mians\u00e9rine\u00a0: Arrow, Biogaran, Cristers, EG, Mylan, Qualimed, Ratiopharm, RPG, Sandoz, Teva, Zentiva.<\/p>\n<\/p><\/div>\n<p>[ad_2]<br \/>\n<br \/><a href=\"https:\/\/sante.journaldesfemmes.fr\/traitements-et-medicaments\/2947989-mise-en-garde-mianserine-sommeil\/\">Source link <\/a><\/p>\n","protected":false},"excerpt":{"rendered":"<p>[ad_1] L&rsquo;Agence du m\u00e9dicament met en garde contre l&rsquo;utilisation non autoris\u00e9e de la mians\u00e9rine pour lutter contre les troubles du &hellip; <a href=\"http:\/\/www.affinite.fr\/index.php\/2023\/09\/15\/ce-medicament-ne-doit-pas-etre-pris-pour-dormir-surtout-apres-65-ans\/\" class=\"more-link\">Plus <span class=\"screen-reader-text\">Ce m\u00e9dicament ne doit pas \u00eatre pris pour dormir, surtout apr\u00e8s 65\u00a0ans<\/span> <span class=\"meta-nav\">&rarr;<\/span><\/a><\/p>\n","protected":false},"author":1,"featured_media":9524,"comment_status":"","ping_status":"open","sticky":false,"template":"","format":"standard","meta":{"_sitemap_exclude":false,"_sitemap_priority":"","_sitemap_frequency":"","footnotes":""},"categories":[1],"tags":[],"class_list":["post-9523","post","type-post","status-publish","format-standard","has-post-thumbnail","hentry","category-tous"],"_links":{"self":[{"href":"http:\/\/www.affinite.fr\/index.php\/wp-json\/wp\/v2\/posts\/9523"}],"collection":[{"href":"http:\/\/www.affinite.fr\/index.php\/wp-json\/wp\/v2\/posts"}],"about":[{"href":"http:\/\/www.affinite.fr\/index.php\/wp-json\/wp\/v2\/types\/post"}],"author":[{"embeddable":true,"href":"http:\/\/www.affinite.fr\/index.php\/wp-json\/wp\/v2\/users\/1"}],"replies":[{"embeddable":true,"href":"http:\/\/www.affinite.fr\/index.php\/wp-json\/wp\/v2\/comments?post=9523"}],"version-history":[{"count":0,"href":"http:\/\/www.affinite.fr\/index.php\/wp-json\/wp\/v2\/posts\/9523\/revisions"}],"wp:featuredmedia":[{"embeddable":true,"href":"http:\/\/www.affinite.fr\/index.php\/wp-json\/wp\/v2\/media\/9524"}],"wp:attachment":[{"href":"http:\/\/www.affinite.fr\/index.php\/wp-json\/wp\/v2\/media?parent=9523"}],"wp:term":[{"taxonomy":"category","embeddable":true,"href":"http:\/\/www.affinite.fr\/index.php\/wp-json\/wp\/v2\/categories?post=9523"},{"taxonomy":"post_tag","embeddable":true,"href":"http:\/\/www.affinite.fr\/index.php\/wp-json\/wp\/v2\/tags?post=9523"}],"curies":[{"name":"wp","href":"https:\/\/api.w.org\/{rel}","templated":true}]}}