{"id":9515,"date":"2023-09-13T19:46:09","date_gmt":"2023-09-13T19:46:09","guid":{"rendered":"https:\/\/www.affinite.fr\/index.php\/2023\/09\/13\/lorie-pester-se-confie-sur-son-operation-irreversible\/"},"modified":"2023-09-13T19:46:09","modified_gmt":"2023-09-13T19:46:09","slug":"lorie-pester-se-confie-sur-son-operation-irreversible","status":"publish","type":"post","link":"http:\/\/www.affinite.fr\/index.php\/2023\/09\/13\/lorie-pester-se-confie-sur-son-operation-irreversible\/","title":{"rendered":"Lorie Pester se confie sur son op\u00e9ration irr\u00e9versible"},"content":{"rendered":"<p> [ad_1]<br \/>\n<br \/><img decoding=\"async\" src=\"https:\/\/img-3.journaldesfemmes.fr\/-HxL9RVLBlZLf5s2h34krdr6ruo=\/1280x\/smart\/2d4733fc140b4680a5be8a45bdb0c4cc\/ccmcms-jdf\/39661585.jpg\" \/><\/p>\n<p>\n                \u00ab\u00a0Je ne pourrais plus jamais avoir d&rsquo;enfants\u00a0\u00bb\u00a0: le 11\u00a0septembre, Lorie Pester s&rsquo;est confi\u00e9e sur le plateau du FigaroTV sur sa r\u00e9cente op\u00e9ration qui lui a permis de mettre fin aux douleurs de l&rsquo;endom\u00e9triose.            <\/p>\n<div>\n<p>Invit\u00e9e sur <a href=\"https:\/\/video.lefigaro.fr\/tvmag\/video\/je-ne-pourrai-plus-jamais-avoir-denfants-lorie-pester-se-confie-sur-sa-recente-decision-aux-consequences-irreversibles\/\" target=\"_blank\" rel=\"noopener\">le plateau de Buzz TV du FigaroTV<\/a>\u00a0pour promouvoir \u00ab\u00a0Brisons le tabou\u00a0\u00bb, une nouvelle \u00e9mission\u00a0d\u00e9di\u00e9e \u00e0 la sant\u00e9 des femmes qu&rsquo;elle pr\u00e9sente le mardi\u00a0sur RMC Story, <strong>Lorie Pester<\/strong>, atteinte d&rsquo;<strong><a href=\"https:\/\/sante.journaldesfemmes.fr\/fiches-maladies\/2511119-endometriose-definition-symptomes-traitement-cause-diagnostic-c-est-quoi\/\" title=\"Endom\u00e9triose\">endom\u00e9triose<\/a>\u00a0depuis l&rsquo;\u00e2ge de 30<\/strong>\u00a0<strong>ans<\/strong>, a d\u00fb prendre <strong>une d\u00e9cision radicale<\/strong> en ayant\u00a0recours \u00e0 une\u00a0<strong>hyst\u00e9rectomie<\/strong>,\u00a0un acte chirurgical qui consiste \u00e0 <strong>enlever l&rsquo;ut\u00e9rus<\/strong>. Il s&rsquo;agit, \u00e0 date, du <strong>seul traitement capable<\/strong> de soulager efficacement les douleurs li\u00e9es \u00e0 l&rsquo;<strong><a href=\"https:\/\/sante.journaldesfemmes.fr\/fiches-maladies\/2705437-adenomyose-uterine-focale-cause-symptomes-irm-age-traitement-menopause\/\" title=\"Ad\u00e9nomyose\">ad\u00e9nomyose<\/a><\/strong>, une forme d&rsquo;endom\u00e9triose localis\u00e9e \u00e0 l&rsquo;int\u00e9rieur de l&rsquo;ut\u00e9rus dont la chanteuse souffre.\u00a0<em>\u00ab\u00a0<strong>\u00c7a a \u00e9t\u00e9 tr\u00e8s dur \u00e0 prendre comme d\u00e9cision, <\/strong>on en a beaucoup parl\u00e9 avec mon compagnon, parce que c&rsquo;est une d\u00e9cision qui se prend en couple.<strong> Le probl\u00e8me, c&rsquo;est que c&rsquo;est irr\u00e9versible.<\/strong> Je sais que je ne pourrai plus jamais avoir d&rsquo;enfant\u00a0\u00bb, <\/em>confie la chanteuse-com\u00e9dienne \u00e2g\u00e9e aujourd&rsquo;hui de <strong>41 ans<\/strong> et <strong>maman de Nina, n\u00e9e en septembre 2020.<\/strong> Malgr\u00e9 l&rsquo;op\u00e9ration, Lorie Pester a encore <strong>quelques nodules <\/strong>mais elle ne ressent plus les douleurs qu&rsquo;elle subissait auparavant. Des <strong>douleurs si violentes<\/strong> qui pouvaient \u00ab\u00a0<em>la faire tomber dans les pommes pendant les tournages<\/em>\u00ab\u00a0.\u00a0\u00ab\u00a0<em>Aujourd&rsquo;hui, \u00e7a m&rsquo;a chang\u00e9 la vie,<strong> je n&rsquo;ai plus du tout mal<\/strong>.\u00a0Mais si je n&rsquo;avais pas eu\u00a0ma fille, je pense que je n&rsquo;aurais pas pris cette d\u00e9cision et je serai rest\u00e9e avec mes douleurs jusqu&rsquo;\u00e0 avoir un enfant<\/em>\u00ab\u00a0, poursuit-elle.<\/p>\n<p>L&rsquo;endom\u00e9triose est une maladie gyn\u00e9cologique qui reste <strong>peu connue,<\/strong> malgr\u00e9 sa forte pr\u00e9valence en France. Une femme sur 10 serait touch\u00e9e. Son diagnostic reste difficile et particuli\u00e8rement long : <strong>7 ans en moyenne<\/strong>.\u00a0Parmi les principaux <strong>sympt\u00f4mes de l&rsquo;endom\u00e9triose<\/strong>, il y a les<strong> r\u00e8gles<\/strong> <strong>tr\u00e8s douloureuses,<\/strong> mais \u00e9galement des probl\u00e8mes de fertilit\u00e9 avec des difficult\u00e9s \u00e0 concevoir un enfant.\u00a0\u00ab\u00a0<em>On a essay\u00e9 d&rsquo;avoir un enfant pendant quelques mois et \u00e7a n&rsquo;a pas abouti.\u00a0Il a fallu passer par une <a href=\"https:\/\/sante.journaldesfemmes.fr\/fiches-sexo-gyneco\/2540198-pma-france-definition-prix-pour-toutes-loi-age-remboursement\/\" title=\"Procr\u00e9ation m\u00e9dicalement assist\u00e9e\">PMA<\/a>, une<strong> FIV Icsi<\/strong>\u00a0&#8211; une f\u00e9condation in vitro ou un spermatozo\u00efde est inject\u00e9 directement dans l&rsquo;ovocyte de la femme &#8211;\u00a0pour acc\u00e9l\u00e9rer les choses et essayer de mettre toutes les chances de notre c\u00f4t\u00e9, sans que la maladie\u00a0se propage plus<\/em>\u00ab\u00a0, raconte la com\u00e9dienne.\u00a0\u00a0<\/p>\n<\/p><\/div>\n<p>[ad_2]<br \/>\n<br \/><a href=\"https:\/\/sante.journaldesfemmes.fr\/maladies\/2947415-lorie-pester-hysterectomie-maladie-endometriose\/\">Source link <\/a><\/p>\n","protected":false},"excerpt":{"rendered":"<p>[ad_1] \u00ab\u00a0Je ne pourrais plus jamais avoir d&rsquo;enfants\u00a0\u00bb\u00a0: le 11\u00a0septembre, Lorie Pester s&rsquo;est confi\u00e9e sur le plateau du FigaroTV sur &hellip; <a href=\"http:\/\/www.affinite.fr\/index.php\/2023\/09\/13\/lorie-pester-se-confie-sur-son-operation-irreversible\/\" class=\"more-link\">Plus <span class=\"screen-reader-text\">Lorie Pester se confie sur son op\u00e9ration irr\u00e9versible<\/span> <span class=\"meta-nav\">&rarr;<\/span><\/a><\/p>\n","protected":false},"author":1,"featured_media":9516,"comment_status":"","ping_status":"open","sticky":false,"template":"","format":"standard","meta":{"_sitemap_exclude":false,"_sitemap_priority":"","_sitemap_frequency":"","footnotes":""},"categories":[1],"tags":[],"class_list":["post-9515","post","type-post","status-publish","format-standard","has-post-thumbnail","hentry","category-tous"],"_links":{"self":[{"href":"http:\/\/www.affinite.fr\/index.php\/wp-json\/wp\/v2\/posts\/9515"}],"collection":[{"href":"http:\/\/www.affinite.fr\/index.php\/wp-json\/wp\/v2\/posts"}],"about":[{"href":"http:\/\/www.affinite.fr\/index.php\/wp-json\/wp\/v2\/types\/post"}],"author":[{"embeddable":true,"href":"http:\/\/www.affinite.fr\/index.php\/wp-json\/wp\/v2\/users\/1"}],"replies":[{"embeddable":true,"href":"http:\/\/www.affinite.fr\/index.php\/wp-json\/wp\/v2\/comments?post=9515"}],"version-history":[{"count":0,"href":"http:\/\/www.affinite.fr\/index.php\/wp-json\/wp\/v2\/posts\/9515\/revisions"}],"wp:featuredmedia":[{"embeddable":true,"href":"http:\/\/www.affinite.fr\/index.php\/wp-json\/wp\/v2\/media\/9516"}],"wp:attachment":[{"href":"http:\/\/www.affinite.fr\/index.php\/wp-json\/wp\/v2\/media?parent=9515"}],"wp:term":[{"taxonomy":"category","embeddable":true,"href":"http:\/\/www.affinite.fr\/index.php\/wp-json\/wp\/v2\/categories?post=9515"},{"taxonomy":"post_tag","embeddable":true,"href":"http:\/\/www.affinite.fr\/index.php\/wp-json\/wp\/v2\/tags?post=9515"}],"curies":[{"name":"wp","href":"https:\/\/api.w.org\/{rel}","templated":true}]}}