{"id":9511,"date":"2023-09-12T19:43:35","date_gmt":"2023-09-12T19:43:35","guid":{"rendered":"https:\/\/www.affinite.fr\/index.php\/2023\/09\/12\/la-fille-de-laetitia-casta-son-veritable-sosie-est-la-nouvelle-mannequin-que-tout-le-monde-sarrache\/"},"modified":"2023-09-12T19:43:35","modified_gmt":"2023-09-12T19:43:35","slug":"la-fille-de-laetitia-casta-son-veritable-sosie-est-la-nouvelle-mannequin-que-tout-le-monde-sarrache","status":"publish","type":"post","link":"http:\/\/www.affinite.fr\/index.php\/2023\/09\/12\/la-fille-de-laetitia-casta-son-veritable-sosie-est-la-nouvelle-mannequin-que-tout-le-monde-sarrache\/","title":{"rendered":"La fille de Laetitia Casta, son v\u00e9ritable sosie, est la nouvelle mannequin que tout le monde s&rsquo;arrache"},"content":{"rendered":"<p> [ad_1]<br \/>\n<br \/><img decoding=\"async\" src=\"https:\/\/img-3.journaldesfemmes.fr\/iTpOSeJO0GbSsL94O-V9vh5N4AY=\/1280x\/smart\/b7ed3a74542a43a1b428d43747c27ae6\/ccmcms-jdf\/39660873.jpg\" \/><\/p>\n<p>\n                La fille a\u00een\u00e9e de Laetitia Casta entre petit \u00e0 petit dans le monde du mannequinat. M\u00eame moue boudeuse que sa m\u00e8re, m\u00eame sens du style irr\u00e9prochable, la jeune femme, qui refuse de labelliser sa carri\u00e8re, est aussi artiste et photographe.            <\/p>\n<div>\n<p><strong>Sahteene Sednaoui<\/strong>, fille a\u00een\u00e9e\u00a0de l&rsquo;actrice\u00a0<strong><a href=\"https:\/\/www.journaldesfemmes.fr\/people\/laetitia-casta\/\" title=\"Laeticia Casta\">Laetitia Casta<\/a><\/strong>, commence \u00e0 marcher dans les pas de sa m\u00e8re. Artiste, photographe ou encore <strong>mannequin<\/strong>, la jeune femme a r\u00e9cemment pris la pose et donn\u00e9 une interview au\u00a0magazine italien <em><strong>La Repubblica<\/strong><\/em>. Immortalis\u00e9e par Senta Simond, elle fixe l&rsquo;appareil, cheveux d\u00e9tach\u00e9s\u00a0dans une combinaison blanche ultra moulante brod\u00e9e de grandes fleurs noires sign\u00e9e\u00a0<strong>Missoni<\/strong>. D&rsquo;autres images issues du shooting montrent la mannequin dans des cr\u00e9ations Armani, Schiaparelli, <a href=\"https:\/\/www.journaldesfemmes.fr\/mode\/conseils-mode\/2699041-valentino-garavani-maitre-du-glamour-a-l-italienne\/\" title=\"Valentino Garavani\">Valentino<\/a> ou encore Ferragamo. Des silhouettes pointues pens\u00e9es par la styliste Bianca Raggi.<\/p>\n<h2>Qui est Sahteene Sednaoui ?<\/h2>\n<p>La particularit\u00e9 de Sahteene Sednaoui, c&rsquo;est qu&rsquo;elle a grandi \u00e0 l&rsquo;abri\u00a0des projecteurs. Ce n&rsquo;est qu&rsquo;en <strong>2019\u00a0<\/strong>que le grand public d\u00e9couvre\u00a0son visage\u00a0lorsqu&rsquo;elle est photographi\u00e9e au c\u00f4t\u00e9 de sa m\u00e8re, lors du d\u00e9fil\u00e9 Croisi\u00e8re 2020\u00a0de la marque <strong>Miu Miu.<\/strong>\u00a0La jeune femme\u00a0n\u00e9e en 2001\u00a0fait alors ses premiers pas de mannequin sur le podium de l&rsquo;hippodrome d&rsquo;Auteuil, habill\u00e9e de\u00a0l&rsquo;une des cr\u00e9ations de la marque. Cette premi\u00e8re exp\u00e9rience prestigieuse ne fait pas tourner la t\u00eate de la\u00a0brune pour autant, qui n&rsquo;utilise pas son compte Instagram pour exposer<strong> <\/strong>sa <strong>vie priv\u00e9e<\/strong>\u00a0et continue de se tenir\u00a0loin des m\u00e9dias. Elle confie cependant utiliser toutes les formes d&rsquo;art, dont le th\u00e9\u00e2tre et la\u00a0<strong>photographie<\/strong>,\u00a0pour exprimer les diff\u00e9rentes facettes de son identit\u00e9. La jeune femme\u00a0suit en fait les traces de son p\u00e8re, le photographe franco-am\u00e9ricain <strong>St\u00e9phane Sednaoui.<\/strong> Et \u00e7a fonctionne, puisqu&rsquo;en octobre 2020,\u00a0la maison <strong>Valentino\u00a0<\/strong>fait appel \u00e0 l&rsquo;apprentie artiste\u00a0pour immortaliser\u00a0sa m\u00e8re\u00a0dans le cadre de la campagne Valentino Empathy.<\/p>\n<p>G\u00e9n\u00e9reuses, m\u00e8re et\u00a0fille avaient d&rsquo;ailleurs renonc\u00e9 \u00e0 leurs cachets\u00a0pour soutenir les h\u00f4pitaux italiens luttant contre la pand\u00e9mie de Covid-19. Sahteene Sednaoui partage aujourd&rsquo;hui r\u00e9guli\u00e8rement les clich\u00e9s dont elle est l&rsquo;autrice sur son compte Instagram. Une touche-\u00e0-tout \u00e0 suivre de pr\u00e8s.<\/p>\n<\/p><\/div>\n<p>[ad_2]<br \/>\n<br \/><a href=\"https:\/\/www.journaldesfemmes.fr\/mode\/magazine-mode\/2946843-la-fille-de-laetitia-casta-est-elle-la-nouvelle-mannequin-a-suivre\/\">Source link <\/a><\/p>\n","protected":false},"excerpt":{"rendered":"<p>[ad_1] La fille a\u00een\u00e9e de Laetitia Casta entre petit \u00e0 petit dans le monde du mannequinat. M\u00eame moue boudeuse que &hellip; <a href=\"http:\/\/www.affinite.fr\/index.php\/2023\/09\/12\/la-fille-de-laetitia-casta-son-veritable-sosie-est-la-nouvelle-mannequin-que-tout-le-monde-sarrache\/\" class=\"more-link\">Plus <span class=\"screen-reader-text\">La fille de Laetitia Casta, son v\u00e9ritable sosie, est la nouvelle mannequin que tout le monde s&rsquo;arrache<\/span> <span class=\"meta-nav\">&rarr;<\/span><\/a><\/p>\n","protected":false},"author":1,"featured_media":9512,"comment_status":"","ping_status":"open","sticky":false,"template":"","format":"standard","meta":{"_sitemap_exclude":false,"_sitemap_priority":"","_sitemap_frequency":"","footnotes":""},"categories":[1],"tags":[],"class_list":["post-9511","post","type-post","status-publish","format-standard","has-post-thumbnail","hentry","category-tous"],"_links":{"self":[{"href":"http:\/\/www.affinite.fr\/index.php\/wp-json\/wp\/v2\/posts\/9511"}],"collection":[{"href":"http:\/\/www.affinite.fr\/index.php\/wp-json\/wp\/v2\/posts"}],"about":[{"href":"http:\/\/www.affinite.fr\/index.php\/wp-json\/wp\/v2\/types\/post"}],"author":[{"embeddable":true,"href":"http:\/\/www.affinite.fr\/index.php\/wp-json\/wp\/v2\/users\/1"}],"replies":[{"embeddable":true,"href":"http:\/\/www.affinite.fr\/index.php\/wp-json\/wp\/v2\/comments?post=9511"}],"version-history":[{"count":0,"href":"http:\/\/www.affinite.fr\/index.php\/wp-json\/wp\/v2\/posts\/9511\/revisions"}],"wp:featuredmedia":[{"embeddable":true,"href":"http:\/\/www.affinite.fr\/index.php\/wp-json\/wp\/v2\/media\/9512"}],"wp:attachment":[{"href":"http:\/\/www.affinite.fr\/index.php\/wp-json\/wp\/v2\/media?parent=9511"}],"wp:term":[{"taxonomy":"category","embeddable":true,"href":"http:\/\/www.affinite.fr\/index.php\/wp-json\/wp\/v2\/categories?post=9511"},{"taxonomy":"post_tag","embeddable":true,"href":"http:\/\/www.affinite.fr\/index.php\/wp-json\/wp\/v2\/tags?post=9511"}],"curies":[{"name":"wp","href":"https:\/\/api.w.org\/{rel}","templated":true}]}}