{"id":9509,"date":"2023-09-11T19:41:41","date_gmt":"2023-09-11T19:41:41","guid":{"rendered":"https:\/\/www.affinite.fr\/index.php\/2023\/09\/11\/petit-accent-age-avance-taille-harcelement-metier-tout-savoir-sur-la-candidate-a-miss-france-2024\/"},"modified":"2023-09-11T19:41:41","modified_gmt":"2023-09-11T19:41:41","slug":"petit-accent-age-avance-taille-harcelement-metier-tout-savoir-sur-la-candidate-a-miss-france-2024","status":"publish","type":"post","link":"http:\/\/www.affinite.fr\/index.php\/2023\/09\/11\/petit-accent-age-avance-taille-harcelement-metier-tout-savoir-sur-la-candidate-a-miss-france-2024\/","title":{"rendered":"\u00ab\u00a0petit accent\u00a0\u00bb, \u00e2ge avanc\u00e9, taille, harc\u00e8lement, m\u00e9tier\u2026 tout savoir sur la candidate \u00e0 Miss France 2024"},"content":{"rendered":"<p> [ad_1]<br \/>\n<\/p>\n<p>\n                Ce dimanche 10\u00a0septembre, Adeline Vetter a \u00e9t\u00e9 \u00e9lue Miss Alsace, au Royal Palace de Kirrwiller. Elle remporte ainsi son ticket pour l&rsquo;\u00e9lection de Miss France 2024. Mais qui est-elle\u00a0? Voici toutes les infos sur la reine de beaut\u00e9.            <\/p>\n<div>\n<p>L&rsquo;\u00e9tau se resserre entre les diff\u00e9rentes candidates qui aspirent \u00e0 devenir<strong> <a href=\"https:\/\/www.journaldesfemmes.fr\/people\/rendez-vous\/2586346-miss-france-2024-date-lieu-candidate\/\" title=\"C\u00e9r\u00e9monie de Miss France\">Miss France<\/a> 2024 et prendre ainsi la suite de la discr\u00e8te Indira Ampiot<\/strong>. La derni\u00e8re Miss r\u00e9gionale en date ?<strong> Adeline Vetter<\/strong>, qui a \u00e9t\u00e9 \u00e9lue ce dimanche 10 septembre Miss Alsace, lors d&rsquo;une magnifique soir\u00e9e au sein du <em>Royal Palace<\/em> de Kirrwiller. Mais qui se cache derri\u00e8re cette belle brune\u00a0?\u00a0<\/p>\n<h2>Adeline Vetter devient Miss Alsace : tout savoir sur elle<\/h2>\n<p>Elle s&rsquo;est d\u00e9marqu\u00e9e parmi les douze candidates en lice pour remporter la couronne de <strong>Miss Alsace 2023<\/strong>\u00a0lors d&rsquo;une soir\u00e9e anim\u00e9e sp\u00e9cialement par Christophe Beaugrand !\u00a0Adeline Vetter est<strong> \u00e2g\u00e9e de 27 ans <\/strong>&#8211; elle est \u00e0 date la candidate la plus \u00e2g\u00e9e s\u00e9lectionn\u00e9e pour Miss France 2024 -, elle <strong>mesure 1m70<\/strong>,\u00a0<strong>vit \u00e0 Rossfeld<\/strong>, est du <strong>signe astrologique Sagittaire<\/strong>\u00a0et\u00a0exerce le m\u00e9tier de <strong>pharmacienne<\/strong>.<\/p>\n<p>La jeune reine de beaut\u00e9 n&rsquo;h\u00e9site pas \u00e0 partager la fiert\u00e9 qu&rsquo;elle ressent \u00e0 l&rsquo;id\u00e9e d&rsquo;\u00eatre alsacienne. En effet, elle s&rsquo;estime<em>\u00a0\u00ab\u00a0chanceuse et fi\u00e8re d&rsquo;\u00eatre Alsacienne \u00ab\u00a0<\/em>\u00a0et veut faire <em>\u00ab\u00a0r\u00e9sonner le plus loin possible\u00a0\u00bb\u00a0<\/em>son accent alsacien. \u00ab\u00a0<em>L&rsquo;Alsace, un condens\u00e9 de traditions et une identit\u00e9 culturelle si singuli\u00e8re\u00a0\u00bb<\/em>\u00a0a-t-elle ainsi d\u00e9clar\u00e9 dans la vid\u00e9o de son portrait.\u00a0\u00ab\u00a0<em><strong>Par le pass\u00e9, j&rsquo;ai souvent eu tendance \u00e0 vouloir effacer mon petit accent alsacien. Aujourd&rsquo;hui, je ne veux plus en rougir<\/strong><\/em>\u00ab\u00a0, a-t-elle ajout\u00e9.\u00a0<\/p>\n<div class=\"ccminsert\">\n<aside class=\"app_widget_fo app_widget_fo--gallery\">\n<ul>\n<li>\n                    <a href=\"https:\/\/www.journaldesfemmes.fr\/people\/personnalites\/2946753-mathilda-lelong-miss-nouvelle-caledonie-2023-candidate-miss-france-infos\/\" class=\"jGTMWidgetGAEventClick\" data-gtmwidgetgaeventaction=\"clickWidgetGalleryList\" data-gtmwidgetgaeventlabel=\"Mathilda Lelong est Miss Nouvelle-Cal\u00e9donie 2023\u00a0: \u00e2ge, taille, passion, m\u00e9tier, personnalit\u00e9 pr\u00e9f\u00e9r\u00e9e... Tout savoir sur la candidate \u00e0 Miss France 2024\"><\/p>\n<figure>\n                                                                                                <picture><source media=\"(max-width: 480px)\" srcset=\"https:\/\/img-3.journaldesfemmes.fr\/V5QdFdKGlxm5kl9LTcLY8aydFAg=\/210x140\/smart\/d366e32f7f0d4d45803ac1f6c1638e05\/ccmcms-jdf\/39660687.jpg\" width=\"210\" height=\"140\"><img decoding=\"async\" src=\"https:\/\/img-3.journaldesfemmes.fr\/fR40SmNmjwSk3ydRCRgI37w6EXE=\/225x150\/smart\/d366e32f7f0d4d45803ac1f6c1638e05\/ccmcms-jdf\/39660687.jpg\" alt=\"\" width=\"225\" height=\"150\" loading=\"lazy\"\/><br \/>\n                                    <\/source><\/picture><figcaption>\n<h3>Mathilda Lelong est Miss Nouvelle-Cal\u00e9donie 2023\u00a0: \u00e2ge, taille, passion, m\u00e9tier, personnalit\u00e9 pr\u00e9f\u00e9r\u00e9e&#8230; Tout savoir sur la candidate \u00e0 Miss France 2024<\/h3>\n<\/figcaption><\/figure>\n<p>                    <\/a>\n                <\/li>\n<li>\n                    <a href=\"https:\/\/www.journaldesfemmes.fr\/people\/personnalites\/2945495-lola-turpin-miss-aquitaine-2023-infos-miss-france-2024\/\" class=\"jGTMWidgetGAEventClick\" data-gtmwidgetgaeventaction=\"clickWidgetGalleryList\" data-gtmwidgetgaeventlabel=\"Lola Turpin est Miss Aquitaine 2023\u00a0: \u00e2ge, taille, \u00e9tudes, m\u00e8re connue\u2026 qui est la candidate \u00e0 Miss France 2024\u00a0?\"><\/p>\n<figure>\n                                                                                                <picture><source media=\"(max-width: 480px)\" srcset=\"https:\/\/img-3.journaldesfemmes.fr\/DvCyUHKyKtWiCF5GhP8efT7VZA8=\/210x140\/smart\/93638a56d74b4485baf4ffeb3b882dd2\/ccmcms-jdf\/39658973.jpg\" width=\"210\" height=\"140\"><img decoding=\"async\" src=\"https:\/\/img-3.journaldesfemmes.fr\/M3ki3dZeItGd5QAHhRnC1i-Kk4w=\/225x150\/smart\/93638a56d74b4485baf4ffeb3b882dd2\/ccmcms-jdf\/39658973.jpg\" alt=\"\" width=\"225\" height=\"150\" loading=\"lazy\"\/><br \/>\n                                    <\/source><\/picture><figcaption>\n<h3>Lola Turpin est Miss Aquitaine 2023\u00a0: \u00e2ge, taille, \u00e9tudes, m\u00e8re connue\u2026 qui est la candidate \u00e0 Miss France 2024\u00a0?<\/h3>\n<\/figcaption><\/figure>\n<p>                    <\/a>\n                <\/li>\n<li>\n                    <a href=\"https:\/\/www.journaldesfemmes.fr\/people\/personnalites\/2945493-nadine-benaboud-miss-midi-pyrenees-age-taille-passions-etudes-miss-france-2024\/\" class=\"jGTMWidgetGAEventClick\" data-gtmwidgetgaeventaction=\"clickWidgetGalleryList\" data-gtmwidgetgaeventlabel=\"Nadine Benaboud est Miss Midi-Pyr\u00e9n\u00e9es 2023\u00a0: \u00e2ge, taille, passions, \u00e9tudes\u2026 tout savoir sur la candidate \u00e0 Miss France 2024\"><\/p>\n<figure>\n                                                                                                <picture><source media=\"(max-width: 480px)\" srcset=\"https:\/\/img-3.journaldesfemmes.fr\/Grymd06wyd8A9anxAfxdhqUl9dA=\/210x140\/smart\/a9a965441089453da5b0986c8ba5578f\/ccmcms-jdf\/39658893.jpg\" width=\"210\" height=\"140\"><img decoding=\"async\" src=\"https:\/\/img-3.journaldesfemmes.fr\/GAvXX5p0IcNShJv6RXRfETOrxcI=\/225x150\/smart\/a9a965441089453da5b0986c8ba5578f\/ccmcms-jdf\/39658893.jpg\" alt=\"\" width=\"225\" height=\"150\" loading=\"lazy\"\/><br \/>\n                                    <\/source><\/picture><figcaption>\n<h3>Nadine Benaboud est Miss Midi-Pyr\u00e9n\u00e9es 2023\u00a0: \u00e2ge, taille, passions, \u00e9tudes\u2026 tout savoir sur la candidate \u00e0 Miss France 2024<\/h3>\n<\/figcaption><\/figure>\n<p>                    <\/a>\n                <\/li>\n<li>\n                    <a href=\"https:\/\/www.journaldesfemmes.fr\/people\/personnalites\/2945467-lounes-texier-est-miss-poitou-charentes-info-miss-france-2024\/\" class=\"jGTMWidgetGAEventClick\" data-gtmwidgetgaeventaction=\"clickWidgetGalleryList\" data-gtmwidgetgaeventlabel=\"Loun\u00e8s Texier est Miss Poitou-Charentes 2023\u00a0: \u00e2ge, \u00e9tudes, Trisomie 21, taille, m\u00e9tier... tout savoir sur la candidate \u00e0 Miss France 2024\"><\/p>\n<figure>\n                                                                                                <picture><source media=\"(max-width: 480px)\" srcset=\"https:\/\/img-3.journaldesfemmes.fr\/adSlGxpIdvZeCsGsJCfXaBhwbks=\/210x140\/smart\/00798289735e46c19d8bb88a07578099\/ccmcms-jdf\/39658864.jpg\" width=\"210\" height=\"140\"><img decoding=\"async\" src=\"https:\/\/img-3.journaldesfemmes.fr\/oA4GMF2CfcDW3tNAvGbRgLGlSrA=\/225x150\/smart\/00798289735e46c19d8bb88a07578099\/ccmcms-jdf\/39658864.jpg\" alt=\"\" width=\"225\" height=\"150\" loading=\"lazy\"\/><br \/>\n                                    <\/source><\/picture><figcaption>\n<h3>Loun\u00e8s Texier est Miss Poitou-Charentes 2023\u00a0: \u00e2ge, \u00e9tudes, Trisomie 21, taille, m\u00e9tier&#8230; tout savoir sur la candidate \u00e0 Miss France 2024<\/h3>\n<\/figcaption><\/figure>\n<p>                    <\/a>\n                <\/li>\n<\/ul>\n<\/aside>\n<\/div>\n<h2>Adeline Vetter : une revanche sur la vie face au harc\u00e8lement<\/h2>\n<p>La nouvelle Miss Alsace\u00a0a la rage de vivre, elle qui <strong>a\u00a0\u00e9t\u00e9 victime de harc\u00e8lement scolaire<\/strong>. Dans une lettre ouverte sur Instagram\u00a0\u00e0 l&rsquo;ancienne petite-fille qu&rsquo;elle \u00e9tait, elle d\u00e9clare :\u00a0<em>\u00ab\u00a0Quand tu traverseras cette \u00e9preuve, les ann\u00e9es de solitude, de harc\u00e8lement, de haine gratuite, reste forte. Pardonne et remercie ces gens. Ils pensent t&rsquo;\u00e9teindre, mais ils ont allum\u00e9 en toi une flamme qui br\u00fblera chaque jour<strong> <\/strong>de plus en plus fort. Ils te pousseront dans tes pires retranchements, et tu vivras des heures tr\u00e8s sombres\u00a0(&#8230;)\u00a0Un jour, crois moi, le soleil va arriver. Et il va briller fort. (&#8230;) Alors voil\u00e0 Adeline, aujourd&rsquo;hui j&rsquo;ai 27\u00a0ans, et tu ne croirais pas un mot de ce que je vais te dire: quand tu seras plus grande,<strong> <\/strong>tu te pr\u00e9senteras \u00e0 Miss Alsace\u00a0!\u00a0\u00bb<\/em>, \u00e9crit-elle.\u00a0<\/p>\n<p>Son \u00e9lection est donc une v\u00e9ritable revanche sur la vie<strong> <\/strong>et ceux qui lui ont caus\u00e9 du tort. <em>\u00ab\u00a0\u00c0 tous ceux qui m&rsquo;ont souhait\u00e9 et fait endurer le pire, je suis vivante, je suis l\u00e0, j&rsquo;existe, et je ne me cacherai plus jamais. <strong>\u00c0 vous qui m&rsquo;avez pouss\u00e9 \u00e0 changer 5\u00a0fois d&rsquo;\u00e9tablissement scolaire en l&rsquo;espace de 2\u00a0ans : merci<\/strong>\u00ab\u00a0,<\/em> a-t-elle continu\u00e9.<\/p>\n<p>On imagine facilement que la cause qu&rsquo;elle d\u00e9fendra lors du concours<strong> <\/strong>Miss France 2024\u00a0&#8211; qui devrait \u00eatre anim\u00e9 par <a href=\"https:\/\/www.journaldesfemmes.fr\/people\/personnalites\/2867507-jean-pierre-foucault-salaire-origines-femme-fille-miss-france\/\" title=\"Jean-Pierre Foucault\">Jean-Pierre Foucault<\/a> &#8211; pourrait \u00eatre la lutte contre le harc\u00e8lement scolaire. <strong>R\u00e9ponse le 16 d\u00e9cembre prochain au\u00a0Z\u00e9nith de Dijon<\/strong>.\u00a0<\/p>\n<\/p><\/div>\n<p>[ad_2]<br \/>\n<br \/><a href=\"https:\/\/www.journaldesfemmes.fr\/people\/personnalites\/2946773-adeline-vetter-miss-alsace-infos-candidate-miss-france-2024\/\">Source link <\/a><\/p>\n","protected":false},"excerpt":{"rendered":"<p>[ad_1] Ce dimanche 10\u00a0septembre, Adeline Vetter a \u00e9t\u00e9 \u00e9lue Miss Alsace, au Royal Palace de Kirrwiller. Elle remporte ainsi son &hellip; <a href=\"http:\/\/www.affinite.fr\/index.php\/2023\/09\/11\/petit-accent-age-avance-taille-harcelement-metier-tout-savoir-sur-la-candidate-a-miss-france-2024\/\" class=\"more-link\">Plus <span class=\"screen-reader-text\">\u00ab\u00a0petit accent\u00a0\u00bb, \u00e2ge avanc\u00e9, taille, harc\u00e8lement, m\u00e9tier\u2026 tout savoir sur la candidate \u00e0 Miss France 2024<\/span> <span class=\"meta-nav\">&rarr;<\/span><\/a><\/p>\n","protected":false},"author":1,"featured_media":9510,"comment_status":"","ping_status":"open","sticky":false,"template":"","format":"standard","meta":{"_sitemap_exclude":false,"_sitemap_priority":"","_sitemap_frequency":"","footnotes":""},"categories":[1],"tags":[],"class_list":["post-9509","post","type-post","status-publish","format-standard","has-post-thumbnail","hentry","category-tous"],"_links":{"self":[{"href":"http:\/\/www.affinite.fr\/index.php\/wp-json\/wp\/v2\/posts\/9509"}],"collection":[{"href":"http:\/\/www.affinite.fr\/index.php\/wp-json\/wp\/v2\/posts"}],"about":[{"href":"http:\/\/www.affinite.fr\/index.php\/wp-json\/wp\/v2\/types\/post"}],"author":[{"embeddable":true,"href":"http:\/\/www.affinite.fr\/index.php\/wp-json\/wp\/v2\/users\/1"}],"replies":[{"embeddable":true,"href":"http:\/\/www.affinite.fr\/index.php\/wp-json\/wp\/v2\/comments?post=9509"}],"version-history":[{"count":0,"href":"http:\/\/www.affinite.fr\/index.php\/wp-json\/wp\/v2\/posts\/9509\/revisions"}],"wp:featuredmedia":[{"embeddable":true,"href":"http:\/\/www.affinite.fr\/index.php\/wp-json\/wp\/v2\/media\/9510"}],"wp:attachment":[{"href":"http:\/\/www.affinite.fr\/index.php\/wp-json\/wp\/v2\/media?parent=9509"}],"wp:term":[{"taxonomy":"category","embeddable":true,"href":"http:\/\/www.affinite.fr\/index.php\/wp-json\/wp\/v2\/categories?post=9509"},{"taxonomy":"post_tag","embeddable":true,"href":"http:\/\/www.affinite.fr\/index.php\/wp-json\/wp\/v2\/tags?post=9509"}],"curies":[{"name":"wp","href":"https:\/\/api.w.org\/{rel}","templated":true}]}}