{"id":9496,"date":"2023-09-07T19:32:52","date_gmt":"2023-09-07T19:32:52","guid":{"rendered":"https:\/\/www.affinite.fr\/index.php\/2023\/09\/07\/ces-deux-footballeuses-francaises-sont-en-lice-pour-le-ballon-dor\/"},"modified":"2023-09-07T19:32:52","modified_gmt":"2023-09-07T19:32:52","slug":"ces-deux-footballeuses-francaises-sont-en-lice-pour-le-ballon-dor","status":"publish","type":"post","link":"http:\/\/www.affinite.fr\/index.php\/2023\/09\/07\/ces-deux-footballeuses-francaises-sont-en-lice-pour-le-ballon-dor\/","title":{"rendered":"Ces deux footballeuses fran\u00e7aises sont en lice pour le Ballon d&rsquo;Or"},"content":{"rendered":"<p> [ad_1]<br \/>\n<br \/><img decoding=\"async\" src=\"https:\/\/img-3.journaldesfemmes.fr\/KycDRfCC6ANfnZPpjYcpZg8jcyY=\/1280x\/smart\/cd4f71ed9ea34149aeb82a1f5373a3e5\/ccmcms-jdf\/39659768.jpg\" \/><\/p>\n<p>\n                Parmi les pr\u00e9tendantes au Ballon d&rsquo;or 2023, deux joueuses de football fran\u00e7aises\u00a0! L&rsquo;une d&rsquo;entre elles sera peut-\u00eatre r\u00e9compens\u00e9e lors de la c\u00e9r\u00e9monie qui se tiendra le 30\u00a0octobre au Th\u00e9\u00e2tre du Ch\u00e2telet \u00e0 Paris.            <\/p>\n<div>\n<p>\u00a0Deux <strong>Fran\u00e7aises <\/strong>figurent parmi les 30\u00a0nomm\u00e9es pour le<strong> Ballon d&rsquo;Or f\u00e9minin 2023 !<\/strong>\u00a0Et c&rsquo;est \u00e0 <a href=\"https:\/\/www.journaldesfemmes.fr\/societe\/guide-sportives\/2905725-qui-est-wendie-renard-la-footballeuse-francaise-star-de-l-olympique-lyonnais\/\" title=\"Wendie Renard\">Wendie Renard<\/a> et Kadidiatou Diani, qui se sont particuli\u00e8rement illustr\u00e9es pendant la Coupe du monde f\u00e9minine de football 2023, que revient cet honneur.\u00a0Consid\u00e9r\u00e9e comme la meilleure d\u00e9fenseure au monde et engag\u00e9e \u00e0 l&rsquo;<strong>Olympique lyonnais<\/strong> depuis 2009, la premi\u00e8re\u00a0a \u00e9t\u00e9 15\u00a0fois championne de France entre 2007 et 2022 et 10 fois vainqueure de la Coupe de France entre 2008 et 2022. La <strong>capitaine de l&rsquo;\u00e9quipe de France <\/strong>a amorc\u00e9 la fin de sa carri\u00e8re en d\u00e9but d&rsquo;ann\u00e9e et a\u00a0annonc\u00e9 que les matchs disput\u00e9s en Oc\u00e9anie avec la s\u00e9lection nationale \u00e9taient ses derniers. Au cours de sa carri\u00e8re, la joueuse avait d\u00e9j\u00e0 fait partie des pr\u00e9tendantes au Ballon d&rsquo;or f\u00e9minin.\u00a0En 2018, elle avait m\u00eame \u00e9t\u00e9 l\u2019une des\u00a0toutes premi\u00e8res footballeuses dans la course pour\u00a0remporter ce troph\u00e9e, mais avait alors \u00e9t\u00e9 class\u00e9e 7<sup>\u00e8me<\/sup>.<\/p>\n<p>De son c\u00f4t\u00e9, l&rsquo;attaquante<strong>\u00a0Kadidiatou Diani,\u00a0<\/strong>autrice de quatre buts pendant la Coupe du monde 2023, est \u00e9galement bien plac\u00e9e pour succ\u00e9der \u00e0 l&rsquo;Espagnole<strong> <a href=\"https:\/\/www.journaldesfemmes.fr\/societe\/guide-sportives\/2906725-quel-est-le-parcours-d-alexia-putellas-la-footballeuse-espagnole-qui-a-remporte-deux-fois-le-ballon-d-or\/\" title=\"Alexia Putellas\">Alexia Putellas<\/a><\/strong>, Ballon d&rsquo;or f\u00e9minin 2022. Ancienne joueuse du <strong>PSG <\/strong>(2017-2023), celle qui vient d\u2019\u00eatre recrut\u00e9e par l\u2019OL\u00a0a d\u00e9j\u00e0 un beau palmar\u00e8s, puisque son \u00e9quipe a remport\u00e9 le championnat\u00a0de France en 2021\u00a0ainsi que la Coupe de France en 2018\u00a0et 2022.<\/p>\n<h2>L\u2019identit\u00e9 de la vainqueure sera bient\u00f4t d\u00e9voil\u00e9e\u00a0<\/h2>\n<p>Pour d\u00e9couvrir le nom de la gagnante de ce troph\u00e9e, il faudra patienter jusqu\u2019au 30\u00a0octobre. Ce sont 50 jur\u00e9-e-s, tous-tes journalistes sp\u00e9cialistes du <a href=\"https:\/\/www.journaldesfemmes.fr\/societe\/guide-sportives\/2905729-origine-regles-salaires-tout-ce-qu-il-faut-savoir-sur-le-football\/\" title=\"Foot\">football<\/a> f\u00e9minin et repr\u00e9sentant\u00a0les 50\u00a0premiers pays du classement\u00a0<strong>FIFA qui voteront pour \u00e9lire la meilleure joueuse de l\u2019ann\u00e9e.\u00a0<\/strong>Voici les noms des\u00a028 autres footballeuses\u00a0en lice pour le titre de Ballon d&rsquo;Or\u00a0:<\/p>\n<ul>\n<li>Aitana Bonmati (Espagne, FC Barcelone)<\/li>\n<li>Millie Bright (Angleterre, Chelsea)<\/li>\n<li>Linda Caicedo (Colombie, Real Madrid)<\/li>\n<li>\u00a0Olga Carmona (Espagne, Real Madrid)<\/li>\n<li>\u00a0Rachel Daly (Angleterre, Aston Villa)<\/li>\n<li>Debinha (Br\u00e9sil, Courage de Caroline du Nord \/ Current de Kansas City)<\/li>\n<li>Mary Earps (Angleterre, Manchester United)<\/li>\n<li>Patricia Guijarro (Espagne, FC Barcelone)<\/li>\n<li>\u00a0Yui Hasegawa (Japon, Manchester City)<\/li>\n<li>Amanda Ilestedt (Su\u00e8de, Paris-SG \/ Arsenal)<\/li>\n<li>Sam Kerr (Australie, Chelsea)<\/li>\n<li>Mapi Leon (Espagne, FC Barcelone)<\/li>\n<li>Katie McCabe (Irlande, Arsenal)<\/li>\n<li>Hinata Miyazawa (Japon, MyNavi Sendai)<\/li>\n<li>Lena Oberdorf (Allemagne, VfL Wolfsburg)<\/li>\n<li>Asisat Oshoala (Nigeria, FC Barcelone)<\/li>\n<li>\u00a0Ewa Pajor (Pologne, VfL Wolfsburg)<\/li>\n<li>Salma Paralluelo (Espagne, FC Barcelone)<\/li>\n<li>Alexandra Popp (Allemagne, VfL Wolfsburg)<\/li>\n<li>Hayley Raso (Australie, Manchester City \/ Real Madrid)<\/li>\n<li>Alba Redondo (Espagne, Levante)<\/li>\n<li>Guro Reiten (Norv\u00e8ge, Chelsea)<\/li>\n<li>Fridolina Rolf\u00f6 (Su\u00e8de, FC Barcelone)<\/li>\n<li>Jill Roord (Pays-Bas, VfL Wolfsburg \/ Manchester City)<\/li>\n<li>Khadija Shaw (Jama\u00efque, Manchester City)<\/li>\n<li>\u00a0Sophia Smith (\u00c9tats-Unis, Thorns de Portland)<\/li>\n<li>Georgia Stanway (Angleterre, Bayern Munich)<\/li>\n<li>\u00a0Daphne van Domselaar (Pays-Bas, Twente \/ Aston Villa)<\/li>\n<\/ul>\n<h2>Qui sont les joueurs fran\u00e7ais\u00a0nomm\u00e9s pour le Ballon d\u2019or masculin\u00a0?\u00a0<\/h2>\n<p>Chez les hommes, <strong>quatre Fran\u00e7ais<\/strong>\u00a0font partie\u00a0des\u00a0nomm\u00e9s. <strong>Karim Benzema<\/strong> (Real Madrid \/ Al-Ittihad), <strong><a href=\"https:\/\/www.journaldesfemmes.fr\/people\/personnalites\/2869097-antoine-griezmann-age-femme-enfants-salaire\/\" title=\"Antoine Griezmann\">Antoine Griezmann<\/a><\/strong> (Atl\u00e9tico de Madrid), <strong>Randal Kolo Muani <\/strong>(Eintracht Francfort \/ PSG) et <strong>Kylian Mbapp\u00e9<\/strong> (PSG) figurent sur la liste des potentiels gagnants. <strong>Lionel Messi<\/strong>, Erling Haaland, Bernardo Silva et Kevin de Bruyne font \u00e9galement partie des nomm\u00e9s. Ce sont l\u2019ancien international ivoirien Didier Drogba et la journaliste franco-britannique Sandy Heriberto qui pr\u00e9senteront\u00a0cette\u00a067<sup>\u00e8me<\/sup> c\u00e9r\u00e9monie, diffus\u00e9e en direct sur la cha\u00eene\u00a0t\u00e9l\u00e9\u00a0<em>L&rsquo;\u00c9quipe<\/em>.<\/p>\n<\/p><\/div>\n<p>[ad_2]<br \/>\n<br \/><a href=\"https:\/\/www.journaldesfemmes.fr\/societe\/sportives\/2946139-ces-deux-footballeuses-francaises-sont-en-lice-pour-le-ballon-d-or\/\">Source link <\/a><\/p>\n","protected":false},"excerpt":{"rendered":"<p>[ad_1] Parmi les pr\u00e9tendantes au Ballon d&rsquo;or 2023, deux joueuses de football fran\u00e7aises\u00a0! L&rsquo;une d&rsquo;entre elles sera peut-\u00eatre r\u00e9compens\u00e9e lors &hellip; <a href=\"http:\/\/www.affinite.fr\/index.php\/2023\/09\/07\/ces-deux-footballeuses-francaises-sont-en-lice-pour-le-ballon-dor\/\" class=\"more-link\">Plus <span class=\"screen-reader-text\">Ces deux footballeuses fran\u00e7aises sont en lice pour le Ballon d&rsquo;Or<\/span> <span class=\"meta-nav\">&rarr;<\/span><\/a><\/p>\n","protected":false},"author":1,"featured_media":9497,"comment_status":"","ping_status":"open","sticky":false,"template":"","format":"standard","meta":{"_sitemap_exclude":false,"_sitemap_priority":"","_sitemap_frequency":"","footnotes":""},"categories":[1],"tags":[],"class_list":["post-9496","post","type-post","status-publish","format-standard","has-post-thumbnail","hentry","category-tous"],"_links":{"self":[{"href":"http:\/\/www.affinite.fr\/index.php\/wp-json\/wp\/v2\/posts\/9496"}],"collection":[{"href":"http:\/\/www.affinite.fr\/index.php\/wp-json\/wp\/v2\/posts"}],"about":[{"href":"http:\/\/www.affinite.fr\/index.php\/wp-json\/wp\/v2\/types\/post"}],"author":[{"embeddable":true,"href":"http:\/\/www.affinite.fr\/index.php\/wp-json\/wp\/v2\/users\/1"}],"replies":[{"embeddable":true,"href":"http:\/\/www.affinite.fr\/index.php\/wp-json\/wp\/v2\/comments?post=9496"}],"version-history":[{"count":0,"href":"http:\/\/www.affinite.fr\/index.php\/wp-json\/wp\/v2\/posts\/9496\/revisions"}],"wp:featuredmedia":[{"embeddable":true,"href":"http:\/\/www.affinite.fr\/index.php\/wp-json\/wp\/v2\/media\/9497"}],"wp:attachment":[{"href":"http:\/\/www.affinite.fr\/index.php\/wp-json\/wp\/v2\/media?parent=9496"}],"wp:term":[{"taxonomy":"category","embeddable":true,"href":"http:\/\/www.affinite.fr\/index.php\/wp-json\/wp\/v2\/categories?post=9496"},{"taxonomy":"post_tag","embeddable":true,"href":"http:\/\/www.affinite.fr\/index.php\/wp-json\/wp\/v2\/tags?post=9496"}],"curies":[{"name":"wp","href":"https:\/\/api.w.org\/{rel}","templated":true}]}}