{"id":9486,"date":"2023-09-03T19:23:52","date_gmt":"2023-09-03T19:23:52","guid":{"rendered":"https:\/\/www.affinite.fr\/index.php\/2023\/09\/03\/4-podcasts-beaute-a-ne-pas-manquer-pour-une-rentree-reboostee\/"},"modified":"2023-09-03T19:23:52","modified_gmt":"2023-09-03T19:23:52","slug":"4-podcasts-beaute-a-ne-pas-manquer-pour-une-rentree-reboostee","status":"publish","type":"post","link":"http:\/\/www.affinite.fr\/index.php\/2023\/09\/03\/4-podcasts-beaute-a-ne-pas-manquer-pour-une-rentree-reboostee\/","title":{"rendered":"4\u00a0podcasts beaut\u00e9 \u00e0 ne pas manquer pour une rentr\u00e9e reboost\u00e9e"},"content":{"rendered":"<p> [ad_1]<br \/>\n<\/p>\n<p>\n                Pour bien d\u00e9marrer la rentr\u00e9e, inspirez-vous des podcasts beaut\u00e9 les plus \u00e9cout\u00e9s. Derni\u00e8res marques cosm\u00e9tiques, influenceurs pionniers du secteur ou encore astuces bien-\u00eatre en vogue&#8230;d\u00e9gainez vos \u00e9couteurs, c&rsquo;est l&rsquo;heure du beauty break\u00a0!            <\/p>\n<div>\n<aside class=\"ccmsummary marqueur_module ccmcss_cms_summary ccmcss_cms_summary--right\">\n<p>Sommaire<\/p>\n<p><lt-highlighter contenteditable=\"false\" data-lt-linked=\"1\" style=\"display: none;\"><lt-div class=\"lt-highlighter__wrapper\" spellcheck=\"false\" style=\"width: 314.292px !important; height: 87.7917px !important; transform: none !important; transform-origin: 157.146px 43.8958px !important; zoom: 1 !important; margin-top: 3px !important;\"><lt-div class=\"lt-highlighter__scroll-element\" style=\"top: 0px !important; left: 0px !important; width: 314px !important; height: 87.7917px !important;\"><canvas class=\"lt-highlighter__canvas\" height=\"64\" style=\"display: none; top: 1px !important; left: 0px !important;\" width=\"48\"\/><\/lt-div><\/lt-div><\/lt-highlighter><\/p>\n<\/aside>\n<p>Les podcasts sont la parenth\u00e8se id\u00e9ale\u00a0d&rsquo;une rentr\u00e9e agit\u00e9e ! Et la beaut\u00e9, aussi, a progressivement envahi les plateformes avec des conseils, tutoriels, t\u00e9moignages et autres discours bienveillants.\u00a0Nous avons s\u00e9lectionn\u00e9 pour vous les\u00a0podcasts les plus instructifs, nous invitant \u00e0 voir au-del\u00e0 des apparences. Secrets de fabrication des produits, itin\u00e9raires de marques \u00e0 succ\u00e8s, conseils pour booster sa confiance en soi&#8230;\u00a0Voici les <strong>meilleurs\u00a0podcasts beaut\u00e9 et bien-\u00eatre <\/strong>pour parfaire sa culture et se r\u00e9concilier avec son image.<\/p>\n<h2 id=\"pour-une-approche-pointue-de-la-beaute--podkat-beaute\">Pour une approche pointue de la beaut\u00e9 : \u00ab\u00a0<strong>PodKat Beaut\u00e9\u00a0\u00bb<\/strong><\/h2>\n<p>Il est <strong>le premier podcast beaut\u00e9 <\/strong>\u00e0 avoir vu le jour.\u00a0Cr\u00e9\u00e9 en septembre 2017 par Katya Thomas, ancienne\u00a0responsable m\u00e9dias chez Sisley et L&rsquo;Or\u00e9al Luxe, PodKat Beaut\u00e9 va \u00e0 la rencontre des diff\u00e9rents acteurs du secteur.\u00a0Cr\u00e9ateurs de marques, directeurs scientifiques, mannequins, journalistes, maquilleurs, chaque interview est creus\u00e9e en profondeur, abordant les th\u00e9matiques les plus concernantes de la soci\u00e9t\u00e9 actuelle. Que ce soit\u00a0les d\u00e9marches \u00e9cologiques des marques cosm\u00e9tiques, les actions environnementales men\u00e9es par les entreprises de\u00a0beaut\u00e9\u00a0ou les professionnels engag\u00e9s en cosm\u00e9tologie, chaque discours est pass\u00e9 au crible.\u00a0Pourquoi on valide ce podcast ?\u00a0Katya Thomas donne la parole \u00e0 <strong>des personnalit\u00e9s in\u00e9dites avec pertinence et bienveillance.\u00a0<\/strong><\/p>\n<p><u>Dur\u00e9e\u00a0:<\/u> Entre 20\u00a0minutes et 1\u00a0heure.<\/p>\n<div style=\"text-align:center\">\n<figure class=\"image\" style=\"display:inline-block\"><img decoding=\"async\" alt=\"podkat-beaute\" src=\"https:\/\/img-3.journaldesfemmes.fr\/jxSRSoWZaAq0Ts6eEEfyNQ5jPKk=\/450x\/smart\/21210c9aba7f416a8917e3254bb80bc2\/ccmcms-jdf\/39657224.png\"\/><figcaption data-credit=\"PodKat Beaut\u00e9\"><small>\u00a9\u00a0PodKat Beaut\u00e9<\/small><\/figcaption><\/figure>\n<\/div>\n<h2 id=\"pour-comprendre-la-beaute-sous-tous-ses-angles--parlons-b\">Pour comprendre la beaut\u00e9 sous tous ses angles : <strong>\u00ab\u00a0Parlons B\u00a0\u00bb\u00a0<\/strong><\/h2>\n<p>\u00c0 travers son podcast \u00ab\u00a0Parlons B\u00a0\u00bb, Nolyne Cerda, journaliste en presse f\u00e9minine, tend son micro aux sp\u00e9cialistes de la beaut\u00e9 et du bien-\u00eatre mais pas que ! Elle vient d\u00e9construire les sch\u00e9mas stigmatisants de la mati\u00e8re en interrogeant et confrontant les avis de chacun.\u00a0De ses proches aux plus grands cr\u00e9ateurs de cosm\u00e9tiques, <strong>elle alterne entre interviews enqu\u00eat\u00e9es et t\u00e9moignages l\u00e9gers.<\/strong>\u00a0L&rsquo;objectif \u00e9tant \u00e0 la fois d&rsquo;informer sur les actualit\u00e9s \u00e0 ne pas manquer, faire d\u00e9couvrir de nouvelles pratiques mais aussi d&rsquo;\u00e9veiller les consciences.\u00a0Le ton est frais, complice et bienveillant.\u00a0Des conversations sans langue de bois \u00e0 retrouver chaque semaine, fortement inspirantes.\u00a0<\/p>\n<p><u>Dur\u00e9e\u00a0:<\/u> Entre 20\u00a0minutes et 1\u00a0heure.<\/p>\n<div style=\"text-align:center\">\n<figure class=\"image\" style=\"display:inline-block\"><img decoding=\"async\" alt=\"parlons-b\" src=\"https:\/\/img-3.journaldesfemmes.fr\/PxHNIW8DD1yyqZZsR-JmukxUm7M=\/450x\/smart\/2cb37090c922430f97182f84819c7a3d\/ccmcms-jdf\/39657225.jpg\"\/><figcaption data-credit=\"Parlons B.\"><small>\u00a9\u00a0Parlons B.<\/small><\/figcaption><\/figure>\n<\/div>\n<h2 id=\"pour-mieux-comprendre-le-corps-feminin--mon-corps-ce-heros\">Pour en savoir\u00a0plus sur les personnalit\u00e9s derri\u00e8re nos cosm\u00e9tiques : <strong>\u00ab\u00a0Beauty Toaster\u00a0\u00bb<\/strong><\/h2>\n<p>Envie de savoir comment la marque A\u00e9sop est n\u00e9e ?\u00a0De tout conna\u00eetre sur la success story \u00e0 la fran\u00e7aise de la marque <a href=\"https:\/\/www.journaldesfemmes.fr\/beaute\/magazine\/2544930-caudalie\/\" title=\"Caudalie\">Caudalie<\/a>\u00a0? D&rsquo;en apprendre plus sur l&rsquo;histoire de la famille Clarins ?\u00a0Ce podcast est parfait pour <strong>approfondir ses connaissances en\u00a0mati\u00e8re de beaut\u00e9<\/strong>. Chaque semaine, la journaliste Chantal Soutarson re\u00e7oit une\u00a0<strong>personnalit\u00e9\u00a0du monde de la beaut\u00e9 et du bien-\u00eatre<\/strong>\u00a0qui se cache derri\u00e8re nos <a href=\"https:\/\/www.journaldesfemmes.fr\/beaute\/magazine\/2716467-marques-cosmetiques\/\" title=\"Marque cosm\u00e9tique\">marques de cosm\u00e9tiques<\/a> pr\u00e9f\u00e9r\u00e9es.\u00a0Passionn\u00e9s, entrepreneurs, parfumeurs, esth\u00e9ticiennes, chimistes&#8230;\u00a0Ils d\u00e9voilent les dessous de la cr\u00e9ation d&rsquo;une marque, les \u00e9checs qu&rsquo;ils ont travers\u00e9s ou encore, les secrets de fabrication des produits.\u00a0De quoi satisfaire la curiosit\u00e9 des beauty addicts !<\/p>\n<p><u>Dur\u00e9e :<\/u> Entre 20 et 45\u00a0minutes<\/p>\n<div style=\"text-align:center\">\n<figure class=\"image\" style=\"display:inline-block\"><img decoding=\"async\" alt=\"beauty-toaster\" src=\"https:\/\/img-3.journaldesfemmes.fr\/77Ll4oG8KFjjZ7XAxR6iMyS5mWc=\/450x\/smart\/b51abb53933749dbb1d1c6768001d978\/ccmcms-jdf\/14562326.jpg\"\/><figcaption data-credit=\"Beauty Toaster\"><small>\u00a9\u00a0Beauty Toaster<\/small><\/figcaption><\/figure>\n<\/div>\n<h2>Pour nourrir\u00a0sa beaut\u00e9\u00a0de l&rsquo;int\u00e9rieur : <strong>\u00ab\u00a0Coup d&rsquo;\u00e9clat\u00a0\u00bb<\/strong><\/h2>\n<p>Claire est fondatrice de la marque \u00ab\u00a0Atelier Nubio\u00a0\u00bb. Une entreprise sp\u00e9cialis\u00e9e en compl\u00e9ments alimentaires et jus frais destin\u00e9s \u00e0 agir sur le\u00a0corps, la peau et les cheveux.\u00a0Elle consid\u00e8re la beaut\u00e9 de mani\u00e8re holistique, dans sa globalit\u00e9, passant aussi bien par sa forme \u00e9motionnelle et spirituelle que purement physique.\u00a0C&rsquo;est \u00e9galement la vision qu&rsquo;elle cherche \u00e0 transmettre \u00e0 travers son podcast \u00ab\u00a0Coup d&rsquo;\u00e9clat\u00a0\u00bb.\u00a0C&rsquo;est pourquoi ses invit\u00e9s viennent d&rsquo;horizons bien diff\u00e9rents : m\u00e9decins esth\u00e9tiques, coachs fitness, journalistes beaut\u00e9&#8230; Chacun y apporte son grain de sel et nous aide \u00e0 <strong>optimiser notre routine beaut\u00e9 en comprenant ce qui se passe \u00e0\u00a0l&rsquo;int\u00e9rieur<\/strong>.\u00a0\u00a0Des discours sans tabou particuli\u00e8rement \u00e9clairants !<\/p>\n<p><u>Dur\u00e9e\u00a0:<\/u> Entre 10\u00a0et 45\u00a0minutes<\/p>\n<div style=\"text-align:center\">\n<figure class=\"image\" style=\"display:inline-block\"><img decoding=\"async\" alt=\"coup-declat\" src=\"https:\/\/img-3.journaldesfemmes.fr\/YoQgw-9S_2nKZc11XZkhRhN63bU=\/450x\/smart\/7a0cb5eecfd24843a0a5f7c7b4536fc3\/ccmcms-jdf\/39657226.jpg\"\/><figcaption data-credit=\"Coup d'\u00e9clat\"><small>\u00a9\u00a0Coup d&rsquo;\u00e9clat<\/small><\/figcaption><\/figure>\n<\/div>\n<p><em>Tous les podcasts sont disponibles en t\u00e9l\u00e9chargement gratuit dans l&rsquo;App Store, Google Play et sur les plateformes de streaming audio (Spotifiy, Deezer et Soundcloud).<\/em><\/p>\n<p><lt-toolbar contenteditable=\"false\" data-lt-adjust-appearance=\"true\" data-lt-force-appearance=\"light\" style=\"display: none;\"><lt-div class=\"lt-toolbar__wrapper\" style=\"left: 872px; position: absolute !important; top: 119px !important; bottom: auto !important; z-index: 1;\"><lt-div class=\"lt-toolbar__status-icon lt-toolbar__status-icon--has-errors lt-toolbar__status-icon--has-2-errors\" title=\"\"\/><lt-div class=\"lt-toolbar__premium-icon-dot\"\/><\/lt-div><\/lt-toolbar><lt-toolbar contenteditable=\"false\" data-lt-adjust-appearance=\"true\" data-lt-force-appearance=\"light\" style=\"display: none;\"><lt-div class=\"lt-toolbar__wrapper\" style=\"left: 872px; position: absolute !important; top: 102px !important; bottom: auto !important; z-index: 1;\"><lt-div class=\"lt-toolbar__status-icon lt-toolbar__status-icon--has-errors lt-toolbar__status-icon--has-2-errors\" title=\"\"\/><lt-div class=\"lt-toolbar__premium-icon-dot\"\/><\/lt-div><\/lt-toolbar><\/p><\/div>\n<p>[ad_2]<br \/>\n<br \/><a href=\"https:\/\/www.journaldesfemmes.fr\/beaute\/magazine\/2627877-4-podcasts-beaute-pour-bien-demarrer-la-rentree\/\">Source link <\/a><\/p>\n","protected":false},"excerpt":{"rendered":"<p>[ad_1] Pour bien d\u00e9marrer la rentr\u00e9e, inspirez-vous des podcasts beaut\u00e9 les plus \u00e9cout\u00e9s. Derni\u00e8res marques cosm\u00e9tiques, influenceurs pionniers du secteur &hellip; <a href=\"http:\/\/www.affinite.fr\/index.php\/2023\/09\/03\/4-podcasts-beaute-a-ne-pas-manquer-pour-une-rentree-reboostee\/\" class=\"more-link\">Plus <span class=\"screen-reader-text\">4\u00a0podcasts beaut\u00e9 \u00e0 ne pas manquer pour une rentr\u00e9e reboost\u00e9e<\/span> <span class=\"meta-nav\">&rarr;<\/span><\/a><\/p>\n","protected":false},"author":1,"featured_media":9487,"comment_status":"","ping_status":"open","sticky":false,"template":"","format":"standard","meta":{"_sitemap_exclude":false,"_sitemap_priority":"","_sitemap_frequency":"","footnotes":""},"categories":[1],"tags":[],"class_list":["post-9486","post","type-post","status-publish","format-standard","has-post-thumbnail","hentry","category-tous"],"_links":{"self":[{"href":"http:\/\/www.affinite.fr\/index.php\/wp-json\/wp\/v2\/posts\/9486"}],"collection":[{"href":"http:\/\/www.affinite.fr\/index.php\/wp-json\/wp\/v2\/posts"}],"about":[{"href":"http:\/\/www.affinite.fr\/index.php\/wp-json\/wp\/v2\/types\/post"}],"author":[{"embeddable":true,"href":"http:\/\/www.affinite.fr\/index.php\/wp-json\/wp\/v2\/users\/1"}],"replies":[{"embeddable":true,"href":"http:\/\/www.affinite.fr\/index.php\/wp-json\/wp\/v2\/comments?post=9486"}],"version-history":[{"count":0,"href":"http:\/\/www.affinite.fr\/index.php\/wp-json\/wp\/v2\/posts\/9486\/revisions"}],"wp:featuredmedia":[{"embeddable":true,"href":"http:\/\/www.affinite.fr\/index.php\/wp-json\/wp\/v2\/media\/9487"}],"wp:attachment":[{"href":"http:\/\/www.affinite.fr\/index.php\/wp-json\/wp\/v2\/media?parent=9486"}],"wp:term":[{"taxonomy":"category","embeddable":true,"href":"http:\/\/www.affinite.fr\/index.php\/wp-json\/wp\/v2\/categories?post=9486"},{"taxonomy":"post_tag","embeddable":true,"href":"http:\/\/www.affinite.fr\/index.php\/wp-json\/wp\/v2\/tags?post=9486"}],"curies":[{"name":"wp","href":"https:\/\/api.w.org\/{rel}","templated":true}]}}