{"id":9472,"date":"2023-08-28T19:14:13","date_gmt":"2023-08-28T19:14:13","guid":{"rendered":"https:\/\/www.affinite.fr\/index.php\/2023\/08\/28\/en-nuisette-satinee-jean-taille-haute-mini-robe-ou-costume-cintre-laetitia-casta-maitrise-a-fond-les-codes-de-la-sensualite\/"},"modified":"2023-08-28T19:14:13","modified_gmt":"2023-08-28T19:14:13","slug":"en-nuisette-satinee-jean-taille-haute-mini-robe-ou-costume-cintre-laetitia-casta-maitrise-a-fond-les-codes-de-la-sensualite","status":"publish","type":"post","link":"http:\/\/www.affinite.fr\/index.php\/2023\/08\/28\/en-nuisette-satinee-jean-taille-haute-mini-robe-ou-costume-cintre-laetitia-casta-maitrise-a-fond-les-codes-de-la-sensualite\/","title":{"rendered":"En nuisette satin\u00e9e, jean taille haute, mini robe ou costume cintr\u00e9, Laetitia Casta ma\u00eetrise \u00e0 fond les codes de la sensualit\u00e9"},"content":{"rendered":"<p> [ad_1]<br \/>\n<\/p>\n<p>\n                Le dernier podium de Laetitia Casta\u00a0? Le 16\u00e8me festival du film francophone d&rsquo;Angoul\u00eame, dont elle a pr\u00e9sid\u00e9 le jury. Chacune de ses apparitions sur le tapis rouge \u00e9tait une d\u00e9monstration de style.            <\/p>\n<div>\n<p>Du 22 au 27 ao\u00fbt 2023\u00a0se tenait le 16<sup><sub>\u00e8me<\/sub><\/sup> festival du film francophone d&rsquo;Angoul\u00eame. Cette \u00e9dition, dont le jury \u00e9tait pr\u00e9sid\u00e9\u00a0par <strong><a href=\"https:\/\/www.journaldesfemmes.fr\/people\/laetitia-casta\/\" title=\"Laeticia Casta\">Laetitia Casta<\/a><\/strong>, a consacr\u00e9 le nouveau film de Katell\u00a0Quill\u00e9v\u00e9r\u00e9,\u00a0<em>Le temps d&rsquo;aimer. <\/em>Pour remettre ce prix, la mannequin devenue actrice portait une<strong> d\u00e9licate nuisette brod\u00e9e<\/strong> \u00e0 fines bretelles. Une pi\u00e8ce d&rsquo;une grande sensualit\u00e9, que la personnalit\u00e9 fran\u00e7aise a choisi d&rsquo;associer \u00e0 une paire de boucles d&rsquo;oreilles pendantes et \u00e0 un chignon de danseuse.\u00a0<\/p>\n<h2>Un v\u00e9ritable festival de looks<\/h2>\n<p>Qu&rsquo;elle pose en compagnie des autres membres du jury (compos\u00e9, notamment, des com\u00e9dien-ne-s Monia Chokri et Rapha\u00ebl Quenard), sur le tapis rouge ou lors d&rsquo;un photocall au c\u00f4t\u00e9 de <strong>B\u00e9atrice Dalle<\/strong>, Laetitia Casta a transform\u00e9 le festival d&rsquo;Angoul\u00eame en <strong>\u00e9v\u00e9nement mode pointu<\/strong>.\u00a0Parmi ses looks les plus remarqu\u00e9s, une mini robe noir et blanc sign\u00e9e <strong>Courr\u00e8ges, <\/strong>arbor\u00e9e le jeudi 24 ao\u00fbt. Le v\u00eatement, \u00e0 l&rsquo;inspiration r\u00e9tro \u00e9vidente, a \u00e9t\u00e9 cr\u00e9\u00e9 par <strong>Nicolas di Felice<\/strong>, actuel directeur artistique de la maison, et est disponible au prix de 250\u00a0euros sur le site de la marque.<\/p>\n<figure class=\"image\" style=\"float:left\"><a class=\"fancy\" href=\"https:\/\/img-3.journaldesfemmes.fr\/-I0niysSSFEPKsV05q6ZMf-yKG4=\/1080x\/smart\/56a5f50cfc3f49928c47a88884f0e685\/ccmcms-jdf\/39656943.jpg\"><img decoding=\"async\" alt=\"laetitia-casta-festival-dangouleme\" src=\"https:\/\/img-3.journaldesfemmes.fr\/QyPUQSKNyAQOrOKdunQrsNKMWbg=\/300x\/smart\/56a5f50cfc3f49928c47a88884f0e685\/ccmcms-jdf\/39656943.jpg\"\/><\/a><figcaption data-credit=\"Castel Franck\/ABACA\" data-legend=\"Laetitia Casta au festival d'Angoul\u00eame le 27 ao\u00fbt 2023\">Laetitia Casta au festival d&rsquo;Angoul\u00eame le 27 ao\u00fbt 2023 <small>\u00a9\u00a0Castel Franck\/ABACA<\/small><\/figcaption><\/figure>\n<figure class=\"image\" style=\"float:right\"><a class=\"fancy\" href=\"https:\/\/img-3.journaldesfemmes.fr\/r7VG6EK7_M_zLtx9EItIbTumdAw=\/1080x\/smart\/a5c265e6e7684227874d284b00a39b20\/ccmcms-jdf\/39656944.jpg\"><img decoding=\"async\" alt=\"laetitia-casta-festival-dangouleme\" src=\"https:\/\/img-3.journaldesfemmes.fr\/gKgmdZyV37LotepCYYBl4GUjALg=\/300x\/smart\/a5c265e6e7684227874d284b00a39b20\/ccmcms-jdf\/39656944.jpg\"\/><\/a><figcaption data-credit=\"Domine Jerome\/ABACA\" data-legend=\"Laetitia Casta au festival d'Angoul\u00eame le 24 ao\u00fbt 2023\">Laetitia Casta au festival d&rsquo;Angoul\u00eame le 24 ao\u00fbt 2023 <small>\u00a9\u00a0Domine Jerome\/ABACA<\/small><\/figcaption><\/figure>\n<p>Autre tenue\u00a0m\u00e9morable de celle qui fut\u00a0la top f\u00e9tiche d&rsquo;Yves Saint Laurent : une <strong>longue robe drap\u00e9e vert n\u00e9on, fendue jusqu&rsquo;\u00e0 la naissance de la cuisse<\/strong>. Lors d&rsquo;une soir\u00e9e organis\u00e9e par le groupe LVMH, partenaire du festival d&rsquo;Angoul\u00eame, l&rsquo;actrice a \u00e9galement \u00e9t\u00e9 aper\u00e7ue habill\u00e9e d&rsquo;un <strong>costume gris<\/strong>, de sandales \u00e0 talons et d&rsquo;un T-shirt blanc.\u00a0Une silhouette \u00e9l\u00e9gante, qu&rsquo;elle portait pour d\u00eener \u00e0 la table de<strong> Fran\u00e7ois Hollande et de Julie Gayet<\/strong>. Mais le tour de force de Laetitia Casta est certainement d&rsquo;avoir su <strong>rendre sexy le plus basique des denims<\/strong>. Un mod\u00e8le taille haute en toile claire, associ\u00e9 \u00e0 un top immacul\u00e9 et \u00e0 une veste zipp\u00e9e en satin. Rien \u00e0 dire, c&rsquo;est un sans-faute.<\/p>\n<\/p><\/div>\n<p>[ad_2]<br \/>\n<br \/><a href=\"https:\/\/www.journaldesfemmes.fr\/mode\/looks-de-star\/2944357-en-nuisette-satinee-jean-taille-haute-mini-robe-ou-costume-cintre-laetitia-casta-maitrise-a-fond-les-codes-de-la-sensualite\/\">Source link <\/a><\/p>\n","protected":false},"excerpt":{"rendered":"<p>[ad_1] Le dernier podium de Laetitia Casta\u00a0? Le 16\u00e8me festival du film francophone d&rsquo;Angoul\u00eame, dont elle a pr\u00e9sid\u00e9 le jury. &hellip; <a href=\"http:\/\/www.affinite.fr\/index.php\/2023\/08\/28\/en-nuisette-satinee-jean-taille-haute-mini-robe-ou-costume-cintre-laetitia-casta-maitrise-a-fond-les-codes-de-la-sensualite\/\" class=\"more-link\">Plus <span class=\"screen-reader-text\">En nuisette satin\u00e9e, jean taille haute, mini robe ou costume cintr\u00e9, Laetitia Casta ma\u00eetrise \u00e0 fond les codes de la sensualit\u00e9<\/span> <span class=\"meta-nav\">&rarr;<\/span><\/a><\/p>\n","protected":false},"author":1,"featured_media":9473,"comment_status":"","ping_status":"open","sticky":false,"template":"","format":"standard","meta":{"_sitemap_exclude":false,"_sitemap_priority":"","_sitemap_frequency":"","footnotes":""},"categories":[1],"tags":[],"class_list":["post-9472","post","type-post","status-publish","format-standard","has-post-thumbnail","hentry","category-tous"],"_links":{"self":[{"href":"http:\/\/www.affinite.fr\/index.php\/wp-json\/wp\/v2\/posts\/9472"}],"collection":[{"href":"http:\/\/www.affinite.fr\/index.php\/wp-json\/wp\/v2\/posts"}],"about":[{"href":"http:\/\/www.affinite.fr\/index.php\/wp-json\/wp\/v2\/types\/post"}],"author":[{"embeddable":true,"href":"http:\/\/www.affinite.fr\/index.php\/wp-json\/wp\/v2\/users\/1"}],"replies":[{"embeddable":true,"href":"http:\/\/www.affinite.fr\/index.php\/wp-json\/wp\/v2\/comments?post=9472"}],"version-history":[{"count":0,"href":"http:\/\/www.affinite.fr\/index.php\/wp-json\/wp\/v2\/posts\/9472\/revisions"}],"wp:featuredmedia":[{"embeddable":true,"href":"http:\/\/www.affinite.fr\/index.php\/wp-json\/wp\/v2\/media\/9473"}],"wp:attachment":[{"href":"http:\/\/www.affinite.fr\/index.php\/wp-json\/wp\/v2\/media?parent=9472"}],"wp:term":[{"taxonomy":"category","embeddable":true,"href":"http:\/\/www.affinite.fr\/index.php\/wp-json\/wp\/v2\/categories?post=9472"},{"taxonomy":"post_tag","embeddable":true,"href":"http:\/\/www.affinite.fr\/index.php\/wp-json\/wp\/v2\/tags?post=9472"}],"curies":[{"name":"wp","href":"https:\/\/api.w.org\/{rel}","templated":true}]}}