{"id":946,"date":"2020-03-21T16:59:13","date_gmt":"2020-03-21T16:59:13","guid":{"rendered":"https:\/\/www.affinite.fr\/index.php\/2020\/03\/21\/depuis-le-debut-du-confinement-les-francais-passent-une-heure-de-plus-par-jour-devant-la-television\/"},"modified":"2020-03-21T16:59:13","modified_gmt":"2020-03-21T16:59:13","slug":"depuis-le-debut-du-confinement-les-francais-passent-une-heure-de-plus-par-jour-devant-la-television","status":"publish","type":"post","link":"http:\/\/www.affinite.fr\/index.php\/2020\/03\/21\/depuis-le-debut-du-confinement-les-francais-passent-une-heure-de-plus-par-jour-devant-la-television\/","title":{"rendered":"Depuis le d\u00e9but du confinement, les Fran\u00e7ais passent une heure de plus par jour devant la t\u00e9l\u00e9vision"},"content":{"rendered":"<p> [ad_1]<br \/>\n<\/p>\n<div itemprop=\"articleBody\">\n<p>Le ph\u00e9nom\u00e8ne \u00e9tait pr\u00e9visible, il est d\u00e9sormais confirm\u00e9. Avec l\u2019injonction \u00e0 rester chez eux, les Fran\u00e7ais passent beaucoup plus de temps \u00e0 regarder la t\u00e9l\u00e9vision. D\u2019apr\u00e8s les chiffres de M\u00e9diam\u00e9trie obtenus par 01net, cette consommation a m\u00eame augment\u00e9 quotidiennement d\u2019une heure en moyenne.\u00a0<\/p>\n<figure class=\"figure text-center\"><img decoding=\"async\" class=\"article-img img-responsive-l\" src=\"https:\/\/img.bfmtv.com\/c\/978\/406\/00400b5f\/9ccd34ea1c6d982e6d862164.png\" alt=\"\"\/><figcaption class=\"figure-caption figcaption color-txt-0 title-xs hidden-xs\"\/><\/figure>\n<p>Comme on le constate, la progression a \u00e9t\u00e9 significative d\u00e8s le samedi 14 mars : 4 h 08 ce jour-l\u00e0 contre 3 h 35 la veille. Le dimanche 15 mars, on atteint m\u00eame les 4 h 32, mais ce jour en grande majorit\u00e9 non travaill\u00e9 repr\u00e9sente traditionnellement un pic d\u2019audience dans la semaine.\u00a0<\/p>\n<p>Sauf que contrairement \u00e0 2019, les audiences n\u2019ont pas baiss\u00e9 \u00e0 nouveau le lendemain. Le lundi 16 mars 2020, les Fran\u00e7ais ont continu\u00e9 \u00e0 passer 4 h 33 devant leur t\u00e9l\u00e9viseur. Et cette moyenne s\u2019est maintenue le mardi 17 et le mercredi 18 mars.\u00a0<\/p>\n<h3 style=\"color:#333; font-family:arial,helvetica,sans-serif; font-size:23px; font-weight:700\">Audience TV sur tous les supports, mais sans la SVoD<\/h3>\n<p>Dans la r\u00e9alit\u00e9, les chiffres doivent m\u00eame\u00a0\u00eatre plus \u00e9lev\u00e9s puisque M\u00e9diam\u00e9trie mesure seulement l\u2019audience des cha\u00eenes de t\u00e9l\u00e9vision (en direct, diff\u00e9r\u00e9 et replay, et m\u00eame en OTT).\u00a0<\/p>\n<aside class=\"bg-color-0 padding-inside-all-s bloc border-s\">\n<h4 class=\"box-txt-normal\">\n<p><strong>A d\u00e9couvrir aussi en vid\u00e9o<\/strong><\/p>\n<\/h4>\n<\/aside>\n<p>En revanche <a href=\"https:\/\/www.01net.com\/actualites\/coronavirus-netflix-va-reduire-sa-qualite-video-pour-diminuer-le-trafic-internet-1878445.html\" target=\"_blank\" rel=\"noopener noreferrer\">la consommation de Netflix<\/a>, YouTube ou d\u2019autres services de SVoD n\u2019est pas comptabilis\u00e9e. Elle est toutefois assez cons\u00e9quente pour inqui\u00e9ter le commissaire europ\u00e9en charg\u00e9 de l\u2019industrie Thierry Breton. Il a obtenu des deux soci\u00e9t\u00e9s am\u00e9ricaines <a href=\"https:\/\/www.01net.com\/actualites\/apres-netflix-youtube-passe-toutes-ses-videos-en-definition-standard-1878509.html\" target=\"_blank\" rel=\"noopener noreferrer\">qu\u2019elles r\u00e9duisent la d\u00e9finition de leurs vid\u00e9os<\/a> pour encombrer le moins possible les r\u00e9seaux.<\/p>\n<\/p><\/div>\n<p><script>\n         !function(f,b,e,v,n,t,s){if(f.fbq)return;n=f.fbq=function()\n         {n.callMethod? n.callMethod.apply(n,arguments):n.queue.push(arguments)}\n         ;if(!f._fbq)f._fbq=n;\n             n.push=n;n.loaded=!0;n.version='2.0';n.queue=[];t=b.createElement(e);t.async=!0;\n             t.src=v;s=b.getElementsByTagName(e)[0];s.parentNode.insertBefore(t,s)}(window,\n                 document,'script','https:\/\/connect.facebook.net\/en_US\/fbevents.js');\n         fbq('init', '1065890633454496');\n         fbq('track', 'PageView');\n     <\/script><br \/>\n<br \/>[ad_2]<br \/>\n<br \/><a href=\"https:\/\/www.01net.com\/actualites\/depuis-le-debut-du-confinement-les-francais-passent-une-heure-de-plus-par-jour-devant-la-television-1878577.html\">Source link <\/a><\/p>\n","protected":false},"excerpt":{"rendered":"<p>[ad_1] Le ph\u00e9nom\u00e8ne \u00e9tait pr\u00e9visible, il est d\u00e9sormais confirm\u00e9. Avec l\u2019injonction \u00e0 rester chez eux, les Fran\u00e7ais passent beaucoup plus &hellip; <a href=\"http:\/\/www.affinite.fr\/index.php\/2020\/03\/21\/depuis-le-debut-du-confinement-les-francais-passent-une-heure-de-plus-par-jour-devant-la-television\/\" class=\"more-link\">Plus <span class=\"screen-reader-text\">Depuis le d\u00e9but du confinement, les Fran\u00e7ais passent une heure de plus par jour devant la t\u00e9l\u00e9vision<\/span> <span class=\"meta-nav\">&rarr;<\/span><\/a><\/p>\n","protected":false},"author":1,"featured_media":947,"comment_status":"open","ping_status":"open","sticky":false,"template":"","format":"standard","meta":{"_sitemap_exclude":false,"_sitemap_priority":"","_sitemap_frequency":"","footnotes":""},"categories":[1],"tags":[],"class_list":["post-946","post","type-post","status-publish","format-standard","has-post-thumbnail","hentry","category-tous"],"_links":{"self":[{"href":"http:\/\/www.affinite.fr\/index.php\/wp-json\/wp\/v2\/posts\/946"}],"collection":[{"href":"http:\/\/www.affinite.fr\/index.php\/wp-json\/wp\/v2\/posts"}],"about":[{"href":"http:\/\/www.affinite.fr\/index.php\/wp-json\/wp\/v2\/types\/post"}],"author":[{"embeddable":true,"href":"http:\/\/www.affinite.fr\/index.php\/wp-json\/wp\/v2\/users\/1"}],"replies":[{"embeddable":true,"href":"http:\/\/www.affinite.fr\/index.php\/wp-json\/wp\/v2\/comments?post=946"}],"version-history":[{"count":0,"href":"http:\/\/www.affinite.fr\/index.php\/wp-json\/wp\/v2\/posts\/946\/revisions"}],"wp:featuredmedia":[{"embeddable":true,"href":"http:\/\/www.affinite.fr\/index.php\/wp-json\/wp\/v2\/media\/947"}],"wp:attachment":[{"href":"http:\/\/www.affinite.fr\/index.php\/wp-json\/wp\/v2\/media?parent=946"}],"wp:term":[{"taxonomy":"category","embeddable":true,"href":"http:\/\/www.affinite.fr\/index.php\/wp-json\/wp\/v2\/categories?post=946"},{"taxonomy":"post_tag","embeddable":true,"href":"http:\/\/www.affinite.fr\/index.php\/wp-json\/wp\/v2\/tags?post=946"}],"curies":[{"name":"wp","href":"https:\/\/api.w.org\/{rel}","templated":true}]}}