{"id":9448,"date":"2023-08-22T18:57:38","date_gmt":"2023-08-22T18:57:38","guid":{"rendered":"https:\/\/www.affinite.fr\/index.php\/2023\/08\/22\/ce-passage-pieton-unique-au-monde-nous-fait-rever-mais-va-donner-des-cauchemars-aux-fragiles\/"},"modified":"2023-08-22T18:57:38","modified_gmt":"2023-08-22T18:57:38","slug":"ce-passage-pieton-unique-au-monde-nous-fait-rever-mais-va-donner-des-cauchemars-aux-fragiles","status":"publish","type":"post","link":"http:\/\/www.affinite.fr\/index.php\/2023\/08\/22\/ce-passage-pieton-unique-au-monde-nous-fait-rever-mais-va-donner-des-cauchemars-aux-fragiles\/","title":{"rendered":"Ce passage pi\u00e9ton unique au monde nous fait r\u00eaver mais va donner des cauchemars aux fragiles&#8230;"},"content":{"rendered":"<p> [ad_1]<br \/>\n<br \/><img decoding=\"async\" src=\"https:\/\/img-3.journaldesfemmes.fr\/WCIuKOVMBjqjTRoNf82KKqHqN1M=\/1280x\/smart\/2b8b38deebfa417ba533b0b1c48939b8\/ccmcms-jdf\/39655568.jpg\" \/><\/p>\n<p>\n                Marre des \u00e9ternels passages pi\u00e9tons \u00e0 bandes blanches\u00a0? En voici un color\u00e9 et&#8230; musical. Sur TikTok, une vid\u00e9o devenue virale montre un passage pi\u00e9ton qui va rendre ch\u00e8vres les homophobes.            <\/p>\n<div>\n<p>Alors que plusieurs villes \u00e0 travers le monde n&rsquo;ont pas encore c\u00e9l\u00e9br\u00e9 leur Pride 2023 &#8211; comme \u00e0 Calgary au Canada ou San Jos\u00e9 aux Etats-Unis -, cette vid\u00e9o TikTok de la cr\u00e9atrice de contenus\u00a0Rachel Semples prolonge l&rsquo;esprit de la fiert\u00e9 LGBT aupr\u00e8s de tous ceux ayant d\u00e9j\u00e0 d\u00e9fil\u00e9 tout l&rsquo;\u00e9t\u00e9&#8230;<\/p>\n<h2>Un passage pi\u00e9ton qui va (encore) d\u00e9plaire aux haters<\/h2>\n<p>Sur une vid\u00e9o film\u00e9e dans un quartier de Los Angeles, on peut ainsi voir la jeune femme devant un passage pi\u00e9ton arc en ciel. Des bandes color\u00e9es aux couleurs du drapeau LGBT comme on peut en voir \u00e0 plusieurs endroits dans le monde. Il y en existe par exemple \u00e0 Paris, dans le quartier gay du Marais et, r\u00e9guli\u00e8rement, ils sont recouverts de tags, de peinture noire etc. Les homophobes n&rsquo;aiment pas vraiment traverser sur du rouge, du bleu ou du violet visiblement&#8230; Ont-ils peurs d&rsquo;\u00eatre soudainement transform\u00e9s en homosexuels ?<\/p>\n<p>\u00ab\u00a0<em><strong>Il s&rsquo;agit d&rsquo;un acte de vandalisme clairement homophobe commis dans l&rsquo;espace public. Il illustre l&rsquo;ancrage et la persistance des LGBTphobies dans notre pays. <\/strong>Nous lan\u00e7ons un appel \u00e0 toutes les personnes qui s&rsquo;opposent \u00e0 la haine \u00e0 se mobiliser et \u00eatre pr\u00e9sent\u00a0\u00e0 la Marche des fiert\u00e9s de Paris. Venez en famille, avec vos amis, h\u00e9t\u00e9ros et LGBT pour montrer votre volont\u00e9 de construire une soci\u00e9t\u00e9 plus ouverte et plus inclusive<\/em>\u00ab\u00a0, avait ainsi\u00a0d\u00e9clarait\u00a0Jo\u00ebl Deumier, pr\u00e9sident de l&rsquo;association SOS Homophobie \u00e0 nos confr\u00e8res de <em>Komitid<\/em> lors d&rsquo;une pr\u00e9c\u00e9dente d\u00e9gradation.\u00a0<\/p>\n<h2>Ce passage pi\u00e9ton a une originalit\u00e9 suppl\u00e9mentaire qui fait r\u00eaver<\/h2>\n<p>Mais ce passage pi\u00e9ton de Los Angeles ne se contente pas d&rsquo;\u00eatre arc en ciel&#8230;\u00a0il fait aussi de la musique. Enfin, pas vraiment vous vous en doutez puisque c&rsquo;est la cr\u00e9atrice qui s&rsquo;est amus\u00e9e \u00e0 ajouter <strong>une playlist tr\u00e8s queer qui s&rsquo;anime d\u00e8s qu&rsquo;elle le traverse<\/strong> histoire de bien enfoncer le clou de son soutien \u00e0 la communaut\u00e9 LGBT.<\/p>\n<p>On peut ainsi traverser au son de <a href=\"https:\/\/www.journaldesfemmes.fr\/people\/lady-gaga\/\" title=\"Stefani Joanne Angelina Germanotta\">Lady Gaga<\/a>, Madonna ou encore Diana Ross&#8230;\n<\/p>\n<p>En description, Rachel Semples demande \u00e0 sa communaut\u00e9\u00a0: <em>\u00ab\u00a0Votre passage pi\u00e9ton peut-il le faire\u00a0?\u00a0\u00bb <\/em>Nous, on vote pour ! Et\u00a0vous ?<\/p>\n<\/p><\/div>\n<p>[ad_2]<br \/>\n<br \/><a href=\"https:\/\/www.journaldesfemmes.fr\/societe\/actu\/2928379-article-passage-pieton-arc-en-ciel\/\">Source link <\/a><\/p>\n","protected":false},"excerpt":{"rendered":"<p>[ad_1] Marre des \u00e9ternels passages pi\u00e9tons \u00e0 bandes blanches\u00a0? En voici un color\u00e9 et&#8230; musical. Sur TikTok, une vid\u00e9o devenue &hellip; <a href=\"http:\/\/www.affinite.fr\/index.php\/2023\/08\/22\/ce-passage-pieton-unique-au-monde-nous-fait-rever-mais-va-donner-des-cauchemars-aux-fragiles\/\" class=\"more-link\">Plus <span class=\"screen-reader-text\">Ce passage pi\u00e9ton unique au monde nous fait r\u00eaver mais va donner des cauchemars aux fragiles&#8230;<\/span> <span class=\"meta-nav\">&rarr;<\/span><\/a><\/p>\n","protected":false},"author":1,"featured_media":9449,"comment_status":"","ping_status":"open","sticky":false,"template":"","format":"standard","meta":{"_sitemap_exclude":false,"_sitemap_priority":"","_sitemap_frequency":"","footnotes":""},"categories":[1],"tags":[],"class_list":["post-9448","post","type-post","status-publish","format-standard","has-post-thumbnail","hentry","category-tous"],"_links":{"self":[{"href":"http:\/\/www.affinite.fr\/index.php\/wp-json\/wp\/v2\/posts\/9448"}],"collection":[{"href":"http:\/\/www.affinite.fr\/index.php\/wp-json\/wp\/v2\/posts"}],"about":[{"href":"http:\/\/www.affinite.fr\/index.php\/wp-json\/wp\/v2\/types\/post"}],"author":[{"embeddable":true,"href":"http:\/\/www.affinite.fr\/index.php\/wp-json\/wp\/v2\/users\/1"}],"replies":[{"embeddable":true,"href":"http:\/\/www.affinite.fr\/index.php\/wp-json\/wp\/v2\/comments?post=9448"}],"version-history":[{"count":0,"href":"http:\/\/www.affinite.fr\/index.php\/wp-json\/wp\/v2\/posts\/9448\/revisions"}],"wp:featuredmedia":[{"embeddable":true,"href":"http:\/\/www.affinite.fr\/index.php\/wp-json\/wp\/v2\/media\/9449"}],"wp:attachment":[{"href":"http:\/\/www.affinite.fr\/index.php\/wp-json\/wp\/v2\/media?parent=9448"}],"wp:term":[{"taxonomy":"category","embeddable":true,"href":"http:\/\/www.affinite.fr\/index.php\/wp-json\/wp\/v2\/categories?post=9448"},{"taxonomy":"post_tag","embeddable":true,"href":"http:\/\/www.affinite.fr\/index.php\/wp-json\/wp\/v2\/tags?post=9448"}],"curies":[{"name":"wp","href":"https:\/\/api.w.org\/{rel}","templated":true}]}}