{"id":9444,"date":"2023-08-21T18:55:50","date_gmt":"2023-08-21T18:55:50","guid":{"rendered":"https:\/\/www.affinite.fr\/index.php\/2023\/08\/21\/quels-eleves-en-lycee-professionnel-peuvent-toucher-une-allocation\/"},"modified":"2023-08-21T18:55:50","modified_gmt":"2023-08-21T18:55:50","slug":"quels-eleves-en-lycee-professionnel-peuvent-toucher-une-allocation","status":"publish","type":"post","link":"http:\/\/www.affinite.fr\/index.php\/2023\/08\/21\/quels-eleves-en-lycee-professionnel-peuvent-toucher-une-allocation\/","title":{"rendered":"Quels \u00e9l\u00e8ves en lyc\u00e9e professionnel peuvent toucher une allocation\u00a0?"},"content":{"rendered":"<p> [ad_1]<br \/>\n<br \/><img decoding=\"async\" src=\"https:\/\/img-3.journaldesfemmes.fr\/hiocXw0bjnUPbczHYSW7VjIM_04=\/1280x\/smart\/99843ddc0099489e9ee941423581f92b\/ccmcms-jdf\/39655170.jpg\" \/><\/p>\n<p>\n                Une aide financi\u00e8re sera accord\u00e9e aux lyc\u00e9es professionnels d\u00e8s le 1er janvier 2024\u00a0pour soutenir les jeunes durant leur <a href=\"http:\/\/www.affinite.fr\/index.php\/2024\/11\/15\/devenez-artisan-glacier-et-faites-vos-propres-glaces-une-nouvelle-tendance-en-2025\/\">formation<\/a> en entreprise. Voici les conditions.            <\/p>\n<div>\n<aside class=\"ccmsummary marqueur_module ccmcss_cms_summary ccmcss_cms_summary--right\">\n<p>Sommaire<\/p>\n<p><lt-highlighter contenteditable=\"false\" data-lt-linked=\"1\" style=\"display: none;\"><lt-div class=\"lt-highlighter__wrapper\" spellcheck=\"false\" style=\"width: 347.812px !important; height: 87.8125px !important; transform: none !important; transform-origin: 173.906px 43.9062px !important; zoom: 1 !important; margin-top: 2.98828px !important;\"><lt-div class=\"lt-highlighter__scroll-element\" style=\"top: 0px !important; left: 0px !important; width: 347.812px !important; height: 87.8125px !important;\"\/><\/lt-div><\/lt-highlighter><\/p>\n<\/aside>\n<p>Dans le cadre de la valorisation des p\u00e9riodes de formation en milieu professionnel,<strong> les lyc\u00e9ens vont pouvoir b\u00e9n\u00e9ficier d&rsquo;une aide financi\u00e8re, d\u00e8s 2024.<\/strong> Un <a href=\"https:\/\/www.legifrance.gouv.fr\/jorf\/id\/JORFTEXT000047963959\" target=\"_blank\" rel=\"noopener\">d\u00e9cret publi\u00e9 au Journal officiel du 12 ao\u00fbt 2023<\/a> d\u00e9taille les conditions de cette nouvelle allocation destin\u00e9e aux lyc\u00e9ens en formation qui pr\u00e9parent un<strong> dipl\u00f4me professionnel de niveau 3 et 4.<\/strong><\/p>\n<h2 id=\"quels-sont-les-lyceens-concernes-par-cette-nouvelle-allocation-\">Quels sont les lyc\u00e9ens concern\u00e9s par cette nouvelle allocation ?<\/h2>\n<p><em>\u00ab\u00a0Les \u00e9l\u00e8ves d&rsquo;un lyc\u00e9e professionnel ou\u00a0lyc\u00e9e polyvalent\u00a0publics ou priv\u00e9s sous contrat d&rsquo;association dans le cadre de l&rsquo;enseignement secondaire professionnel, ainsi que les \u00e9l\u00e8ves inscrits dans certains \u00e9tablissements relevant du service public de l&rsquo;\u00e9ducation (\u00e9tablissements r\u00e9gionaux d&rsquo;enseignement adapt\u00e9, \u00e9cole des pupilles de l&rsquo;air et de l&rsquo;espace\u2026)\u00a0\u00bb<\/em> peuvent pr\u00e9tendre \u00e0 cette nouvelle aide, pr\u00e9cise le d\u00e9cret.<\/p>\n<h2 id=\"quelles-conditions-pour-toucher-laide-des-lycees-professionnels-\">Quelles conditions pour toucher l&rsquo;aide des lyc\u00e9es professionnels ?<\/h2>\n<p><strong>Les <a href=\"https:\/\/www.journaldesfemmes.fr\/maman\/guide-des-parents\/2715839-lycee\/\" title=\"Lyc\u00e9e\">lyc\u00e9ens<\/a> pr\u00e9parant un dipl\u00f4me de niveau 3 ou 4 <\/strong>devront signer\u00a0une convention de stage avec une entreprise dans laquelle ils poursuivent leur formation.\u00a0<\/p>\n<h2 id=\"quand-sera-versee-lallocation-a-destination-des-lyceens-en-voie-pro-\">Quand sera vers\u00e9e l&rsquo;allocation \u00e0 destination des lyc\u00e9ens en voie pro ?<\/h2>\n<p>Si le texte entre en vigueur d\u00e8s la rentr\u00e9e de septembre 2023, le versement de l&rsquo;allocation par l&rsquo;Agence de services et de paiement pour les p\u00e9riodes de formations en milieu professionnel r\u00e9alis\u00e9es en 2023\u00a0interviendra <strong>\u00e0 compter du 1er janvier 2024,<\/strong> pr\u00e9cise le d\u00e9cret.<\/p>\n<h2 id=\"quel-est-le-montant-de-laide-pour-les-lycees-pro-\">Quel est le montant de l&rsquo;aide pour les lyc\u00e9es pro ?<\/h2>\n<p>Le montant de l&rsquo;allocation d\u00e9pend du nombre de jours effectifs r\u00e9alis\u00e9s pendant la p\u00e9riode de formation de l&rsquo;\u00e9l\u00e8ve, ainsi que du type de formation et du niveau d&rsquo;enseignement. Un forfait journalier<strong>, entre 10 et 20 euros par jour travaill\u00e9 <\/strong>pourra ainsi \u00eatre accord\u00e9 au lyc\u00e9en. Le minist\u00e8re de l&rsquo;Education nationale pr\u00e9cise que <em>\u00ab\u00a0l&rsquo;assiduit\u00e9 de l&rsquo;\u00e9l\u00e8ve sera prise en compte en entreprise et \u00e0 l&rsquo;\u00e9cole\u00a0\u00bb,<\/em> lors du versement de cette allocation.<\/p>\n<p><lt-toolbar contenteditable=\"false\" data-lt-adjust-appearance=\"true\" data-lt-force-appearance=\"light\" style=\"display: none;\"><lt-div class=\"lt-toolbar__wrapper\" style=\"left: 968px; position: absolute !important; top: 104px !important; bottom: auto !important; z-index: 1;\"><lt-div class=\"lt-toolbar__status-icon lt-toolbar__status-icon--has-no-errors\" title=\"\"\/><lt-div class=\"lt-toolbar__premium-icon-dot lt-toolbar__premium-icon-dot--has-notification\"\/><\/lt-div><\/lt-toolbar><\/p><\/div>\n<p>[ad_2]<br \/>\n<br \/><a href=\"https:\/\/www.journaldesfemmes.fr\/maman\/guide-droits-et-demarches\/2943111-allocation-lycee-professionnel\/\">Source link <\/a><\/p>\n","protected":false},"excerpt":{"rendered":"<p>[ad_1] Une aide financi\u00e8re sera accord\u00e9e aux lyc\u00e9es professionnels d\u00e8s le 1er janvier 2024\u00a0pour soutenir les jeunes durant leur formation &hellip; <a href=\"http:\/\/www.affinite.fr\/index.php\/2023\/08\/21\/quels-eleves-en-lycee-professionnel-peuvent-toucher-une-allocation\/\" class=\"more-link\">Plus <span class=\"screen-reader-text\">Quels \u00e9l\u00e8ves en lyc\u00e9e professionnel peuvent toucher une allocation\u00a0?<\/span> <span class=\"meta-nav\">&rarr;<\/span><\/a><\/p>\n","protected":false},"author":1,"featured_media":9445,"comment_status":"","ping_status":"open","sticky":false,"template":"","format":"standard","meta":{"_sitemap_exclude":false,"_sitemap_priority":"","_sitemap_frequency":"","footnotes":""},"categories":[1],"tags":[],"class_list":["post-9444","post","type-post","status-publish","format-standard","has-post-thumbnail","hentry","category-tous"],"_links":{"self":[{"href":"http:\/\/www.affinite.fr\/index.php\/wp-json\/wp\/v2\/posts\/9444"}],"collection":[{"href":"http:\/\/www.affinite.fr\/index.php\/wp-json\/wp\/v2\/posts"}],"about":[{"href":"http:\/\/www.affinite.fr\/index.php\/wp-json\/wp\/v2\/types\/post"}],"author":[{"embeddable":true,"href":"http:\/\/www.affinite.fr\/index.php\/wp-json\/wp\/v2\/users\/1"}],"replies":[{"embeddable":true,"href":"http:\/\/www.affinite.fr\/index.php\/wp-json\/wp\/v2\/comments?post=9444"}],"version-history":[{"count":0,"href":"http:\/\/www.affinite.fr\/index.php\/wp-json\/wp\/v2\/posts\/9444\/revisions"}],"wp:featuredmedia":[{"embeddable":true,"href":"http:\/\/www.affinite.fr\/index.php\/wp-json\/wp\/v2\/media\/9445"}],"wp:attachment":[{"href":"http:\/\/www.affinite.fr\/index.php\/wp-json\/wp\/v2\/media?parent=9444"}],"wp:term":[{"taxonomy":"category","embeddable":true,"href":"http:\/\/www.affinite.fr\/index.php\/wp-json\/wp\/v2\/categories?post=9444"},{"taxonomy":"post_tag","embeddable":true,"href":"http:\/\/www.affinite.fr\/index.php\/wp-json\/wp\/v2\/tags?post=9444"}],"curies":[{"name":"wp","href":"https:\/\/api.w.org\/{rel}","templated":true}]}}